{"id":1000,"date":"2025-09-18T07:51:14","date_gmt":"2025-09-18T10:51:14","guid":{"rendered":"https:\/\/startrico.com.br\/noticias\/copom-afasta-corte-de\/"},"modified":"2025-09-18T07:51:14","modified_gmt":"2025-09-18T10:51:14","slug":"copom-afasta-corte-de","status":"publish","type":"post","link":"https:\/\/startrico.com.br\/noticias\/copom-afasta-corte-de\/","title":{"rendered":"Copom Afasta Corte De Juros Com Comunicado R\u00edgido E Cauteloso"},"content":{"rendered":"<h2>Copom Afasta Possibilidade de Redu\u00e7\u00e3o dos Juros em Comunicado R\u00edgido e Precavido<\/h2>\n<p>A economista-chefe do Banco Inter, Rafaela Vit\u00f3ria, avaliou que o comunicado divulgado pelo Comit\u00ea de Pol\u00edtica Monet\u00e1ria (Copom), ap\u00f3s a decis\u00e3o de manter a Selic em 15%, n\u00e3o trouxe men\u00e7\u00e3o a melhorias no cen\u00e1rio econ\u00f4mico. Para ela, o tom duro e cauteloso demonstra a inten\u00e7\u00e3o do comit\u00ea de evitar debates sobre poss\u00edvel corte dos juros.<\/p>\n<p>O documento divulgado pelo Copom justifica a manuten\u00e7\u00e3o da taxa no n\u00edvel mais alto em quase duas d\u00e9cadas, devido ao car\u00e1ter contracionista da pol\u00edtica monet\u00e1ria vigente, diante da persistente press\u00e3o inflacion\u00e1ria no Brasil e incertezas no cen\u00e1rio global.<\/p>\n<h3>An\u00e1lise sobre o comunicado do Copom<\/h3>\n<p>Rafaela Vit\u00f3ria qualificou o comunicado como uma repeti\u00e7\u00e3o do divulgado em julho, destacando a aus\u00eancia de refer\u00eancias \u00e0s condi\u00e7\u00f5es externas que melhoraram, como o recente corte de 0,25 ponto percentual da taxa b\u00e1sica de juros pelos Estados Unidos promovido pelo Federal Reserve (Fed), implementado no mesmo dia do an\u00fancio.<\/p>\n<p>Segundo a economista, embora exista um ambiente externo que poderia favorecer a redu\u00e7\u00e3o da infla\u00e7\u00e3o, especialmente em segmentos como alimentos e bens industriais, tal fator n\u00e3o foi considerado pelo Banco Central em sua avalia\u00e7\u00e3o recente.<\/p>\n<h3>Perspectivas de ajustes futuros na Selic<\/h3>\n<p>O comunicado menciona que a taxa pode sofrer ajustes tanto para cima quanto para baixo, dependendo das necessidades futuras, mas n\u00e3o indica mudan\u00e7as imediatas. Vit\u00f3ria destaca que, embora o cen\u00e1rio tenha melhorado, n\u00e3o h\u00e1 sinais claros de revis\u00e3o da pol\u00edtica monet\u00e1ria neste momento.<\/p>\n<h3>Motiva\u00e7\u00e3o do tom mais r\u00edgido<\/h3>\n<p>O tom mais inflex\u00edvel adotado pelo Copom \u00e9 reflexo da preocupa\u00e7\u00e3o com expectativas inflacion\u00e1rias ainda n\u00e3o ancoradas e proje\u00e7\u00f5es elevadas para a infla\u00e7\u00e3o em 2026. Enquanto o mercado prev\u00ea uma infla\u00e7\u00e3o pr\u00f3xima de 4,3%, o pr\u00f3prio comit\u00ea projeta um \u00edndice menor, de 3,6%, o que gera diverg\u00eancia que afeta as decis\u00f5es da pol\u00edtica monet\u00e1ria. Al\u00e9m disso, o risco fiscal permanece um fator de press\u00e3o inflacion\u00e1ria, especialmente ao sustentar o consumo.<\/p>\n<h3>Risco tarif\u00e1rio e seus impactos<\/h3>\n<p>Em rela\u00e7\u00e3o ao risco tarif\u00e1rio, Vit\u00f3ria apontou que ele tende a exercer um efeito deflacion\u00e1rio sobre a economia brasileira. J\u00e1 o risco fiscal influencia a infla\u00e7\u00e3o pelo lado da demanda, podendo manter a alta do consumo e, assim, a resist\u00eancia inflacion\u00e1ria.<\/p>\n<h3>Impactos para o curto prazo e expectativas de cortes dos juros<\/h3>\n<p>Para o curto prazo, a economista acredita que o comunicado tira espa\u00e7o para cortes da Selic em dezembro, embora mantenha a expectativa de in\u00edcio dos cortes para o pr\u00f3ximo ano. A d\u00favida permanece sobre o momento exato desse ajuste \u2013 se ocorrer\u00e1 em dezembro ou ser\u00e1 postergado para janeiro.<\/p>\n<p>Vit\u00f3ria interpreta o tom cauteloso do Copom como uma forma de preservar a credibilidade diante de um cen\u00e1rio ainda desafiador, marcado por infla\u00e7\u00e3o elevada e mercado de trabalho aquecido.<\/p>\n<h3>Riscos externos<\/h3>\n<p>A volatilidade e a avers\u00e3o ao risco por parte dos investidores, principalmente em pa\u00edses emergentes, s\u00e3o os principais riscos externos destacados. A economista ressaltou que, apesar das tarifas elevadas, a infla\u00e7\u00e3o norte-americana n\u00e3o tem pressionado significativamente, evidenciado pelo recente corte de juros do Fed. No \u00e2mbito global, as tarifas t\u00eam apresentado efeito deflacion\u00e1rio, com o mercado de commodities estabilizado, sem press\u00f5es inflacion\u00e1rias adicionais.<\/p>\n<h3>Juros e restri\u00e7\u00e3o monet\u00e1ria<\/h3>\n<p>O patamar atual da taxa Selic, com um juro real pr\u00f3ximo a 10%, \u00e9 considerado bastante restritivo, embora o impacto sobre a atividade econ\u00f4mica ainda n\u00e3o esteja claro. O Banco Central reconhece que alguns canais de transmiss\u00e3o da pol\u00edtica monet\u00e1ria est\u00e3o comprometidos, o que pode limitar a efetividade da taxa como mecanismo para frear o crescimento. No entanto, historicamente, essa taxa real \u00e9 muito elevada para os padr\u00f5es brasileiros.<\/p>\n<h3>Influ\u00eancia dos cortes de juros nos EUA sobre a Selic<\/h3>\n<p>O corte na taxa b\u00e1sica dos Estados Unidos pode refletir na pol\u00edtica monet\u00e1ria brasileira, principalmente por meio do c\u00e2mbio. Com o d\u00f3lar comercial pr\u00f3ximo de R$ 5,30, cen\u00e1rios favor\u00e1veis podem surgir para a infla\u00e7\u00e3o, abrindo espa\u00e7o para a discuss\u00e3o de cortes na Selic ainda em dezembro. Caso n\u00e3o haja surpresas positivas para os \u00edndices inflacion\u00e1rios, a redu\u00e7\u00e3o tende a ser adiada para janeiro. Esses poss\u00edveis avan\u00e7os estariam associados \u00e0 desacelera\u00e7\u00e3o da atividade econ\u00f4mica e do cr\u00e9dito, ainda que n\u00e3o sejam esperadas quedas abruptas.<\/p>\n<h3>Contradi\u00e7\u00f5es nas proje\u00e7\u00f5es do Banco Central<\/h3>\n<p>Vit\u00f3ria aponta uma curiosidade observada no modelo do Banco Central, que alterou a previs\u00e3o do c\u00e2mbio de R$ 5,55 para R$ 5,40, mais favor\u00e1vel, mas manteve a proje\u00e7\u00e3o do IPCA em 3,6%. Ela sugere que efeitos contradit\u00f3rios possam ter se anulado no c\u00e1lculo, e que mais esclarecimentos s\u00f3 dever\u00e3o surgir com a publica\u00e7\u00e3o da ata da reuni\u00e3o.<\/p>\n<p><a href=\"https:\/\/forbes.com.br\/manchete-1\/2025\/09\/copom-descarta-discussao-de-corte-de-juros-com-comunicado-duro-e-cauteloso\/\" target=\"_blank\" rel=\"noopener\">Fonte<\/a><\/p>\n","protected":false},"excerpt":{"rendered":"<p>Copom Afasta Corte De Juros em comunicado que mant\u00e9m taxa Selic em 15%, adotando tom duro e cauteloso diante da infla\u00e7\u00e3o persistente e incertezas globais. A decis\u00e3o refor\u00e7a a cautela do Banco Central, afastando discuss\u00f5es imediatas sobre redu\u00e7\u00e3o dos juros, apesar das condi\u00e7\u00f5es externas favor\u00e1veis. A estrat\u00e9gia visa preservar a credibilidade frente aos desafios econ\u00f4micos atuais.<\/p>\n","protected":false},"author":1,"featured_media":999,"comment_status":"open","ping_status":"open","sticky":false,"template":"","format":"standard","meta":{"site-sidebar-layout":"default","site-content-layout":"","ast-site-content-layout":"default","site-content-style":"default","site-sidebar-style":"default","ast-global-header-display":"","ast-banner-title-visibility":"","ast-main-header-display":"","ast-hfb-above-header-display":"","ast-hfb-below-header-display":"","ast-hfb-mobile-header-display":"","site-post-title":"","ast-breadcrumbs-content":"","ast-featured-img":"","footer-sml-layout":"","theme-transparent-header-meta":"","adv-header-id-meta":"","stick-header-meta":"","header-above-stick-meta":"","header-main-stick-meta":"","header-below-stick-meta":"","astra-migrate-meta-layouts":"default","ast-page-background-enabled":"default","ast-page-background-meta":{"desktop":{"background-color":"var(--ast-global-color-5)","background-image":"","background-repeat":"repeat","background-position":"center center","background-size":"auto","background-attachment":"scroll","background-type":"","background-media":"","overlay-type":"","overlay-color":"","overlay-opacity":"","overlay-gradient":""},"tablet":{"background-color":"","background-image":"","background-repeat":"repeat","background-position":"center center","background-size":"auto","background-attachment":"scroll","background-type":"","background-media":"","overlay-type":"","overlay-color":"","overlay-opacity":"","overlay-gradient":""},"mobile":{"background-color":"","background-image":"","background-repeat":"repeat","background-position":"center center","background-size":"auto","background-attachment":"scroll","background-type":"","background-media":"","overlay-type":"","overlay-color":"","overlay-opacity":"","overlay-gradient":""}},"ast-content-background-meta":{"desktop":{"background-color":"var(--ast-global-color-4)","background-image":"","background-repeat":"repeat","background-position":"center center","background-size":"auto","background-attachment":"scroll","background-type":"","background-media":"","overlay-type":"","overlay-color":"","overlay-opacity":"","overlay-gradient":""},"tablet":{"background-color":"var(--ast-global-color-4)","background-image":"","background-repeat":"repeat","background-position":"center center","background-size":"auto","background-attachment":"scroll","background-type":"","background-media":"","overlay-type":"","overlay-color":"","overlay-opacity":"","overlay-gradient":""},"mobile":{"background-color":"var(--ast-global-color-4)","background-image":"","background-repeat":"repeat","background-position":"center center","background-size":"auto","background-attachment":"scroll","background-type":"","background-media":"","overlay-type":"","overlay-color":"","overlay-opacity":"","overlay-gradient":""}},"footnotes":""},"categories":[1],"tags":[],"class_list":["post-1000","post","type-post","status-publish","format-standard","has-post-thumbnail","hentry","category-ultimas"],"_links":{"self":[{"href":"https:\/\/startrico.com.br\/noticias\/wp-json\/wp\/v2\/posts\/1000","targetHints":{"allow":["GET"]}}],"collection":[{"href":"https:\/\/startrico.com.br\/noticias\/wp-json\/wp\/v2\/posts"}],"about":[{"href":"https:\/\/startrico.com.br\/noticias\/wp-json\/wp\/v2\/types\/post"}],"author":[{"embeddable":true,"href":"https:\/\/startrico.com.br\/noticias\/wp-json\/wp\/v2\/users\/1"}],"replies":[{"embeddable":true,"href":"https:\/\/startrico.com.br\/noticias\/wp-json\/wp\/v2\/comments?post=1000"}],"version-history":[{"count":0,"href":"https:\/\/startrico.com.br\/noticias\/wp-json\/wp\/v2\/posts\/1000\/revisions"}],"wp:featuredmedia":[{"embeddable":true,"href":"https:\/\/startrico.com.br\/noticias\/wp-json\/wp\/v2\/media\/999"}],"wp:attachment":[{"href":"https:\/\/startrico.com.br\/noticias\/wp-json\/wp\/v2\/media?parent=1000"}],"wp:term":[{"taxonomy":"category","embeddable":true,"href":"https:\/\/startrico.com.br\/noticias\/wp-json\/wp\/v2\/categories?post=1000"},{"taxonomy":"post_tag","embeddable":true,"href":"https:\/\/startrico.com.br\/noticias\/wp-json\/wp\/v2\/tags?post=1000"}],"curies":[{"name":"wp","href":"https:\/\/api.w.org\/{rel}","templated":true}]}}