{"id":1002,"date":"2025-09-18T07:56:24","date_gmt":"2025-09-18T10:56:24","guid":{"rendered":"https:\/\/startrico.com.br\/noticias\/ciclo-de-corte-de\/"},"modified":"2025-09-18T07:56:24","modified_gmt":"2025-09-18T10:56:24","slug":"ciclo-de-corte-de","status":"publish","type":"post","link":"https:\/\/startrico.com.br\/noticias\/ciclo-de-corte-de\/","title":{"rendered":"Ciclo De Corte De Juros Mantido Para In\u00edcio Com A Decis\u00e3o Do Copom"},"content":{"rendered":"<h2>Decis\u00e3o do Copom refor\u00e7a previs\u00e3o de in\u00edcio do ciclo de redu\u00e7\u00e3o de juros somente em 2026<\/h2>\n<p>A \u00faltima decis\u00e3o do Comit\u00ea de Pol\u00edtica Monet\u00e1ria (Copom) em manter a taxa b\u00e1sica de juros em 15% ao ano confirma a expectativa de que os cortes na Selic devem come\u00e7ar apenas no ano de 2026, afirmam economistas consultados. O Banco Central manteve a mesma linha de comunica\u00e7\u00e3o adotada na reuni\u00e3o anterior, sem indicar abertura para acelerar a redu\u00e7\u00e3o dos juros no curto prazo.<\/p>\n<p>De acordo com Rafaela Vitoria, economista-chefe do banco Inter, o tom do Copom segue firme, sem demonstrar espa\u00e7o para discuss\u00e3o acerca de cortes iminentes, mesmo diante da melhora no cen\u00e1rio externo, como a diminui\u00e7\u00e3o das taxas de juros pelo Federal Reserve (Fed) e a valoriza\u00e7\u00e3o recente do c\u00e2mbio.<\/p>\n<p>A especialista acrescenta que o Comit\u00ea avaliou que o mercado de trabalho continua aquecido, enquanto a economia exibe uma desacelera\u00e7\u00e3o moderada do crescimento, com indicadores oficiais recentes apontando para a menor taxa de desemprego j\u00e1 registrada no Brasil e um Produto Interno Bruto (PIB) do segundo trimestre com ritmo de crescimento menor em compara\u00e7\u00e3o aos meses anteriores.<\/p>\n<p>Cesse cen\u00e1rio sugere que o Copom manter\u00e1 o atual n\u00edvel da Selic por mais tempo, priorizando a estabilidade da infla\u00e7\u00e3o antes de iniciar a redu\u00e7\u00e3o da taxa b\u00e1sica de juros. A previs\u00e3o de que cortes efetivos acontecer\u00e3o somente a partir de 2026 ganha for\u00e7a, em meio \u00e0s condi\u00e7\u00f5es econ\u00f4micas observadas.<\/p>\n<p>Rafael Cardoso, economista-chefe do Banco Daycoval, refor\u00e7a que o Banco Central adotou um perfil conservador na sua comunica\u00e7\u00e3o, reconhecendo sutilmente a melhoria do ambiente econ\u00f4mico, por\u00e9m sem abandonar a postura cautelosa. Para ele, o BC sinalizou que manter\u00e1 a pol\u00edtica de juros em um patamar contracionista por um per\u00edodo estendido, disposto a retomar a\u00e7\u00f5es de ajuste caso seja necess\u00e1rio.<\/p>\n<p>Segundo Cardoso, o comunicado emitido n\u00e3o altera a previs\u00e3o interna do banco, que projeta o in\u00edcio do ciclo de cortes para o come\u00e7o de 2026, possivelmente em janeiro. Ele tamb\u00e9m observa que o Fed j\u00e1 ter iniciado a revers\u00e3o do ciclo de alta de juros pode auxiliar o Banco Central brasileiro a alcan\u00e7ar um patamar inflacion\u00e1rio mais confort\u00e1vel, ainda que o impacto seja parcialmente limitado pelo foco do Fed em itens vol\u00e1teis da economia.<\/p>\n<h3>Revis\u00f5es sutis na comunica\u00e7\u00e3o do Banco Central<\/h3>\n<p>Um relat\u00f3rio da Warren Rena identificou pequenos ajustes na mensagem do Banco Central, em que foi retirada a refer\u00eancia a uma poss\u00edvel &#8220;continua\u00e7\u00e3o da interrup\u00e7\u00e3o&#8221; do ciclo de aperto monet\u00e1rio. O Banco Central agora assume que o ciclo de alta das taxas deve ter chegado ao fim, mas mant\u00e9m a avalia\u00e7\u00e3o de que ser\u00e1 necess\u00e1rio observar se a manuten\u00e7\u00e3o atual por tempo prolongado ser\u00e1 suficiente para garantir a converg\u00eancia da infla\u00e7\u00e3o.<\/p>\n<p>Os economistas do relat\u00f3rio destacam que o comunicado reduz a expectativa de cortes na Selic ainda em 2025, especialmente pela manuten\u00e7\u00e3o do trecho que indica que o Copom n\u00e3o hesitar\u00e1 em retomar a pol\u00edtica de ajustes caso considere necess\u00e1rio.<\/p>\n<h3>Contexto econ\u00f4mico atual<\/h3>\n<p>O cen\u00e1rio econ\u00f4mico dom\u00e9stico mostra o mercado de trabalho aquecido, com a taxa de desemprego alcan\u00e7ando n\u00edveis hist\u00f3ricos baixos. Por outro lado, o crescimento econ\u00f4mico tem desacelerado, conforme indicam os dados do PIB do segundo trimestre. Esses fatores, combinados com o ambiente externo, orientam a postura conservadora do Banco Central em rela\u00e7\u00e3o \u00e0 pol\u00edtica monet\u00e1ria.<\/p>\n<p>A continuidade da taxa Selic em patamar elevado busca controlar as expectativas inflacion\u00e1rias e assegurar a estabilidade de pre\u00e7os, evitando press\u00f5es prematuras para redu\u00e7\u00e3o dos juros que poderiam desalinhar o combate \u00e0 infla\u00e7\u00e3o.<\/p>\n<p><a href=\"https:\/\/exame.com\/economia\/decisao-do-copom-reforca-que-ciclo-de-corte-de-juros-so-deve-comecar-em-2026\/\" target=\"_blank\" rel=\"noopener\">Fonte<\/a><\/p>\n","protected":false},"excerpt":{"rendered":"<p>O ciclo de corte de juros foi reafirmado pelo Copom ao manter a taxa Selic em 15%, evidenciando que os ajustes s\u00f3 ocorrer\u00e3o em 2026. Essa postura cautelosa prioriza o controle da infla\u00e7\u00e3o e a estabilidade econ\u00f4mica frente a um mercado de trabalho forte e desacelera\u00e7\u00e3o do crescimento econ\u00f4mico.<\/p>\n","protected":false},"author":1,"featured_media":1001,"comment_status":"open","ping_status":"open","sticky":false,"template":"","format":"standard","meta":{"site-sidebar-layout":"default","site-content-layout":"","ast-site-content-layout":"default","site-content-style":"default","site-sidebar-style":"default","ast-global-header-display":"","ast-banner-title-visibility":"","ast-main-header-display":"","ast-hfb-above-header-display":"","ast-hfb-below-header-display":"","ast-hfb-mobile-header-display":"","site-post-title":"","ast-breadcrumbs-content":"","ast-featured-img":"","footer-sml-layout":"","theme-transparent-header-meta":"","adv-header-id-meta":"","stick-header-meta":"","header-above-stick-meta":"","header-main-stick-meta":"","header-below-stick-meta":"","astra-migrate-meta-layouts":"default","ast-page-background-enabled":"default","ast-page-background-meta":{"desktop":{"background-color":"var(--ast-global-color-5)","background-image":"","background-repeat":"repeat","background-position":"center center","background-size":"auto","background-attachment":"scroll","background-type":"","background-media":"","overlay-type":"","overlay-color":"","overlay-opacity":"","overlay-gradient":""},"tablet":{"background-color":"","background-image":"","background-repeat":"repeat","background-position":"center center","background-size":"auto","background-attachment":"scroll","background-type":"","background-media":"","overlay-type":"","overlay-color":"","overlay-opacity":"","overlay-gradient":""},"mobile":{"background-color":"","background-image":"","background-repeat":"repeat","background-position":"center center","background-size":"auto","background-attachment":"scroll","background-type":"","background-media":"","overlay-type":"","overlay-color":"","overlay-opacity":"","overlay-gradient":""}},"ast-content-background-meta":{"desktop":{"background-color":"var(--ast-global-color-4)","background-image":"","background-repeat":"repeat","background-position":"center center","background-size":"auto","background-attachment":"scroll","background-type":"","background-media":"","overlay-type":"","overlay-color":"","overlay-opacity":"","overlay-gradient":""},"tablet":{"background-color":"var(--ast-global-color-4)","background-image":"","background-repeat":"repeat","background-position":"center center","background-size":"auto","background-attachment":"scroll","background-type":"","background-media":"","overlay-type":"","overlay-color":"","overlay-opacity":"","overlay-gradient":""},"mobile":{"background-color":"var(--ast-global-color-4)","background-image":"","background-repeat":"repeat","background-position":"center center","background-size":"auto","background-attachment":"scroll","background-type":"","background-media":"","overlay-type":"","overlay-color":"","overlay-opacity":"","overlay-gradient":""}},"footnotes":""},"categories":[1],"tags":[],"class_list":["post-1002","post","type-post","status-publish","format-standard","has-post-thumbnail","hentry","category-ultimas"],"_links":{"self":[{"href":"https:\/\/startrico.com.br\/noticias\/wp-json\/wp\/v2\/posts\/1002","targetHints":{"allow":["GET"]}}],"collection":[{"href":"https:\/\/startrico.com.br\/noticias\/wp-json\/wp\/v2\/posts"}],"about":[{"href":"https:\/\/startrico.com.br\/noticias\/wp-json\/wp\/v2\/types\/post"}],"author":[{"embeddable":true,"href":"https:\/\/startrico.com.br\/noticias\/wp-json\/wp\/v2\/users\/1"}],"replies":[{"embeddable":true,"href":"https:\/\/startrico.com.br\/noticias\/wp-json\/wp\/v2\/comments?post=1002"}],"version-history":[{"count":0,"href":"https:\/\/startrico.com.br\/noticias\/wp-json\/wp\/v2\/posts\/1002\/revisions"}],"wp:featuredmedia":[{"embeddable":true,"href":"https:\/\/startrico.com.br\/noticias\/wp-json\/wp\/v2\/media\/1001"}],"wp:attachment":[{"href":"https:\/\/startrico.com.br\/noticias\/wp-json\/wp\/v2\/media?parent=1002"}],"wp:term":[{"taxonomy":"category","embeddable":true,"href":"https:\/\/startrico.com.br\/noticias\/wp-json\/wp\/v2\/categories?post=1002"},{"taxonomy":"post_tag","embeddable":true,"href":"https:\/\/startrico.com.br\/noticias\/wp-json\/wp\/v2\/tags?post=1002"}],"curies":[{"name":"wp","href":"https:\/\/api.w.org\/{rel}","templated":true}]}}