{"id":1024,"date":"2025-09-19T07:55:56","date_gmt":"2025-09-19T10:55:56","guid":{"rendered":"https:\/\/startrico.com.br\/noticias\/desemprego-na-argentina-cai\/"},"modified":"2025-09-19T07:55:56","modified_gmt":"2025-09-19T10:55:56","slug":"desemprego-na-argentina-cai","status":"publish","type":"post","link":"https:\/\/startrico.com.br\/noticias\/desemprego-na-argentina-cai\/","title":{"rendered":"Desemprego Na Argentina Cai Mesmo Em Meio \u00c0 Crise Cambial"},"content":{"rendered":"<h2>Desemprego na Argentina diminui em meio \u00e0 crise cambial e traz al\u00edvio para economia e governo de Milei<\/h2>\n<p>A taxa de desemprego na Argentina apresentou queda no segundo trimestre, mesmo diante de uma ligeira retra\u00e7\u00e3o da atividade econ\u00f4mica geral. Essa redu\u00e7\u00e3o oferece um respiro para os trabalhadores e para o presidente Javier Milei, que enfrenta uma s\u00e9rie de desafios crescentes.<\/p>\n<p>Segundo dados oficiais divulgados nesta quinta-feira, o desemprego no mercado formal argentino recuou para 7,6% entre abril e junho, em compara\u00e7\u00e3o aos 7,9% registrados no trimestre anterior. Embora o \u00edndice tenha permanecido est\u00e1vel em rela\u00e7\u00e3o ao ano anterior, o Produto Interno Bruto (PIB) do pa\u00eds contraiu-se no trimestre, contrariando a expectativa de um leve crescimento feita por analistas.<\/p>\n<h3>Empregos formais e informais no mercado de trabalho<\/h3>\n<p>Apesar da melhora no desemprego formal, o mercado argentino mostra uma crescente informalidade. Foram criados 178 mil empregos informais no segundo trimestre, enquanto apenas 45 mil vagas formais foram adicionadas, revelando um desequil\u00edbrio preocupante na composi\u00e7\u00e3o do emprego.<\/p>\n<h3>Impacto pol\u00edtico e desafio cambial para Milei<\/h3>\n<p>Essa queda no desemprego pode ser uma not\u00edcia positiva para o presidente Milei, sobretudo a menos de um m\u00eas das elei\u00e7\u00f5es de meio de mandato, nas quais busca ampliar sua influ\u00eancia no congresso para avan\u00e7ar com reformas econ\u00f4micas pr\u00f3-mercado. No entanto, Milei sofre com crescente desaprova\u00e7\u00e3o, que atingiu um novo \u00e1pice em setembro ap\u00f3s seu partido sofrer uma derrota significativa na prov\u00edncia de Buenos Aires.<\/p>\n<p>Os mercados responderam negativamente a essa perda pol\u00edtica, resultando em um movimento de venda de t\u00edtulos argentinos e da moeda local. A situa\u00e7\u00e3o agravou-se na quarta-feira, quando o Banco Central precisou intervir no mercado cambial para defender o peso, que atingiu o limite superior da faixa de c\u00e2mbio estipulada pelo governo no acordo de US$ 20 bilh\u00f5es com o Fundo Monet\u00e1rio Internacional (FMI).<\/p>\n<p>Na quinta-feira, nova a\u00e7\u00e3o do Banco Central injetou US$ 379 milh\u00f5es para conter a valoriza\u00e7\u00e3o do d\u00f3lar, totalizando US$ 432 milh\u00f5es em dois dias de interven\u00e7\u00f5es. Estimativas indicam que as reservas l\u00edquidas do Banco Central da Argentina estejam atualmente em torno de US$ 6 bilh\u00f5es.<\/p>\n<h3>Mercado de trabalho ainda enfrenta consequ\u00eancias das medidas de austeridade<\/h3>\n<p>Embora o desemprego tenha diminu\u00eddo, o mercado formal de trabalho privado ainda n\u00e3o se recuperou das perdas sofridas com as duras medidas de austeridade adotadas no in\u00edcio do governo Milei. Dados trabalhistas indicam que o setor ainda tem cerca de 101 mil empregos a menos \u2014 o que representa aproximadamente 2% do total \u2014 desde que o presidente assumiu.<\/p>\n<p>Setores como manufatura e constru\u00e7\u00e3o s\u00e3o os mais impactados, apresentando as maiores redu\u00e7\u00f5es em vagas formais, conforme informa\u00e7\u00f5es oficiais at\u00e9 junho.<\/p>\n<h3>Deteriora\u00e7\u00e3o econ\u00f4mica e efeitos sobre a popularidade do presidente<\/h3>\n<p>A necessidade de interven\u00e7\u00e3o no mercado cambial representa mais um rev\u00e9s para Javier Milei, que vive um decl\u00ednio na aprova\u00e7\u00e3o popular e enfrenta indicadores econ\u00f4micos desfavor\u00e1veis, como a retra\u00e7\u00e3o de 0,1% do PIB no \u00faltimo trimestre, divulgada recentemente.<\/p>\n<p><a href=\"https:\/\/exame.com\/economia\/em-meio-a-crise-no-cambio-desemprego-na-argentina-cai-e-da-alivio-para-a-economia-e-para-milei\/\" target=\"_blank\" rel=\"noopener\">Fonte<\/a><\/p>\n","protected":false},"excerpt":{"rendered":"<p>Desemprego na Argentina diminui no segundo trimestre mesmo com a crise cambial e retra\u00e7\u00e3o do PIB, proporcionando um al\u00edvio importante para a economia e o governo de Javier Milei. Apesar da queda no desemprego formal, o mercado enfrenta aumento da informalidade e desafios econ\u00f4micos persistentes.<\/p>\n","protected":false},"author":1,"featured_media":1023,"comment_status":"open","ping_status":"open","sticky":false,"template":"","format":"standard","meta":{"site-sidebar-layout":"default","site-content-layout":"","ast-site-content-layout":"default","site-content-style":"default","site-sidebar-style":"default","ast-global-header-display":"","ast-banner-title-visibility":"","ast-main-header-display":"","ast-hfb-above-header-display":"","ast-hfb-below-header-display":"","ast-hfb-mobile-header-display":"","site-post-title":"","ast-breadcrumbs-content":"","ast-featured-img":"","footer-sml-layout":"","theme-transparent-header-meta":"","adv-header-id-meta":"","stick-header-meta":"","header-above-stick-meta":"","header-main-stick-meta":"","header-below-stick-meta":"","astra-migrate-meta-layouts":"default","ast-page-background-enabled":"default","ast-page-background-meta":{"desktop":{"background-color":"var(--ast-global-color-5)","background-image":"","background-repeat":"repeat","background-position":"center center","background-size":"auto","background-attachment":"scroll","background-type":"","background-media":"","overlay-type":"","overlay-color":"","overlay-opacity":"","overlay-gradient":""},"tablet":{"background-color":"","background-image":"","background-repeat":"repeat","background-position":"center center","background-size":"auto","background-attachment":"scroll","background-type":"","background-media":"","overlay-type":"","overlay-color":"","overlay-opacity":"","overlay-gradient":""},"mobile":{"background-color":"","background-image":"","background-repeat":"repeat","background-position":"center center","background-size":"auto","background-attachment":"scroll","background-type":"","background-media":"","overlay-type":"","overlay-color":"","overlay-opacity":"","overlay-gradient":""}},"ast-content-background-meta":{"desktop":{"background-color":"var(--ast-global-color-4)","background-image":"","background-repeat":"repeat","background-position":"center center","background-size":"auto","background-attachment":"scroll","background-type":"","background-media":"","overlay-type":"","overlay-color":"","overlay-opacity":"","overlay-gradient":""},"tablet":{"background-color":"var(--ast-global-color-4)","background-image":"","background-repeat":"repeat","background-position":"center center","background-size":"auto","background-attachment":"scroll","background-type":"","background-media":"","overlay-type":"","overlay-color":"","overlay-opacity":"","overlay-gradient":""},"mobile":{"background-color":"var(--ast-global-color-4)","background-image":"","background-repeat":"repeat","background-position":"center center","background-size":"auto","background-attachment":"scroll","background-type":"","background-media":"","overlay-type":"","overlay-color":"","overlay-opacity":"","overlay-gradient":""}},"footnotes":""},"categories":[1],"tags":[],"class_list":["post-1024","post","type-post","status-publish","format-standard","has-post-thumbnail","hentry","category-ultimas"],"_links":{"self":[{"href":"https:\/\/startrico.com.br\/noticias\/wp-json\/wp\/v2\/posts\/1024","targetHints":{"allow":["GET"]}}],"collection":[{"href":"https:\/\/startrico.com.br\/noticias\/wp-json\/wp\/v2\/posts"}],"about":[{"href":"https:\/\/startrico.com.br\/noticias\/wp-json\/wp\/v2\/types\/post"}],"author":[{"embeddable":true,"href":"https:\/\/startrico.com.br\/noticias\/wp-json\/wp\/v2\/users\/1"}],"replies":[{"embeddable":true,"href":"https:\/\/startrico.com.br\/noticias\/wp-json\/wp\/v2\/comments?post=1024"}],"version-history":[{"count":0,"href":"https:\/\/startrico.com.br\/noticias\/wp-json\/wp\/v2\/posts\/1024\/revisions"}],"wp:featuredmedia":[{"embeddable":true,"href":"https:\/\/startrico.com.br\/noticias\/wp-json\/wp\/v2\/media\/1023"}],"wp:attachment":[{"href":"https:\/\/startrico.com.br\/noticias\/wp-json\/wp\/v2\/media?parent=1024"}],"wp:term":[{"taxonomy":"category","embeddable":true,"href":"https:\/\/startrico.com.br\/noticias\/wp-json\/wp\/v2\/categories?post=1024"},{"taxonomy":"post_tag","embeddable":true,"href":"https:\/\/startrico.com.br\/noticias\/wp-json\/wp\/v2\/tags?post=1024"}],"curies":[{"name":"wp","href":"https:\/\/api.w.org\/{rel}","templated":true}]}}