{"id":1036,"date":"2025-09-20T07:15:33","date_gmt":"2025-09-20T10:15:33","guid":{"rendered":"https:\/\/startrico.com.br\/noticias\/cemig-homologa-acordo-trabalhista\/"},"modified":"2025-09-20T07:15:33","modified_gmt":"2025-09-20T10:15:33","slug":"cemig-homologa-acordo-trabalhista","status":"publish","type":"post","link":"https:\/\/startrico.com.br\/noticias\/cemig-homologa-acordo-trabalhista\/","title":{"rendered":"Cemig Homologa Acordo Trabalhista Bilion\u00e1rio De R$ 1,25 Com Sindicatos"},"content":{"rendered":"<h2>Cemig oficializa acordo trabalhista de R$ 1,25 bilh\u00e3o<\/h2>\n<p>A Cemig (CMIG4) comunicou na quinta-feira, 19 de setembro de 2025, que firmou a homologa\u00e7\u00e3o de um acordo trabalhista com o sindicato dos eletricit\u00e1rios do Sul de Minas (Sindsul) e a federa\u00e7\u00e3o dos trabalhadores das ind\u00fastrias urbanas de Minas Gerais (FTIUMG).<\/p>\n<p>Esse acordo envolve o pagamento de uma indeniza\u00e7\u00e3o compensat\u00f3ria (buyout) que pode chegar a at\u00e9 R$ 1,25 bilh\u00e3o, distribu\u00edda em seis parcelas, sendo a \u00faltima programada para o ano de 2030.<\/p>\n<p>O montante cobre a totalidade de 15.496 benefici\u00e1rios, incluindo aposentados, pensionistas, titulares e trabalhadores ativos, inscritos no plano de sa\u00fade PSI da Cemig Sa\u00fade, conforme dados de fevereiro de 2025.<\/p>\n<p>A companhia tamb\u00e9m informou que est\u00e1 em negocia\u00e7\u00e3o para estabelecer acordos semelhantes com outros sindicatos.<\/p>\n<h2>Posicionamento do governo estadual em rela\u00e7\u00e3o \u00e0 Cemig<\/h2>\n<p>Segundo um relat\u00f3rio divulgado em julho pelo Ita\u00fa BBA, durante a CEO Conference ocorrida em Nova York, em maio, o governo de Minas Gerais reafirmou seu objetivo de privatizar a Copasa e transformar a Cemig em uma empresa federal, ap\u00f3s sua convers\u00e3o em sociedade an\u00f4nima.<\/p>\n<p>Em encontro com o vice-governador de Minas Gerais, foi detalhada a apresenta\u00e7\u00e3o de 12 projetos de lei e uma emenda constitucional recentemente encaminhados \u00e0 Assembleia Legislativa de Minas Gerais (ALMG). O vice-governador reiterou o interesse do Executivo na transforma\u00e7\u00e3o da Cemig em sociedade por a\u00e7\u00f5es, com a ideia de, posteriormente, realizar a federaliza\u00e7\u00e3o da empresa.<\/p>\n<p><img decoding=\"async\" src=\"https:\/\/www.moneytimes.com.br\/uploads\/2024\/09\/cemig.jpg\" alt=\"Imagem da Cemig\" \/><a href=\"https:\/\/www.moneytimes.com.br\/cemig-homologa-acordo-trabalhista-de-r-125-bilhao-kda\/\" target=\"_blank\" rel=\"noopener\">Fonte<\/a><\/p>\n","protected":false},"excerpt":{"rendered":"<p>Acordo Trabalhista Cemig \u00e9 um marco envolvendo pagamento de R$ 1,25 bilh\u00e3o \u00e0 categoria eletricit\u00e1ria de Minas Gerais. O acordo, homologado com sindicatos, inclui indeniza\u00e7\u00f5es em seis parcelas que abrangem aposentados, pensionistas e trabalhadores ativos, refor\u00e7ando compromisso e estabilidade na empresa.<\/p>\n","protected":false},"author":1,"featured_media":1035,"comment_status":"open","ping_status":"open","sticky":false,"template":"","format":"standard","meta":{"site-sidebar-layout":"default","site-content-layout":"","ast-site-content-layout":"default","site-content-style":"default","site-sidebar-style":"default","ast-global-header-display":"","ast-banner-title-visibility":"","ast-main-header-display":"","ast-hfb-above-header-display":"","ast-hfb-below-header-display":"","ast-hfb-mobile-header-display":"","site-post-title":"","ast-breadcrumbs-content":"","ast-featured-img":"","footer-sml-layout":"","theme-transparent-header-meta":"","adv-header-id-meta":"","stick-header-meta":"","header-above-stick-meta":"","header-main-stick-meta":"","header-below-stick-meta":"","astra-migrate-meta-layouts":"default","ast-page-background-enabled":"default","ast-page-background-meta":{"desktop":{"background-color":"var(--ast-global-color-5)","background-image":"","background-repeat":"repeat","background-position":"center center","background-size":"auto","background-attachment":"scroll","background-type":"","background-media":"","overlay-type":"","overlay-color":"","overlay-opacity":"","overlay-gradient":""},"tablet":{"background-color":"","background-image":"","background-repeat":"repeat","background-position":"center center","background-size":"auto","background-attachment":"scroll","background-type":"","background-media":"","overlay-type":"","overlay-color":"","overlay-opacity":"","overlay-gradient":""},"mobile":{"background-color":"","background-image":"","background-repeat":"repeat","background-position":"center center","background-size":"auto","background-attachment":"scroll","background-type":"","background-media":"","overlay-type":"","overlay-color":"","overlay-opacity":"","overlay-gradient":""}},"ast-content-background-meta":{"desktop":{"background-color":"var(--ast-global-color-4)","background-image":"","background-repeat":"repeat","background-position":"center center","background-size":"auto","background-attachment":"scroll","background-type":"","background-media":"","overlay-type":"","overlay-color":"","overlay-opacity":"","overlay-gradient":""},"tablet":{"background-color":"var(--ast-global-color-4)","background-image":"","background-repeat":"repeat","background-position":"center center","background-size":"auto","background-attachment":"scroll","background-type":"","background-media":"","overlay-type":"","overlay-color":"","overlay-opacity":"","overlay-gradient":""},"mobile":{"background-color":"var(--ast-global-color-4)","background-image":"","background-repeat":"repeat","background-position":"center center","background-size":"auto","background-attachment":"scroll","background-type":"","background-media":"","overlay-type":"","overlay-color":"","overlay-opacity":"","overlay-gradient":""}},"footnotes":""},"categories":[1],"tags":[],"class_list":["post-1036","post","type-post","status-publish","format-standard","has-post-thumbnail","hentry","category-ultimas"],"_links":{"self":[{"href":"https:\/\/startrico.com.br\/noticias\/wp-json\/wp\/v2\/posts\/1036","targetHints":{"allow":["GET"]}}],"collection":[{"href":"https:\/\/startrico.com.br\/noticias\/wp-json\/wp\/v2\/posts"}],"about":[{"href":"https:\/\/startrico.com.br\/noticias\/wp-json\/wp\/v2\/types\/post"}],"author":[{"embeddable":true,"href":"https:\/\/startrico.com.br\/noticias\/wp-json\/wp\/v2\/users\/1"}],"replies":[{"embeddable":true,"href":"https:\/\/startrico.com.br\/noticias\/wp-json\/wp\/v2\/comments?post=1036"}],"version-history":[{"count":0,"href":"https:\/\/startrico.com.br\/noticias\/wp-json\/wp\/v2\/posts\/1036\/revisions"}],"wp:featuredmedia":[{"embeddable":true,"href":"https:\/\/startrico.com.br\/noticias\/wp-json\/wp\/v2\/media\/1035"}],"wp:attachment":[{"href":"https:\/\/startrico.com.br\/noticias\/wp-json\/wp\/v2\/media?parent=1036"}],"wp:term":[{"taxonomy":"category","embeddable":true,"href":"https:\/\/startrico.com.br\/noticias\/wp-json\/wp\/v2\/categories?post=1036"},{"taxonomy":"post_tag","embeddable":true,"href":"https:\/\/startrico.com.br\/noticias\/wp-json\/wp\/v2\/tags?post=1036"}],"curies":[{"name":"wp","href":"https:\/\/api.w.org\/{rel}","templated":true}]}}