{"id":1058,"date":"2025-09-21T07:27:11","date_gmt":"2025-09-21T10:27:11","guid":{"rendered":"https:\/\/startrico.com.br\/noticias\/geracao-z-na-asia\/"},"modified":"2025-09-21T07:27:11","modified_gmt":"2025-09-21T10:27:11","slug":"geracao-z-na-asia","status":"publish","type":"post","link":"https:\/\/startrico.com.br\/noticias\/geracao-z-na-asia\/","title":{"rendered":"Gera\u00e7\u00e3o Z na \u00c1sia: Revolta Contra a Elite Pol\u00edtica e Privilegios"},"content":{"rendered":"<h2>Por que a Gera\u00e7\u00e3o Z asi\u00e1tica est\u00e1 insatisfeita com seus governantes<\/h2>\n<p>Na \u00c1sia, os privil\u00e9gios desfrutados por uma elite pol\u00edtica geram descontentamento entre os jovens, que enfrentam dificuldades para entrar no mercado de trabalho.<\/p>\n<p>Recentemente, no Nepal, um jovem ligado a um pol\u00edtico exibiu uma \u00e1rvore de Natal feita com sacolas de marcas de luxo. Na Indon\u00e9sia, parlamentares receberam benef\u00edcios de moradia equivalentes a dez vezes o sal\u00e1rio m\u00ednimo. Em Timor Leste, foram adquiridos SUVs novos para membros do parlamento por meio de um programa milion\u00e1rio.<\/p>\n<p>Esses benef\u00edcios evidenciam uma elite pol\u00edtica enraizada e estimularam protestos em v\u00e1rios pa\u00edses asi\u00e1ticos, onde os jovens se sentem privados de oportunidades econ\u00f4micas.<\/p>\n<p>Em setembro de 2025, Khadga Prasad Sharma Oli, primeiro-ministro do Nepal, tornou-se o terceiro l\u00edder da regi\u00e3o do sul da \u00c1sia a ser derrubado por protestos populares em apenas dois anos, ap\u00f3s os primeiros-ministros de Bangladesh e Sri Lanka.<\/p>\n<p>Al\u00e9m disso, no Sudeste Asi\u00e1tico, ocorreram manifesta\u00e7\u00f5es menores. Como resposta, pol\u00edticos timorenses e o presidente indon\u00e9sio Prabowo Subianto eliminaram certos privil\u00e9gios oficiais, enquanto o presidente da C\u00e2mara dos Representantes filipino renunciou diante de acusa\u00e7\u00f5es de desvio de fundos p\u00fablicos.<\/p>\n<p>Samip Paudel, um jovem desenvolvedor de aplicativos de 22 anos que participou dos protestos em Katmandu, afirma que de um lado h\u00e1 filhos de pol\u00edticos exibindo corrup\u00e7\u00e3o, enquanto do outro jovens nepaleses comuns s\u00e3o obrigados a deixar o pa\u00eds para estudar e trabalhar no exterior. Paudel criou um folheto com o uso de intelig\u00eancia artificial mostrando o ex-primeiro-ministro Oli consumindo grandes quantias em dinheiro, destacando que a quest\u00e3o dos chamados \u201cnepo babies\u201d representa um ponto decisivo para sua gera\u00e7\u00e3o.<\/p>\n<h2>Protestos liderados por jovens<\/h2>\n<p>Essas manifesta\u00e7\u00f5es contam com forte participa\u00e7\u00e3o da Gera\u00e7\u00e3o Z e dos millennials em pa\u00edses que por anos esperaram um \u201cdividendo demogr\u00e1fico\u201d. Tal conceito propunha que uma popula\u00e7\u00e3o jovem numerosa propiciaria crescimento econ\u00f4mico acelerado.<\/p>\n<p>O Banco Mundial aponta que, apenas no Sul da \u00c1sia, cerca de um milh\u00e3o de jovens dever\u00e1 ingressar no mercado de trabalho mensalmente entre 2025 e 2030. Uma tend\u00eancia parecida ocorre tamb\u00e9m em partes do Sudeste Asi\u00e1tico, especialmente na Indon\u00e9sia, o quarto pa\u00eds mais populoso do mundo.<\/p>\n<p>Por\u00e9m, os economistas agora falam em d\u00e9ficit demogr\u00e1fico, j\u00e1 que muitos pa\u00edses asi\u00e1ticos n\u00e3o geram empregos suficientes para absorver essa enorme demanda.<\/p>\n<p>Segundo dados da Organiza\u00e7\u00e3o Internacional do Trabalho, em 2024 a porcentagem de jovens entre 15 e 24 anos sem emprego, educa\u00e7\u00e3o ou treinamento alcan\u00e7ou 33% no Nepal, 30% em Bangladesh e 21% na Indon\u00e9sia, entre as maiores taxas globais \u2014 ficando atr\u00e1s apenas de regi\u00f5es em conflito.<\/p>\n<p>Al\u00e9m disso, cerca de dois ter\u00e7os da for\u00e7a de trabalho asi\u00e1tica, aproximadamente 1,3 bilh\u00e3o de pessoas, atua na informalidade, de acordo com as Na\u00e7\u00f5es Unidas. Isso significa aus\u00eancia de direitos trabalhistas e benef\u00edcios, o que dificulta o progresso econ\u00f4mico desses trabalhadores.<\/p>\n<h2>Proibi\u00e7\u00e3o das redes sociais e indigna\u00e7\u00e3o popular<\/h2>\n<p>Pouco antes dos protestos, jovens nepaleses come\u00e7aram a divulgar imagens retiradas das redes sociais de filhos de pol\u00edticos, marcando-os com hashtags como #nepobaby e #nepokid.<\/p>\n<p>Dentre as imagens mais compartilhadas, estavam fotos de Saugat Thapa, filho do ministro e empres\u00e1rio Bindu Kumar Thapa, exibindo roupas luxuosas em hot\u00e9is caros e destinos tur\u00edsticos famosos. Uma das fotos mostrava Saugat ao lado de uma \u00e1rvore de Natal composta por embalagens de marcas de luxo como Louis Vuitton, Cartier e Gucci.<\/p>\n<p>Ap\u00f3s o governo proibir o acesso a diversas plataformas como Facebook, Instagram e WhatsApp, jovens, alguns at\u00e9 com uniformes escolares, foram \u00e0s ruas protestar.<\/p>\n<p>Ap\u00f3s a morte de 21 manifestantes, confrontos violentos ocorreram, com invas\u00e3o \u00e0 casa de Bindu Kumar Thapa em Pokhara, queimadas no parlamento nacional em Katmandu e no hotel Hilton da capital.<\/p>\n<p>Samip Paudel explicou que a restri\u00e7\u00e3o \u00e0s redes sociais foi uma tentativa de silenciar o movimento exatamente quando a popula\u00e7\u00e3o come\u00e7ava a manifestar seu descontentamento contra a corrup\u00e7\u00e3o.<\/p>\n<p>O ex-primeiro-ministro Oli, que renunciou em 9 de setembro, negou que seu governo tivesse autorizado o uso da for\u00e7a letal contra os manifestantes e afirmou que o Nepal seguia em curso de desenvolvimento econ\u00f4mico. Nem Bindu Kumar Thapa nem seu filho comentaram as den\u00fancias.<\/p>\n<p>Saugat Thapa publicou no Instagram que a pol\u00eamica sobre a \u00e1rvore de Natal foi uma interpreta\u00e7\u00e3o \u201cinjusta e equivocada\u201d, enquanto seu pai declarou no Facebook que suas propriedades foram destru\u00eddas ap\u00f3s serem acusados de corrup\u00e7\u00e3o sem provas.<\/p>\n<p>Na Indon\u00e9sia, os protestos realizados no m\u00eas anterior fracassaram ap\u00f3s o presidente Subianto cancelar privil\u00e9gios parlamentares e as autoridades prenderem lideran\u00e7as do movimento. A coaliz\u00e3o governista tamb\u00e9m retirou mandatos de parlamentares que fizeram coment\u00e1rios desrespeitosos aos manifestantes.<\/p>\n<p>Uma conta no Instagram, chamada @cabinetcouture_idn, passou a expor itens de luxo usados por pol\u00edticos e suas fam\u00edlias, como o ministro do turismo e a esposa de um importante membro do parlamento. A p\u00e1gina conquistou mais de 174 mil seguidores desde sua cria\u00e7\u00e3o em 10 de setembro. A parlamentar regional esposa de um legislador preferiu n\u00e3o comentar.<\/p>\n<p>O gabinete da ministra do turismo Widiyanti Putri Wardhana esclareceu que uma das fotos mostradas foi registrada antes dela ingressar na pol\u00edtica, quando trabalhava na ind\u00fastria de \u00f3leo de palma, e que desde ent\u00e3o ela adaptou seu estilo de vida \u00e0 fun\u00e7\u00e3o p\u00fablica.<\/p>\n<p>Conforme o pesquisador Yoes Kenawas, da Universidade Cat\u00f3lica Atma Jaya em Jacarta, a pol\u00edtica na Indon\u00e9sia e em outros pa\u00edses asi\u00e1ticos se tornou mais din\u00e1stica. Atualmente, quase um quarto dos membros do parlamento indon\u00e9sio tem parentes envolvidos na pol\u00edtica, conforme levantamento do Centro de Estudos Estrat\u00e9gicos e Internacionais sediado em Jacarta.<\/p>\n<p>Esse \u00edndice \u00e9 inferior ao das Filipinas, onde 71 dos 82 governadores provinciais eleitos nas elei\u00e7\u00f5es de meio de mandato em maio pertencem a dinastias pol\u00edticas. O exemplo mais conhecido \u00e9 Martin Romualdez, ex-presidente da C\u00e2mara que renunciou recentemente, primo do atual presidente Ferdinand Marcos Jr. \u2014 filho do ex-ditador hom\u00f4nimo.<\/p>\n<p>Kenawas observa que muitos jovens sem conex\u00f5es pol\u00edticas sentem-se exclu\u00eddos das oportunidades que est\u00e3o reservadas aos poderosos. Ele enfatiza que a juventude est\u00e1 cada vez mais educada e conectada por meio das redes sociais, mas, ao concluir seus estudos, n\u00e3o encontra empregos reais.<\/p>\n<p><em>Texto traduzido do ingl\u00eas por InvestNews.<\/em><\/p>\n<p><a href=\"https:\/\/investnews.com.br\/the-wall-street-journal\/geracao-z-asia\/\" target=\"_blank\" rel=\"noopener\">Fonte<\/a><\/p>\n","protected":false},"excerpt":{"rendered":"<p>Gera\u00e7\u00e3o Z na \u00c1sia enfrenta uma crescente insatisfa\u00e7\u00e3o com seus l\u00edderes pol\u00edticos devido aos privil\u00e9gios da elite e \u00e0 car\u00eancia de empregos. Isso gera revoltas e protestos significativos entre os jovens, que buscam justi\u00e7a e oportunidades para seu futuro econ\u00f4mico e social.<\/p>\n","protected":false},"author":1,"featured_media":1057,"comment_status":"open","ping_status":"open","sticky":false,"template":"","format":"standard","meta":{"site-sidebar-layout":"default","site-content-layout":"","ast-site-content-layout":"default","site-content-style":"default","site-sidebar-style":"default","ast-global-header-display":"","ast-banner-title-visibility":"","ast-main-header-display":"","ast-hfb-above-header-display":"","ast-hfb-below-header-display":"","ast-hfb-mobile-header-display":"","site-post-title":"","ast-breadcrumbs-content":"","ast-featured-img":"","footer-sml-layout":"","theme-transparent-header-meta":"","adv-header-id-meta":"","stick-header-meta":"","header-above-stick-meta":"","header-main-stick-meta":"","header-below-stick-meta":"","astra-migrate-meta-layouts":"default","ast-page-background-enabled":"default","ast-page-background-meta":{"desktop":{"background-color":"var(--ast-global-color-5)","background-image":"","background-repeat":"repeat","background-position":"center center","background-size":"auto","background-attachment":"scroll","background-type":"","background-media":"","overlay-type":"","overlay-color":"","overlay-opacity":"","overlay-gradient":""},"tablet":{"background-color":"","background-image":"","background-repeat":"repeat","background-position":"center center","background-size":"auto","background-attachment":"scroll","background-type":"","background-media":"","overlay-type":"","overlay-color":"","overlay-opacity":"","overlay-gradient":""},"mobile":{"background-color":"","background-image":"","background-repeat":"repeat","background-position":"center center","background-size":"auto","background-attachment":"scroll","background-type":"","background-media":"","overlay-type":"","overlay-color":"","overlay-opacity":"","overlay-gradient":""}},"ast-content-background-meta":{"desktop":{"background-color":"var(--ast-global-color-4)","background-image":"","background-repeat":"repeat","background-position":"center center","background-size":"auto","background-attachment":"scroll","background-type":"","background-media":"","overlay-type":"","overlay-color":"","overlay-opacity":"","overlay-gradient":""},"tablet":{"background-color":"var(--ast-global-color-4)","background-image":"","background-repeat":"repeat","background-position":"center center","background-size":"auto","background-attachment":"scroll","background-type":"","background-media":"","overlay-type":"","overlay-color":"","overlay-opacity":"","overlay-gradient":""},"mobile":{"background-color":"var(--ast-global-color-4)","background-image":"","background-repeat":"repeat","background-position":"center center","background-size":"auto","background-attachment":"scroll","background-type":"","background-media":"","overlay-type":"","overlay-color":"","overlay-opacity":"","overlay-gradient":""}},"footnotes":""},"categories":[1],"tags":[],"class_list":["post-1058","post","type-post","status-publish","format-standard","has-post-thumbnail","hentry","category-ultimas"],"_links":{"self":[{"href":"https:\/\/startrico.com.br\/noticias\/wp-json\/wp\/v2\/posts\/1058","targetHints":{"allow":["GET"]}}],"collection":[{"href":"https:\/\/startrico.com.br\/noticias\/wp-json\/wp\/v2\/posts"}],"about":[{"href":"https:\/\/startrico.com.br\/noticias\/wp-json\/wp\/v2\/types\/post"}],"author":[{"embeddable":true,"href":"https:\/\/startrico.com.br\/noticias\/wp-json\/wp\/v2\/users\/1"}],"replies":[{"embeddable":true,"href":"https:\/\/startrico.com.br\/noticias\/wp-json\/wp\/v2\/comments?post=1058"}],"version-history":[{"count":0,"href":"https:\/\/startrico.com.br\/noticias\/wp-json\/wp\/v2\/posts\/1058\/revisions"}],"wp:featuredmedia":[{"embeddable":true,"href":"https:\/\/startrico.com.br\/noticias\/wp-json\/wp\/v2\/media\/1057"}],"wp:attachment":[{"href":"https:\/\/startrico.com.br\/noticias\/wp-json\/wp\/v2\/media?parent=1058"}],"wp:term":[{"taxonomy":"category","embeddable":true,"href":"https:\/\/startrico.com.br\/noticias\/wp-json\/wp\/v2\/categories?post=1058"},{"taxonomy":"post_tag","embeddable":true,"href":"https:\/\/startrico.com.br\/noticias\/wp-json\/wp\/v2\/tags?post=1058"}],"curies":[{"name":"wp","href":"https:\/\/api.w.org\/{rel}","templated":true}]}}