{"id":1554,"date":"2025-10-16T07:31:24","date_gmt":"2025-10-16T10:31:24","guid":{"rendered":"https:\/\/startrico.com.br\/noticias\/embraer-embraer-embr3-citi\/"},"modified":"2025-10-16T07:31:24","modified_gmt":"2025-10-16T10:31:24","slug":"embraer-embraer-embr3-citi","status":"publish","type":"post","link":"https:\/\/startrico.com.br\/noticias\/embraer-embraer-embr3-citi\/","title":{"rendered":"Embraer Embraer (EMBR3): Citi Eleva Pre\u00e7o-Alvo Mantendo Recomenda\u00e7\u00e3o"},"content":{"rendered":"<h2>Citi amplia pre\u00e7o-alvo do ADR da Embraer e mant\u00e9m recomenda\u00e7\u00e3o de compra<\/h2>\n<p>O banco Citi elevou o pre\u00e7o-alvo do ADR da Embraer (EMBR3) de US$ 59 para US$ 70 ap\u00f3s participar do evento Investor Day realizado pela companhia em Nova York. Esse novo valor representa uma valoriza\u00e7\u00e3o potencial de 15,7% em rela\u00e7\u00e3o ao fechamento anterior das a\u00e7\u00f5es, mantendo a recomenda\u00e7\u00e3o de compra para o ativo.<\/p>\n<h3>Confian\u00e7a refor\u00e7ada por forte demanda e resultados s\u00f3lidos<\/h3>\n<p>Em relat\u00f3rio, os analistas Andre Mazini, Kiepher Kennedy, Piero Trotta e Filipe Nielsen ressaltaram que a Embraer evidenciou um ritmo robusto de pedidos nos \u00faltimos 18 meses, acompanhado de desempenho financeiro consistente. Esse cen\u00e1rio aumenta a confian\u00e7a em proje\u00e7\u00f5es de fluxos de caixa est\u00e1veis, justificando a ado\u00e7\u00e3o do m\u00e9todo de fluxo de caixa descontado (DCF) para avalia\u00e7\u00e3o, em substitui\u00e7\u00e3o ao m\u00faltiplo de 11,5 vezes o Ebitda ajustado para 2026 utilizado anteriormente.<\/p>\n<h3>Perspectivas para expans\u00e3o e novos lan\u00e7amentos<\/h3>\n<p>O banco observa que a mudan\u00e7a do ticker das a\u00e7\u00f5es de ERJ (Embraer Regional Jets) para EMBJ (Embraer Jets) indica uma estrat\u00e9gia mais ampla da empresa. Caso a Embraer opte por ampliar seu portf\u00f3lio, a sequ\u00eancia natural do desenvolvimento seria o lan\u00e7amento de um jato executivo de longo alcance, seguido por um modelo narrowbody com aproximadamente 180 assentos para competir diretamente com Airbus e Boeing. Para esse segundo avi\u00e3o, o banco estima um investimento pr\u00f3ximo a US$ 10 bilh\u00f5es, que possivelmente ser\u00e1 compartilhado com fabricantes de motores, companhias a\u00e9reas e o BNDES, seguindo um modelo similar ao do desenvolvimento do eVTOL.<\/p>\n<h3>Avan\u00e7os na avia\u00e7\u00e3o de defesa e produ\u00e7\u00e3o do KC-390<\/h3>\n<p>No segmento de defesa, a Embraer est\u00e1 produzindo quatro unidades do cargueiro KC-390 por ano, com expectativa de aumentar essa produ\u00e7\u00e3o para 11 aeronaves em 2030. O plano inclui a instala\u00e7\u00e3o de uma linha de montagem avaliada em US$ 500 milh\u00f5es nos Estados Unidos, condicionada \u00e0 obten\u00e7\u00e3o de contrato com a For\u00e7a A\u00e9rea norte-americana.<\/p>\n<h3>Expans\u00e3o da avia\u00e7\u00e3o executiva p\u00f3s-pandemia<\/h3>\n<p>O Citi tamb\u00e9m destaca o crescimento do mercado de jatos executivos ap\u00f3s a pandemia de Covid-19, per\u00edodo em que passageiros de alta renda migraram do transporte comercial para a avia\u00e7\u00e3o privada, estabelecendo um mercado mais robusto nesse segmento.<\/p>\n<h3>Encomendas recentes e avalia\u00e7\u00e3o financeira<\/h3>\n<p>Dentre os pedidos recentes, o banco enfatiza a aquisi\u00e7\u00e3o da empresa de leasing TrueNoord, que encomendou 20 unidades do modelo E195-E2, com op\u00e7\u00e3o para mais 20 aeronaves do mesmo tipo e 10 do modelo E175-E1. O valor de tabela para o primeiro lote \u00e9 de US$ 1,8 bilh\u00e3o, considerando US$ 90 milh\u00f5es por avi\u00e3o. Contudo, com um desconto hist\u00f3rico de 65% nas entregas da fam\u00edlia E2, o pre\u00e7o efetivo pode estar em torno de US$ 620 milh\u00f5es.<\/p>\n<p>Nas proje\u00e7\u00f5es do Citi, a Embraer deve alcan\u00e7ar margem Ebit ajustada de 8,3% em 2025, no topo da faixa orientada pela empresa, e 12% em 2027. Atualmente, as a\u00e7\u00f5es negociam a 0,4 vez o valor da empresa em rela\u00e7\u00e3o \u00e0 carteira de pedidos, acima dos 0,3 vezes praticados por Boeing e Airbus, e a 11 vezes o Ebitda estimado para 2026, ante 14 vezes da m\u00e9dia dos concorrentes.<\/p>\n<p><i>Conte\u00fado elaborado com suporte de Intelig\u00eancia Artificial e revisado pela reda\u00e7\u00e3o.<\/i><\/p>\n<p><a href=\"https:\/\/einvestidor.estadao.com.br\/ultimas\/citi-eleva-preco-alvo-embraer-adr-us70\/\" target=\"_blank\" rel=\"noopener\">Fonte<\/a><\/p>\n","protected":false},"excerpt":{"rendered":"<p>Embraer (EMBR3) recebe eleva\u00e7\u00e3o no pre\u00e7o-alvo pelo Citi, que mant\u00e9m a recomenda\u00e7\u00e3o de compra. A perspectiva positiva reflete forte demanda, resultados financeiros s\u00f3lidos e estrat\u00e9gia de expans\u00e3o, destacando o potencial de valoriza\u00e7\u00e3o das a\u00e7\u00f5es no mercado financeiro.<\/p>\n","protected":false},"author":1,"featured_media":1553,"comment_status":"open","ping_status":"open","sticky":false,"template":"","format":"standard","meta":{"site-sidebar-layout":"default","site-content-layout":"","ast-site-content-layout":"default","site-content-style":"default","site-sidebar-style":"default","ast-global-header-display":"","ast-banner-title-visibility":"","ast-main-header-display":"","ast-hfb-above-header-display":"","ast-hfb-below-header-display":"","ast-hfb-mobile-header-display":"","site-post-title":"","ast-breadcrumbs-content":"","ast-featured-img":"","footer-sml-layout":"","theme-transparent-header-meta":"","adv-header-id-meta":"","stick-header-meta":"","header-above-stick-meta":"","header-main-stick-meta":"","header-below-stick-meta":"","astra-migrate-meta-layouts":"default","ast-page-background-enabled":"default","ast-page-background-meta":{"desktop":{"background-color":"var(--ast-global-color-5)","background-image":"","background-repeat":"repeat","background-position":"center center","background-size":"auto","background-attachment":"scroll","background-type":"","background-media":"","overlay-type":"","overlay-color":"","overlay-opacity":"","overlay-gradient":""},"tablet":{"background-color":"","background-image":"","background-repeat":"repeat","background-position":"center center","background-size":"auto","background-attachment":"scroll","background-type":"","background-media":"","overlay-type":"","overlay-color":"","overlay-opacity":"","overlay-gradient":""},"mobile":{"background-color":"","background-image":"","background-repeat":"repeat","background-position":"center center","background-size":"auto","background-attachment":"scroll","background-type":"","background-media":"","overlay-type":"","overlay-color":"","overlay-opacity":"","overlay-gradient":""}},"ast-content-background-meta":{"desktop":{"background-color":"var(--ast-global-color-4)","background-image":"","background-repeat":"repeat","background-position":"center center","background-size":"auto","background-attachment":"scroll","background-type":"","background-media":"","overlay-type":"","overlay-color":"","overlay-opacity":"","overlay-gradient":""},"tablet":{"background-color":"var(--ast-global-color-4)","background-image":"","background-repeat":"repeat","background-position":"center center","background-size":"auto","background-attachment":"scroll","background-type":"","background-media":"","overlay-type":"","overlay-color":"","overlay-opacity":"","overlay-gradient":""},"mobile":{"background-color":"var(--ast-global-color-4)","background-image":"","background-repeat":"repeat","background-position":"center center","background-size":"auto","background-attachment":"scroll","background-type":"","background-media":"","overlay-type":"","overlay-color":"","overlay-opacity":"","overlay-gradient":""}},"footnotes":""},"categories":[1],"tags":[],"class_list":["post-1554","post","type-post","status-publish","format-standard","has-post-thumbnail","hentry","category-ultimas"],"_links":{"self":[{"href":"https:\/\/startrico.com.br\/noticias\/wp-json\/wp\/v2\/posts\/1554","targetHints":{"allow":["GET"]}}],"collection":[{"href":"https:\/\/startrico.com.br\/noticias\/wp-json\/wp\/v2\/posts"}],"about":[{"href":"https:\/\/startrico.com.br\/noticias\/wp-json\/wp\/v2\/types\/post"}],"author":[{"embeddable":true,"href":"https:\/\/startrico.com.br\/noticias\/wp-json\/wp\/v2\/users\/1"}],"replies":[{"embeddable":true,"href":"https:\/\/startrico.com.br\/noticias\/wp-json\/wp\/v2\/comments?post=1554"}],"version-history":[{"count":0,"href":"https:\/\/startrico.com.br\/noticias\/wp-json\/wp\/v2\/posts\/1554\/revisions"}],"wp:featuredmedia":[{"embeddable":true,"href":"https:\/\/startrico.com.br\/noticias\/wp-json\/wp\/v2\/media\/1553"}],"wp:attachment":[{"href":"https:\/\/startrico.com.br\/noticias\/wp-json\/wp\/v2\/media?parent=1554"}],"wp:term":[{"taxonomy":"category","embeddable":true,"href":"https:\/\/startrico.com.br\/noticias\/wp-json\/wp\/v2\/categories?post=1554"},{"taxonomy":"post_tag","embeddable":true,"href":"https:\/\/startrico.com.br\/noticias\/wp-json\/wp\/v2\/tags?post=1554"}],"curies":[{"name":"wp","href":"https:\/\/api.w.org\/{rel}","templated":true}]}}