{"id":1632,"date":"2025-10-19T07:45:48","date_gmt":"2025-10-19T10:45:48","guid":{"rendered":"https:\/\/startrico.com.br\/noticias\/lideres-brasileiros-reconhecidos-em\/"},"modified":"2025-10-19T07:45:48","modified_gmt":"2025-10-19T10:45:48","slug":"lideres-brasileiros-reconhecidos-em","status":"publish","type":"post","link":"https:\/\/startrico.com.br\/noticias\/lideres-brasileiros-reconhecidos-em\/","title":{"rendered":"L\u00edderes Brasileiros Reconhecidos em Noite de Gala nos EUA"},"content":{"rendered":"<h2>L\u00edderes brasileiros s\u00e3o reconhecidos em noite de gala nos Estados Unidos<\/h2>\n<p>A 30\u00aa edi\u00e7\u00e3o do BRAVO Business Awards, evento promovido pelo Council of the Americas (COA), reuniu cerca de 300 empres\u00e1rios, autoridades e investidores em Miami para celebrar as lideran\u00e7as empresariais da Am\u00e9rica Latina. A cerim\u00f4nia ocorreu no dia 16 de outubro, no hotel Ritz-Carlton Coconut Grove, consolidando-se como uma das principais premia\u00e7\u00f5es do setor privado da regi\u00e3o.<\/p>\n<p>Fundado em 1995, o BRAVO j\u00e1 homenageou mais de 200 executivos, consolidando sua reputa\u00e7\u00e3o como uma das premia\u00e7\u00f5es mais prestigiadas de neg\u00f3cios latino-americanos. A edi\u00e7\u00e3o deste ano fez parte do COA Symposium, cujo tema foi \u201cImpulsionando o Futuro da Am\u00e9rica Latina: Inova\u00e7\u00e3o, Competitividade e Integra\u00e7\u00e3o Global.\u201d<\/p>\n<h3>Reconhecimento para l\u00edderes brasileiros<\/h3>\n<p>O Brasil teve destaque em 2025 com homenagens para Francisco Gomes Neto, CEO da Embraer, e Luiz R. Vasconcelos, presidente da FedEx Am\u00e9rica Latina. Ambos foram premiados por suas contribui\u00e7\u00f5es na transforma\u00e7\u00e3o digital, expans\u00e3o internacional e pela resili\u00eancia estrat\u00e9gica em setores que apresentam alta regula\u00e7\u00e3o.<\/p>\n<p>Maria Lourdes Teran, vice-presidente do COA em Miami e respons\u00e1vel pela curadoria da premia\u00e7\u00e3o, ressaltou que a presen\u00e7a brasileira no evento \u00e9 uma constante. Empresas como Ita\u00fa, Nubank e Inter tamb\u00e9m j\u00e1 foram reconhecidas por inova\u00e7\u00f5es locais que alcan\u00e7aram alcance global.<\/p>\n<h3>Outros premiados da Am\u00e9rica Latina<\/h3>\n<p>Al\u00e9m dos l\u00edderes brasileiros, o argentino Ariel Szarfsztejn, do Mercado Livre, foi agraciado com o pr\u00eamio \u201cEmpresa de Uma Gera\u00e7\u00e3o\u201d. J\u00e1 os guatemaltecos Juan Jos\u00e9 Guti\u00e9rrez e Felipe Bosch, representantes da Corporaci\u00f3n Multi Inversiones (CMI), receberam o Pr\u00eamio \u201cLegado Corporativo\u201d.<\/p>\n<h2>Francisco Gomes Neto e a renova\u00e7\u00e3o da Embraer<\/h2>\n<p>Desde que assumiu a presid\u00eancia da Embraer em 2019, Francisco Gomes Neto enfrentou desafios significativos, incluindo a pandemia de Covid-19, a ruptura da negocia\u00e7\u00e3o com a Boeing e a reformula\u00e7\u00e3o da estrat\u00e9gia de longo prazo da companhia.<\/p>\n<p>Durante sua gest\u00e3o, a Embraer revisou seu planejamento estrat\u00e9gico, voltou a apresentar crescimento consistente em todos os seus setores e recuperou o grau de investimento. A empresa alcan\u00e7ou volumes recordes de pedidos e consolidou sua posi\u00e7\u00e3o nos segmentos de avia\u00e7\u00e3o comercial, executiva, defesa e mobilidade urbana.<\/p>\n<p>Atualmente, a Embraer destaca-se na avia\u00e7\u00e3o sustent\u00e1vel, investindo em tecnologias como aeronaves el\u00e9tricas de pouso e decolagem vertical (eVTOLs), biocombust\u00edveis e eletrifica\u00e7\u00e3o. Gomes Neto foi reconhecido como L\u00edder Transformador do Ano, enfatizando que o pr\u00eamio \u00e9 fruto do esfor\u00e7o coletivo de todos os colaboradores da empresa.<\/p>\n<h2>Luiz Vasconcelos e a expans\u00e3o da FedEx na Am\u00e9rica Latina<\/h2>\n<p>Com uma trajet\u00f3ria de 13 anos na FedEx, Luiz Vasconcelos liderou a expans\u00e3o log\u00edstica da companhia em importantes corredores comerciais da Am\u00e9rica Latina. A FedEx hoje atua em mais de 50 pa\u00edses a partir da sua base em Miami, conta com 23 mil empregados na regi\u00e3o e possui o maior centro de log\u00edstica refrigerada da sua rede global.<\/p>\n<p>Sob sua lideran\u00e7a, a FedEx aumentou a frequ\u00eancia de voos de carga para pa\u00edses como Argentina, Chile, Equador, Guatemala e Honduras, al\u00e9m de integrar pequenas e m\u00e9dias empresas nos fluxos de exporta\u00e7\u00e3o por meio de ferramentas digitais. Vasconcelos recebeu o pr\u00eamio de L\u00edder Din\u00e2mico do Ano e destacou a import\u00e2ncia da colabora\u00e7\u00e3o para o crescimento sustent\u00e1vel.<\/p>\n<h2>Mercado Livre, CMI e o papel do BRAVO como palco de influ\u00eancia<\/h2>\n<p>O Mercado Livre recebeu o pr\u00eamio Empresa de Uma Gera\u00e7\u00e3o, pela influ\u00eancia significativa que exerce na economia digital ao longo de seus 25 anos de exist\u00eancia. Criada em 1999, a empresa revolucionou o com\u00e9rcio eletr\u00f4nico e os pagamentos digitais em pa\u00edses como Brasil, M\u00e9xico e Argentina, consolidando-se em 2024 como a companhia de maior valor de mercado na Am\u00e9rica Latina, com uma rede que conta com mais de um milh\u00e3o de vendedores e 150 milh\u00f5es de usu\u00e1rios.<\/p>\n<p>Juan Jos\u00e9 Guti\u00e9rrez e Felipe Bosch, da Corporaci\u00f3n Multi Inversiones (CMI), foram homenageados com o Pr\u00eamio Legado Corporativo em reconhecimento \u00e0 trajet\u00f3ria centen\u00e1ria da empresa, que atua nos setores de alimentos, energia e restaurantes, emprega mais de 50 mil pessoas em 15 pa\u00edses e possui marcas relevantes como a Pollo Campero, l\u00edder entre o p\u00fablico hisp\u00e2nico nos Estados Unidos, al\u00e9m de operar em energia renov\u00e1vel na Am\u00e9rica Central e Caribe.<\/p>\n<p>Segundo Maria Lourdes Teran, o BRAVO n\u00e3o apenas celebra conquistas, mas tamb\u00e9m promove novas refer\u00eancias de lideran\u00e7a, incentivando os premiados a assumirem pap\u00e9is mais p\u00fablicos e respons\u00e1veis dentro do ambiente empresarial latino-americano. Ela destaca que a nova gera\u00e7\u00e3o de empreendedores j\u00e1 pensa globalmente, e o BRAVO \u00e9 uma plataforma que mostra os caminhos para essa expans\u00e3o.<\/p>\n<p><a href=\"https:\/\/exame.com\/negocios\/conheca-os-lideres-brasileiros-homenageados-em-noite-de-gala-nos-eua\/\" target=\"_blank\" rel=\"noopener\">Fonte<\/a><\/p>\n","protected":false},"excerpt":{"rendered":"<p>L\u00edderes Brasileiros receberam homenagens no prestigiado BRAVO Business Awards nos EUA, que celebra executivos por inova\u00e7\u00e3o e impacto global. A premia\u00e7\u00e3o revelou o protagonismo do Brasil em transforma\u00e7\u00e3o digital e estrat\u00e9gias empresariais, fortalecendo conex\u00f5es internacionais e o desenvolvimento da regi\u00e3o.<\/p>\n","protected":false},"author":1,"featured_media":1631,"comment_status":"open","ping_status":"open","sticky":false,"template":"","format":"standard","meta":{"site-sidebar-layout":"default","site-content-layout":"","ast-site-content-layout":"default","site-content-style":"default","site-sidebar-style":"default","ast-global-header-display":"","ast-banner-title-visibility":"","ast-main-header-display":"","ast-hfb-above-header-display":"","ast-hfb-below-header-display":"","ast-hfb-mobile-header-display":"","site-post-title":"","ast-breadcrumbs-content":"","ast-featured-img":"","footer-sml-layout":"","theme-transparent-header-meta":"","adv-header-id-meta":"","stick-header-meta":"","header-above-stick-meta":"","header-main-stick-meta":"","header-below-stick-meta":"","astra-migrate-meta-layouts":"default","ast-page-background-enabled":"default","ast-page-background-meta":{"desktop":{"background-color":"var(--ast-global-color-5)","background-image":"","background-repeat":"repeat","background-position":"center center","background-size":"auto","background-attachment":"scroll","background-type":"","background-media":"","overlay-type":"","overlay-color":"","overlay-opacity":"","overlay-gradient":""},"tablet":{"background-color":"","background-image":"","background-repeat":"repeat","background-position":"center center","background-size":"auto","background-attachment":"scroll","background-type":"","background-media":"","overlay-type":"","overlay-color":"","overlay-opacity":"","overlay-gradient":""},"mobile":{"background-color":"","background-image":"","background-repeat":"repeat","background-position":"center center","background-size":"auto","background-attachment":"scroll","background-type":"","background-media":"","overlay-type":"","overlay-color":"","overlay-opacity":"","overlay-gradient":""}},"ast-content-background-meta":{"desktop":{"background-color":"var(--ast-global-color-4)","background-image":"","background-repeat":"repeat","background-position":"center center","background-size":"auto","background-attachment":"scroll","background-type":"","background-media":"","overlay-type":"","overlay-color":"","overlay-opacity":"","overlay-gradient":""},"tablet":{"background-color":"var(--ast-global-color-4)","background-image":"","background-repeat":"repeat","background-position":"center center","background-size":"auto","background-attachment":"scroll","background-type":"","background-media":"","overlay-type":"","overlay-color":"","overlay-opacity":"","overlay-gradient":""},"mobile":{"background-color":"var(--ast-global-color-4)","background-image":"","background-repeat":"repeat","background-position":"center center","background-size":"auto","background-attachment":"scroll","background-type":"","background-media":"","overlay-type":"","overlay-color":"","overlay-opacity":"","overlay-gradient":""}},"footnotes":""},"categories":[1],"tags":[],"class_list":["post-1632","post","type-post","status-publish","format-standard","has-post-thumbnail","hentry","category-ultimas"],"_links":{"self":[{"href":"https:\/\/startrico.com.br\/noticias\/wp-json\/wp\/v2\/posts\/1632","targetHints":{"allow":["GET"]}}],"collection":[{"href":"https:\/\/startrico.com.br\/noticias\/wp-json\/wp\/v2\/posts"}],"about":[{"href":"https:\/\/startrico.com.br\/noticias\/wp-json\/wp\/v2\/types\/post"}],"author":[{"embeddable":true,"href":"https:\/\/startrico.com.br\/noticias\/wp-json\/wp\/v2\/users\/1"}],"replies":[{"embeddable":true,"href":"https:\/\/startrico.com.br\/noticias\/wp-json\/wp\/v2\/comments?post=1632"}],"version-history":[{"count":0,"href":"https:\/\/startrico.com.br\/noticias\/wp-json\/wp\/v2\/posts\/1632\/revisions"}],"wp:featuredmedia":[{"embeddable":true,"href":"https:\/\/startrico.com.br\/noticias\/wp-json\/wp\/v2\/media\/1631"}],"wp:attachment":[{"href":"https:\/\/startrico.com.br\/noticias\/wp-json\/wp\/v2\/media?parent=1632"}],"wp:term":[{"taxonomy":"category","embeddable":true,"href":"https:\/\/startrico.com.br\/noticias\/wp-json\/wp\/v2\/categories?post=1632"},{"taxonomy":"post_tag","embeddable":true,"href":"https:\/\/startrico.com.br\/noticias\/wp-json\/wp\/v2\/tags?post=1632"}],"curies":[{"name":"wp","href":"https:\/\/api.w.org\/{rel}","templated":true}]}}