{"id":1688,"date":"2025-10-22T07:11:29","date_gmt":"2025-10-22T10:11:29","guid":{"rendered":"https:\/\/startrico.com.br\/noticias\/exploracao-da-foz-do\/"},"modified":"2025-10-22T07:11:29","modified_gmt":"2025-10-22T10:11:29","slug":"exploracao-da-foz-do","status":"publish","type":"post","link":"https:\/\/startrico.com.br\/noticias\/exploracao-da-foz-do\/","title":{"rendered":"Explora\u00e7\u00e3o da Foz do Amazonas: Avan\u00e7os e Desafios da Margem Equatorial"},"content":{"rendered":"<h2>Explora\u00e7\u00e3o na Foz do Amazonas: informa\u00e7\u00f5es conhecidas e aspectos ainda incertos<\/h2>\n<p>O Instituto Brasileiro do Meio Ambiente e dos Recursos Naturais Renov\u00e1veis (Ibama) autorizou, no dia 20 de outubro de 2025, a Petrobras a iniciar a perfura\u00e7\u00e3o de um po\u00e7o na regi\u00e3o da Foz do Amazonas, situada na Margem Equatorial brasileira. Essa autoriza\u00e7\u00e3o \u00e9 v\u00e1lida exclusivamente para fins de pesquisa explorat\u00f3ria, permitindo \u00e0 empresa realizar estudos para confirmar a exist\u00eancia de petr\u00f3leo na \u00e1rea. Caso seja constatada a viabilidade da extra\u00e7\u00e3o, novas licen\u00e7as ser\u00e3o necess\u00e1rias para o in\u00edcio da produ\u00e7\u00e3o.<\/p>\n<p>A decis\u00e3o para explorar a regi\u00e3o tem sido alvo de cr\u00edticas contundentes por parte de ambientalistas, que manifestam preocupa\u00e7\u00e3o quanto \u00e0 preserva\u00e7\u00e3o ambiental. Em contrapartida, especialistas em petr\u00f3leo e representantes do Minist\u00e9rio de Minas e Energia defendem a atividade como crucial para a produ\u00e7\u00e3o energ\u00e9tica do pa\u00eds. O ministro Alexandre Silveira destacou que a Margem Equatorial simboliza o &#8220;futuro da soberania energ\u00e9tica&#8221; do Brasil. A Petrobras planeja come\u00e7ar a perfura\u00e7\u00e3o imediatamente, com dura\u00e7\u00e3o estimada em cinco meses, sendo essa fase restrita \u00e0 pesquisa explorat\u00f3ria.<\/p>\n<h2>Detalhes da opera\u00e7\u00e3o e suas implica\u00e7\u00f5es<\/h2>\n<h3>Licenciamento e dura\u00e7\u00e3o da pesquisa<\/h3>\n<p>A licen\u00e7a emitida pelo Ibama autoriza a Petrobras a efetuar a perfura\u00e7\u00e3o e coleta de dados no bloco FZA-M-059, situado em mar aberto, aproximadamente 175 km distante da costa do Amap\u00e1 e a 500 km da foz do Rio Amazonas, em \u00e1rea caracterizada por \u00e1guas profundas. A pesquisa explorat\u00f3ria n\u00e3o envolve a produ\u00e7\u00e3o de petr\u00f3leo, sendo uma etapa inicial destinada a avaliar o potencial petrol\u00edfero da regi\u00e3o, que deve durar cerca de cinco meses.<\/p>\n<h3>Extens\u00e3o e localiza\u00e7\u00e3o da Bacia<\/h3>\n<p>A Bacia da Foz do Amazonas encontra-se no extremo oeste da Margem Equatorial brasileira e compreende uma \u00e1rea aproximada de 268 mil km\u00b2, abrangendo desde a plataforma continental at\u00e9 a zona de transi\u00e7\u00e3o entre as crostas continental e oce\u00e2nica, incluindo talude e \u00e1guas profundas.<\/p>\n<h3>Significado estrat\u00e9gico da regi\u00e3o<\/h3>\n<p>A Margem Equatorial \u00e9 apontada como uma nova fronteira para a explora\u00e7\u00e3o de petr\u00f3leo e g\u00e1s natural no Brasil, com potencial compar\u00e1vel ao pr\u00e9-sal. Sua import\u00e2ncia \u00e9 atribu\u00edda \u00e0 semelhan\u00e7a geol\u00f3gica com as bacias petrol\u00edferas da Guiana e do Suriname, pa\u00edses que, em poucos anos, aumentaram significativamente sua produ\u00e7\u00e3o de \u00f3leo, ultrapassando a marca de 360 mil barris di\u00e1rios em 2023, com expectativas de superar um milh\u00e3o de barris at\u00e9 2027.<\/p>\n<h3>Estimativa de reservas e produ\u00e7\u00e3o<\/h3>\n<p>O governo estima que a Margem Equatorial pode abrigar reservas que possibilitariam a extra\u00e7\u00e3o di\u00e1ria de 1,1 milh\u00e3o de barris de petr\u00f3leo, superando a capacidade dos campos de Tupi e B\u00fazios, na Bacia de Santos. Conforme dados do Minist\u00e9rio de Minas e Energia, a regi\u00e3o poderia oferecer at\u00e9 10 bilh\u00f5es de barris de petr\u00f3leo. Para compara\u00e7\u00e3o, as reservas nacionais confirmadas somam 16,8 bilh\u00f5es de barris, o que garantiria a autossufici\u00eancia at\u00e9 2030. A Empresa de Pesquisa Energ\u00e9tica (EPE) calcula que a Bacia det\u00e9m cerca de 6,2 bilh\u00f5es de barris de \u00f3leo equivalente recuper\u00e1vel.<\/p>\n<h3>Investimentos e retorno financeiro<\/h3>\n<p>Em entrevista ao canal GloboNews, o ministro Alexandre Silveira estimou que o setor da Margem Equatorial poder\u00e1 atrair investimentos superiores a R$ 300 bilh\u00f5es e gerar at\u00e9 R$ 1 trilh\u00e3o em arrecada\u00e7\u00e3o nas pr\u00f3ximas d\u00e9cadas, fundos que podem ser destinados a \u00e1reas como sa\u00fade e educa\u00e7\u00e3o. O Simulador de Impacto na Margem Equatorial, desenvolvido pelo Observat\u00f3rio Nacional da Ind\u00fastria, indicou que produzir 100 mil barris di\u00e1rios na costa do Amap\u00e1, equivalente a 16% da produ\u00e7\u00e3o da Guiana, poderia acrescentar R$ 10,7 bilh\u00f5es ao Produto Interno Bruto (PIB) local e criar quase 54 mil empregos.<\/p>\n<h3>Qualidade do petr\u00f3leo e an\u00e1lise t\u00e9cnica<\/h3>\n<p>At\u00e9 o momento, n\u00e3o existem estudos oficiais que definam a qualidade do petr\u00f3leo e g\u00e1s natural nesta bacia. A caracteriza\u00e7\u00e3o do \u00f3leo depender\u00e1 do resultado das coletas e an\u00e1lises durante a fase explorat\u00f3ria. O petr\u00f3leo poder\u00e1 ser classificado como leve, m\u00e9dio ou pesado, de acordo com sua densidade em graus API, e informa\u00e7\u00f5es sobre o teor de enxofre ainda ser\u00e3o examinadas.<\/p>\n<h3>Custo da sonda de perfura\u00e7\u00e3o<\/h3>\n<p>A Petrobras contratou a sonda NS-42 para executar a perfura\u00e7\u00e3o, uma embarca\u00e7\u00e3o de 238 metros de comprimento, equivalente a dois campos de futebol, e torre de perfura\u00e7\u00e3o de 64 metros, similar a um pr\u00e9dio de 20 andares. A sonda pode atingir profundidades de at\u00e9 12,1 mil metros incluindo a coluna de \u00e1gua e as camadas de rocha subterr\u00e2nea. Seu aluguel custa aproximadamente R$ 4 milh\u00f5es por dia. Equipado com tecnologia avan\u00e7ada e sistema autom\u00e1tico de posicionamento, o navio mant\u00e9m estabilidade mesmo em condi\u00e7\u00f5es adversas no mar. A NS-42 pertence \u00e0 empresa Forsea e esteve aguardando a autoriza\u00e7\u00e3o desde agosto no Amap\u00e1.<\/p>\n<h3>Rea\u00e7\u00e3o do mercado financeiro e a\u00e7\u00f5es da Petrobras<\/h3>\n<p>Ap\u00f3s a autoriza\u00e7\u00e3o do Ibama, as a\u00e7\u00f5es da Petrobras apresentaram baixa na bolsa de valores: as ordin\u00e1rias (PETR3) ca\u00edram 0,54% na segunda-feira, dia do an\u00fancio, e 1,05% na ter\u00e7a-feira, enquanto as preferenciais (PETR4) tiveram leve alta de 0,13% e depois recuaram 0,74%. Segundo especialistas, embora a permiss\u00e3o represente um avan\u00e7o estrat\u00e9gico para longo prazo, o mercado antecipava a decis\u00e3o. Al\u00e9m disso, a queda no pre\u00e7o internacional do barril de petr\u00f3leo\u2014com o Brent cotado a US$ 61,63\u2014contribuiu para a rea\u00e7\u00e3o modesta. O economista Adriano Pires aponta que a perspectiva de pre\u00e7os ainda mais baixos em 2026 prejudica as expectativas de receita da empresa.<\/p>\n<p>Ilan Arbetman, da Ativa Investimentos, ressalta que os investidores aguardavam essa autoriza\u00e7\u00e3o e que existe otimismo pela possibilidade de que a \u00e1rea tenha caracter\u00edsticas compar\u00e1veis \u00e0quelas descobertas na Guiana, local que experimenta um boom petrol\u00edfero.<\/p>\n<h3>Posicionamento do Ibama e da Petrobras<\/h3>\n<p>O Ibama declarou que a concess\u00e3o da licen\u00e7a ocorreu ap\u00f3s diversas melhorias no projeto apresentado pela Petrobras. A companhia destacou a solidez dos mecanismos de prote\u00e7\u00e3o ambiental que ser\u00e3o aplicados no processo de perfura\u00e7\u00e3o. A Petrobras enfatizou que a abertura de novas \u00e1reas \u00e9 fundamental para garantir seguran\u00e7a energ\u00e9tica e recursos para uma transi\u00e7\u00e3o energ\u00e9tica justa no pa\u00eds.<\/p>\n<h3>Rea\u00e7\u00f5es de ambientalistas e controv\u00e9rsias<\/h3>\n<p>Ambientalistas consideram a licen\u00e7a uma grave amea\u00e7a \u00e0s pol\u00edticas ambientais, especialmente diante da proximidade da COP30, confer\u00eancia clim\u00e1tica que ser\u00e1 sediada pelo Brasil. O Observat\u00f3rio do Clima classificou a decis\u00e3o como uma \u201cdupla sabotagem\u201d contra o planeta e o evento. A coordenadora de pol\u00edticas p\u00fablicas Suely Ara\u00fajo criticou o incentivo do governo \u00e0 expans\u00e3o da produ\u00e7\u00e3o f\u00f3ssil em um momento cr\u00edtico para o planeta. J\u00e1 o climatologista Carlos Nobre alertou para o risco iminente de a Amaz\u00f4nia alcan\u00e7ar o ponto de n\u00e3o retorno ambiental e questionou a justificativa para novas explora\u00e7\u00f5es petrol\u00edferas.<\/p>\n<h3>Processo de licenciamento e prazos<\/h3>\n<p>O licenciamento para explora\u00e7\u00e3o da bacia da Foz do Amazonas levou mais de dez anos. O direito ao bloco foi concedido em 2013 e o processo ambiental iniciou-se em abril de 2014, inicialmente pela empresa BP Energy do Brasil. Em 2020, os direitos foram transferidos para a Petrobras. Em agosto de 2025, a companhia realizou um simulado de emerg\u00eancia sob supervis\u00e3o do Ibama como etapa final para comprovar a seguran\u00e7a da opera\u00e7\u00e3o.<\/p>\n<h3>Pr\u00f3ximas etapas para o desenvolvimento da \u00e1rea<\/h3>\n<p>Antes da instala\u00e7\u00e3o da produ\u00e7\u00e3o comercial, a Petrobras precisa confirmar a exist\u00eancia de petr\u00f3leo em quantidades comerciais, anunciar a comercialidade da \u00e1rea e garantir novas aprova\u00e7\u00f5es ambientais para a constru\u00e7\u00e3o de infraestrutura e produ\u00e7\u00e3o efetiva. Assim, somente ap\u00f3s cumprir esses passos, a produ\u00e7\u00e3o poder\u00e1 ser iniciada.<\/p>\n<p><a href=\"https:\/\/g1.globo.com\/economia\/noticia\/2025\/10\/22\/exploracao-da-foz-do-amazonas-o-que-se-sabe-e-o-que-falta-saber.ghtml\" target=\"_blank\" rel=\"noopener\">Fonte<\/a><\/p>\n","protected":false},"excerpt":{"rendered":"<p>Explora\u00e7\u00e3o da Foz do Amazonas \u00e9 um passo importante para investigar reservas de petr\u00f3leo na Margem Equatorial. Esta iniciativa enfrenta controv\u00e9rsias ambientais e desafios t\u00e9cnicos, enquanto representa uma aposta estrat\u00e9gica para a seguran\u00e7a energ\u00e9tica e economia do Brasil.<\/p>\n","protected":false},"author":1,"featured_media":1687,"comment_status":"open","ping_status":"open","sticky":false,"template":"","format":"standard","meta":{"site-sidebar-layout":"default","site-content-layout":"","ast-site-content-layout":"default","site-content-style":"default","site-sidebar-style":"default","ast-global-header-display":"","ast-banner-title-visibility":"","ast-main-header-display":"","ast-hfb-above-header-display":"","ast-hfb-below-header-display":"","ast-hfb-mobile-header-display":"","site-post-title":"","ast-breadcrumbs-content":"","ast-featured-img":"","footer-sml-layout":"","theme-transparent-header-meta":"","adv-header-id-meta":"","stick-header-meta":"","header-above-stick-meta":"","header-main-stick-meta":"","header-below-stick-meta":"","astra-migrate-meta-layouts":"default","ast-page-background-enabled":"default","ast-page-background-meta":{"desktop":{"background-color":"var(--ast-global-color-5)","background-image":"","background-repeat":"repeat","background-position":"center center","background-size":"auto","background-attachment":"scroll","background-type":"","background-media":"","overlay-type":"","overlay-color":"","overlay-opacity":"","overlay-gradient":""},"tablet":{"background-color":"","background-image":"","background-repeat":"repeat","background-position":"center center","background-size":"auto","background-attachment":"scroll","background-type":"","background-media":"","overlay-type":"","overlay-color":"","overlay-opacity":"","overlay-gradient":""},"mobile":{"background-color":"","background-image":"","background-repeat":"repeat","background-position":"center center","background-size":"auto","background-attachment":"scroll","background-type":"","background-media":"","overlay-type":"","overlay-color":"","overlay-opacity":"","overlay-gradient":""}},"ast-content-background-meta":{"desktop":{"background-color":"var(--ast-global-color-4)","background-image":"","background-repeat":"repeat","background-position":"center center","background-size":"auto","background-attachment":"scroll","background-type":"","background-media":"","overlay-type":"","overlay-color":"","overlay-opacity":"","overlay-gradient":""},"tablet":{"background-color":"var(--ast-global-color-4)","background-image":"","background-repeat":"repeat","background-position":"center center","background-size":"auto","background-attachment":"scroll","background-type":"","background-media":"","overlay-type":"","overlay-color":"","overlay-opacity":"","overlay-gradient":""},"mobile":{"background-color":"var(--ast-global-color-4)","background-image":"","background-repeat":"repeat","background-position":"center center","background-size":"auto","background-attachment":"scroll","background-type":"","background-media":"","overlay-type":"","overlay-color":"","overlay-opacity":"","overlay-gradient":""}},"footnotes":""},"categories":[1],"tags":[],"class_list":["post-1688","post","type-post","status-publish","format-standard","has-post-thumbnail","hentry","category-ultimas"],"_links":{"self":[{"href":"https:\/\/startrico.com.br\/noticias\/wp-json\/wp\/v2\/posts\/1688","targetHints":{"allow":["GET"]}}],"collection":[{"href":"https:\/\/startrico.com.br\/noticias\/wp-json\/wp\/v2\/posts"}],"about":[{"href":"https:\/\/startrico.com.br\/noticias\/wp-json\/wp\/v2\/types\/post"}],"author":[{"embeddable":true,"href":"https:\/\/startrico.com.br\/noticias\/wp-json\/wp\/v2\/users\/1"}],"replies":[{"embeddable":true,"href":"https:\/\/startrico.com.br\/noticias\/wp-json\/wp\/v2\/comments?post=1688"}],"version-history":[{"count":0,"href":"https:\/\/startrico.com.br\/noticias\/wp-json\/wp\/v2\/posts\/1688\/revisions"}],"wp:featuredmedia":[{"embeddable":true,"href":"https:\/\/startrico.com.br\/noticias\/wp-json\/wp\/v2\/media\/1687"}],"wp:attachment":[{"href":"https:\/\/startrico.com.br\/noticias\/wp-json\/wp\/v2\/media?parent=1688"}],"wp:term":[{"taxonomy":"category","embeddable":true,"href":"https:\/\/startrico.com.br\/noticias\/wp-json\/wp\/v2\/categories?post=1688"},{"taxonomy":"post_tag","embeddable":true,"href":"https:\/\/startrico.com.br\/noticias\/wp-json\/wp\/v2\/tags?post=1688"}],"curies":[{"name":"wp","href":"https:\/\/api.w.org\/{rel}","templated":true}]}}