{"id":1698,"date":"2025-10-22T07:36:35","date_gmt":"2025-10-22T10:36:35","guid":{"rendered":"https:\/\/startrico.com.br\/noticias\/cada-conselho-e-um\/"},"modified":"2025-10-22T07:36:35","modified_gmt":"2025-10-22T10:36:35","slug":"cada-conselho-e-um","status":"publish","type":"post","link":"https:\/\/startrico.com.br\/noticias\/cada-conselho-e-um\/","title":{"rendered":"Cada Conselho \u00c9 Um Conselho: A Import\u00e2ncia Da Singularidade Nos Conselhos De Administra\u00e7\u00e3o"},"content":{"rendered":"<h2>Cada conselho possui sua pr\u00f3pria identidade<\/h2>\n<p>Na esfera dos conselhos de administra\u00e7\u00e3o, a ideia de um modelo \u00fanico e igual para todos simplesmente n\u00e3o se aplica. Cada colegiado tem suas particularidades, e compreender essa diversidade \u00e9 essencial para uma atua\u00e7\u00e3o eficiente.<\/p>\n<p>Por Sonia Consiglio \u2014 S\u00e3o Paulo<\/p>\n<p>22\/10\/2025 07h00 Atualizado agora<\/p>\n<p>Com frequ\u00eancia, recebo questionamentos como: &#8220;Os conselhos de administra\u00e7\u00e3o est\u00e3o realmente incorporando a agenda ESG em suas decis\u00f5es?&#8221; ou &#8220;Os temas ligados ao capital humano fazem parte das discuss\u00f5es regulares dos conselhos?&#8221;. Entendo o interesse, afinal, o conselho de administra\u00e7\u00e3o representa o \u00e1pice da governan\u00e7a corporativa, respons\u00e1vel por definir o direcionamento estrat\u00e9gico das organiza\u00e7\u00f5es.<\/p>\n<p>Atuo em conselhos desde 2020 e minha resposta consistentemente \u00e9: &#8220;Cada conselho \u00e9 um conselho&#8221;. N\u00e3o h\u00e1 dois colegiados iguais, pois muitos elementos influenciam essa din\u00e2mica, entre eles a cultura organizacional, o hist\u00f3rico da empresa, o estilo das lideran\u00e7as, a composi\u00e7\u00e3o acion\u00e1ria e os perfis dos conselheiros.<\/p>\n<p>Um aspecto que me fascina na minha atua\u00e7\u00e3o \u00e9 a oportunidade de analisar profundamente cada conselho, tentar entender sua din\u00e2mica, cultura impl\u00edcita, quais fatores fazem com que as opini\u00f5es do(a) presidente sejam realmente ouvidas, e o que mais impacta os membros a determinar as pautas das reuni\u00f5es. Esse conhecimento permite que eu contribua de maneira mais estrat\u00e9gica, propondo e estimulando debates relevantes.<\/p>\n<p>Ter essas percep\u00e7\u00f5es, mesmo que parciais, torna o trabalho em cada conselho \u00fanico. O que funciona com naturalidade em um grupo pode demandar articula\u00e7\u00e3o cuidadosa em outro. No mundo dos conselhos, o conceito &#8220;tamanho \u00fanico serve para todos&#8221; \u00e9 totalmente ineficaz.<\/p>\n<p>Quero dedicar um momento para reconhecer a import\u00e2ncia crucial do trabalho das secretarias de governan\u00e7a dentro dos conselhos. Nos conselhos em que participo, conto com profissionais qualificados, que possuem o perfil ideal para a complexa tarefa de media\u00e7\u00e3o, organiza\u00e7\u00e3o e sensibilidade que o cargo exige. Gesto com gratid\u00e3o a esses governance officers que s\u00e3o essenciais no dia a dia.<\/p>\n<p>Embora a singularidade dos conselhos seja a ess\u00eancia da reflex\u00e3o, \u00e9 v\u00e1lido buscar respostas comuns para as quest\u00f5es levantadas inicialmente. Nessa busca, estudos e pesquisas fornecem bons subs\u00eddios, mesmo com as limita\u00e7\u00f5es naturais de amostra e momento em que foram realizados.<\/p>\n<h3>Agenda ESG nos conselhos<\/h3>\n<p>Sobre a quest\u00e3o da prioridade da agenda ESG, uso como refer\u00eancia a publica\u00e7\u00e3o recente \u201cBoard Scorecard: a atua\u00e7\u00e3o dos conselhos frente aos impactos clim\u00e1ticos e \u00e0 estrat\u00e9gia net zero\u201d, lan\u00e7ada pelo Chapter Zero, ligado ao IBGC. A terceira edi\u00e7\u00e3o deste estudo ouviu 90 participantes entre conselheiros, CEOs e executivos. Destaco duas perguntas relevantes:<\/p>\n<p>1. \u201cO conselho compreende as implica\u00e7\u00f5es das mudan\u00e7as clim\u00e1ticas?\u201d<\/p>\n<ul class=\"myul\">\n<li>75,6% responderam que concordam ou concordam totalmente;<\/li>\n<li>11,1% ficaram neutros;<\/li>\n<li>13,3% discordaram ou discordaram totalmente.<\/li>\n<\/ul>\n<p>2. \u201cO tema das mudan\u00e7as clim\u00e1ticas \u00e9 discutido em pelo menos quatro reuni\u00f5es do conselho por ano, com objetivos definidos e informa\u00e7\u00f5es consolidadas?\u201d<\/p>\n<ul class=\"myul\">\n<li>37,8% concordaram ou concordaram totalmente;<\/li>\n<li>20% permaneceram neutros;<\/li>\n<li>42,2% discordaram ou discordaram totalmente.<\/li>\n<\/ul>\n<p>Refletindo sobre esses dados, chama aten\u00e7\u00e3o o aparente paradoxo que, apesar de 75,6% reconhecerem a import\u00e2ncia das mudan\u00e7as clim\u00e1ticas, apenas 37,8% confirmam que o tema faz parte efetiva das reuni\u00f5es regulares. Talvez isso indique concorr\u00eancia de pautas ou prioridades distintas em cada conselho. Ainda assim, \u00e9 positivo notar um grau significativo de conscientiza\u00e7\u00e3o acerca do assunto.<\/p>\n<h3>Foco em capital humano nas discuss\u00f5es<\/h3>\n<p>Para abordar a frequ\u00eancia com que as quest\u00f5es relacionadas a capital humano s\u00e3o discutidas, trago a pesquisa \u201c2025 Annual Corporate Directors Survey\u201d, da PwC. Uma das perguntas apresentava uma lista de nove temas, e \u201cGest\u00e3o de Talentos\u201d liderou a lista com os seguintes resultados:<\/p>\n<ul class=\"myul\">\n<li>72% dos entrevistados afirmaram que o tema \u00e9 tratado em todas as reuni\u00f5es;<\/li>\n<li>20% disseram que aparece em pelo menos duas reuni\u00f5es;<\/li>\n<li>6% relatam que o tema \u00e9 discutido uma vez;<\/li>\n<li>2% disseram que o tema nunca foi abordado.<\/li>\n<\/ul>\n<p>Esse cen\u00e1rio revela que a gest\u00e3o de pessoas est\u00e1 entre as prioridades mais constantes nos conselhos, o que \u00e9 um indicativo animador para a valoriza\u00e7\u00e3o do capital humano.<\/p>\n<h3>Tend\u00eancias para os conselhos em 2025<\/h3>\n<p>Todo in\u00edcio de ano, reviso pesquisas que indicam as principais tend\u00eancias para o trabalho dos conselhos durante o per\u00edodo seguinte. Esses estudos s\u00e3o fundamentais para fundamentar palestras, cursos e escritos. Embora o mundo corporativo n\u00e3o mude de forma abrupta, \u00e9 \u00fatil projetar o futuro.<\/p>\n<p>Assim, compartilho a \u201cPesquisa de Tend\u00eancias e Prioridades 2025\u201d da NACD (National Association of Corporate Directors), entidade americana de governan\u00e7a corporativa. A lista abaixo apresenta os dez temas que dominar\u00e3o as aten\u00e7\u00f5es nos conselhos, com maior ou menor destaque dependendo do conselho:<\/p>\n<ul class=\"myul\">\n<li>51% Mudan\u00e7as nas condi\u00e7\u00f5es econ\u00f4micas;<\/li>\n<li>46% Exig\u00eancias regulat\u00f3rias;<\/li>\n<li>41% Amea\u00e7as \u00e0 seguran\u00e7a cibern\u00e9tica;<\/li>\n<li>37% Competi\u00e7\u00e3o por talentos;<\/li>\n<li>31% Volatilidade geopol\u00edtica;<\/li>\n<li>30% Intelig\u00eancia Artificial;<\/li>\n<li>29% Disrup\u00e7\u00f5es crescentes nos modelos de neg\u00f3cio;<\/li>\n<li>28% Infla\u00e7\u00e3o;<\/li>\n<li>27% Avan\u00e7os tecnol\u00f3gicos;<\/li>\n<li>27% Dist\u00farbios nas cadeias de suprimentos.<\/li>\n<\/ul>\n<p>Obviamente, no Brasil, devemos ainda considerar a influ\u00eancia do ano eleitoral e suas singularidades locais.<\/p>\n<p><img decoding=\"async\" src=\"https:\/\/s2-valor-investe.glbimg.com\/3p5MCMbNB-Y2R7pu2kBQHtlHW2o=\/0x0:625x456\/984x0\/smart\/filters:strip_icc()\/i.s3.glbimg.com\/v1\/AUTH_f035dd6fd91c438fa04ab718d608bbaa\/internal_photos\/bs\/2025\/Z\/7\/R1wVglS4m0HkxhWVZCZQ\/imagem1.png\" alt=\"Resultado da Pesquisa de Tend\u00eancias e Prioridades 2025 da NACD\"><\/p>\n<p>Sonia Consiglio \u00e9 SDG Pioneer pelo Pacto Global da ONU e especialista em Sustentabilidade.<\/p>\n<p><img decoding=\"async\" src=\"https:\/\/s2-valor-investe.glbimg.com\/A6fdtTgr3CamAvh9QhYPyUNjzyA=\/0x0:1103x619\/984x0\/smart\/filters:strip_icc()\/i.s3.glbimg.com\/v1\/AUTH_f035dd6fd91c438fa04ab718d608bbaa\/internal_photos\/bs\/2024\/c\/g\/lRWQLzSzKhdZ7ksiDiTg\/sonia-consiglio.jpg\" alt=\"Foto de Sonia Consiglio\"><\/p>\n<p><a href=\"https:\/\/valorinveste.globo.com\/blogs\/sonia-consiglio\/coluna\/cada-conselho-e-um-conselho.ghtml\" target=\"_blank\" rel=\"noopener\">Fonte<\/a><\/p>\n","protected":false},"excerpt":{"rendered":"<p>Conselho de administra\u00e7\u00e3o \u00e9 uma estrutura \u00fanica para cada empresa, refletindo sua cultura, lideran\u00e7a e contexto. Entender essa singularidade \u00e9 vital para decis\u00f5es estrat\u00e9gicas eficazes, alinhando agendas como ESG e gest\u00e3o de capital humano para fortalecer a governan\u00e7a corporativa.<\/p>\n","protected":false},"author":1,"featured_media":1697,"comment_status":"open","ping_status":"open","sticky":false,"template":"","format":"standard","meta":{"site-sidebar-layout":"default","site-content-layout":"","ast-site-content-layout":"default","site-content-style":"default","site-sidebar-style":"default","ast-global-header-display":"","ast-banner-title-visibility":"","ast-main-header-display":"","ast-hfb-above-header-display":"","ast-hfb-below-header-display":"","ast-hfb-mobile-header-display":"","site-post-title":"","ast-breadcrumbs-content":"","ast-featured-img":"","footer-sml-layout":"","theme-transparent-header-meta":"","adv-header-id-meta":"","stick-header-meta":"","header-above-stick-meta":"","header-main-stick-meta":"","header-below-stick-meta":"","astra-migrate-meta-layouts":"default","ast-page-background-enabled":"default","ast-page-background-meta":{"desktop":{"background-color":"var(--ast-global-color-5)","background-image":"","background-repeat":"repeat","background-position":"center center","background-size":"auto","background-attachment":"scroll","background-type":"","background-media":"","overlay-type":"","overlay-color":"","overlay-opacity":"","overlay-gradient":""},"tablet":{"background-color":"","background-image":"","background-repeat":"repeat","background-position":"center center","background-size":"auto","background-attachment":"scroll","background-type":"","background-media":"","overlay-type":"","overlay-color":"","overlay-opacity":"","overlay-gradient":""},"mobile":{"background-color":"","background-image":"","background-repeat":"repeat","background-position":"center center","background-size":"auto","background-attachment":"scroll","background-type":"","background-media":"","overlay-type":"","overlay-color":"","overlay-opacity":"","overlay-gradient":""}},"ast-content-background-meta":{"desktop":{"background-color":"var(--ast-global-color-4)","background-image":"","background-repeat":"repeat","background-position":"center center","background-size":"auto","background-attachment":"scroll","background-type":"","background-media":"","overlay-type":"","overlay-color":"","overlay-opacity":"","overlay-gradient":""},"tablet":{"background-color":"var(--ast-global-color-4)","background-image":"","background-repeat":"repeat","background-position":"center center","background-size":"auto","background-attachment":"scroll","background-type":"","background-media":"","overlay-type":"","overlay-color":"","overlay-opacity":"","overlay-gradient":""},"mobile":{"background-color":"var(--ast-global-color-4)","background-image":"","background-repeat":"repeat","background-position":"center center","background-size":"auto","background-attachment":"scroll","background-type":"","background-media":"","overlay-type":"","overlay-color":"","overlay-opacity":"","overlay-gradient":""}},"footnotes":""},"categories":[1],"tags":[],"class_list":["post-1698","post","type-post","status-publish","format-standard","has-post-thumbnail","hentry","category-ultimas"],"_links":{"self":[{"href":"https:\/\/startrico.com.br\/noticias\/wp-json\/wp\/v2\/posts\/1698","targetHints":{"allow":["GET"]}}],"collection":[{"href":"https:\/\/startrico.com.br\/noticias\/wp-json\/wp\/v2\/posts"}],"about":[{"href":"https:\/\/startrico.com.br\/noticias\/wp-json\/wp\/v2\/types\/post"}],"author":[{"embeddable":true,"href":"https:\/\/startrico.com.br\/noticias\/wp-json\/wp\/v2\/users\/1"}],"replies":[{"embeddable":true,"href":"https:\/\/startrico.com.br\/noticias\/wp-json\/wp\/v2\/comments?post=1698"}],"version-history":[{"count":0,"href":"https:\/\/startrico.com.br\/noticias\/wp-json\/wp\/v2\/posts\/1698\/revisions"}],"wp:featuredmedia":[{"embeddable":true,"href":"https:\/\/startrico.com.br\/noticias\/wp-json\/wp\/v2\/media\/1697"}],"wp:attachment":[{"href":"https:\/\/startrico.com.br\/noticias\/wp-json\/wp\/v2\/media?parent=1698"}],"wp:term":[{"taxonomy":"category","embeddable":true,"href":"https:\/\/startrico.com.br\/noticias\/wp-json\/wp\/v2\/categories?post=1698"},{"taxonomy":"post_tag","embeddable":true,"href":"https:\/\/startrico.com.br\/noticias\/wp-json\/wp\/v2\/tags?post=1698"}],"curies":[{"name":"wp","href":"https:\/\/api.w.org\/{rel}","templated":true}]}}