{"id":1706,"date":"2025-10-22T07:56:19","date_gmt":"2025-10-22T10:56:19","guid":{"rendered":"https:\/\/startrico.com.br\/noticias\/compensacao-aneel-para-consumidores\/"},"modified":"2025-10-22T07:56:19","modified_gmt":"2025-10-22T10:56:19","slug":"compensacao-aneel-para-consumidores","status":"publish","type":"post","link":"https:\/\/startrico.com.br\/noticias\/compensacao-aneel-para-consumidores\/","title":{"rendered":"Compensa\u00e7\u00e3o Aneel Para Consumidores Em Longas Interrup\u00e7\u00f5es De Energia"},"content":{"rendered":"<h2>Aneel institui compensa\u00e7\u00e3o para consumidores afetados por longas quedas de energia<\/h2>\n<p>A partir da aprova\u00e7\u00e3o pela diretoria da Ag\u00eancia Nacional de Energia El\u00e9trica (Aneel), novas normas entram em vigor para garantir melhor atendimento aos consumidores diante de interrup\u00e7\u00f5es prolongadas no fornecimento de energia. A medida ser\u00e1 aplicada a partir de cortes que ultrapassem 24 horas em \u00e1reas urbanas e 48 horas em zonas rurais.<\/p>\n<p>Segundo a Aneel, essa iniciativa visa responder ao aumento da frequ\u00eancia e intensidade dos impactos no sistema el\u00e9trico causados por eventos clim\u00e1ticos severos no Brasil, buscando maior prote\u00e7\u00e3o e suporte aos usu\u00e1rios.<\/p>\n<h3>Principais a\u00e7\u00f5es estabelecidas pela Aneel<\/h3>\n<p>Entre as diretrizes aprovadas, destacam-se:<\/p>\n<ul class=\"myul\">\n<li><strong>Compensa\u00e7\u00e3o financeira:<\/strong> Consumidores ter\u00e3o direito a abatimentos nas faturas de energia quando a interrup\u00e7\u00e3o durar mais de 24 horas em \u00e1reas urbanas ou 48 horas em \u00e1reas rurais. O valor ser\u00e1 calculado com base na tarifa em vigor e no tempo sem energia.<\/li>\n<li><strong>Reembolso por danos el\u00e9tricos:<\/strong> Ser\u00e1 garantido o ressarcimento ao consumidor em casos de danos aos equipamentos el\u00e9tricos, desde que comprovado o nexo causal com o fornecimento de energia durante situa\u00e7\u00f5es de emerg\u00eancia ou calamidade.<\/li>\n<li><strong>Comunica\u00e7\u00e3o r\u00e1pida e transparente:<\/strong> As distribuidoras dever\u00e3o informar aos consumidores, em at\u00e9 15 minutos ap\u00f3s identificada a causa da interrup\u00e7\u00e3o ou at\u00e9 uma hora ap\u00f3s constatar o problema, detalhes como a prov\u00e1vel origem da falha, a \u00e1rea afetada e a previs\u00e3o para restabelecimento, independentemente da investiga\u00e7\u00e3o completa da causa.<\/li>\n<\/ul>\n<p>Al\u00e9m disso, as empresas distribuidoras s\u00e3o obrigadas a manter um portal online atualizado a cada 30 minutos contendo o registro das interrup\u00e7\u00f5es em curso, n\u00famero de consumidores afetados e um mapa das regi\u00f5es impactadas. O n\u00e3o cumprimento dessas exig\u00eancias poder\u00e1 acarretar multas e outras penalidades.<\/p>\n<h3>Preven\u00e7\u00e3o e planos de conting\u00eancia<\/h3>\n<p>A Aneel definiu que, apesar da poda de \u00e1rvores ser responsabilidade das prefeituras, as distribuidoras devem executar a\u00e7\u00f5es preventivas e corretivas para garantir a seguran\u00e7a e continuidade do servi\u00e7o. Tamb\u00e9m dever\u00e3o elaborar, divulgar publicamente e revisar seus planos de monitoramento das condi\u00e7\u00f5es clim\u00e1ticas e estrat\u00e9gias de resposta para eventos extremos.<\/p>\n<p>Por fim, est\u00e1 previsto que os treinamentos relacionados \u00e0 comunica\u00e7\u00e3o e protocolos de crise sejam realizados conforme a melhor avalia\u00e7\u00e3o das empresas e das autoridades locais, buscando maior coopera\u00e7\u00e3o institucional sem imposi\u00e7\u00f5es r\u00edgidas.<\/p>\n<p><a href=\"https:\/\/exame.com\/economia\/aneel-cria-compensacao-a-consumidores-afetados-por-longas-interrupcoes-de-energia\/\" target=\"_blank\" rel=\"noopener\">Fonte<\/a><\/p>\n","protected":false},"excerpt":{"rendered":"<p>Compensa\u00e7\u00e3o Aneel institui normas para proteger consumidores durante longas interrup\u00e7\u00f5es de energia, incluindo descontos nas faturas e ressarcimentos por danos. A iniciativa aumenta a transpar\u00eancia e seguran\u00e7a no fornecimento, visando minimizar os impactos causados por eventos clim\u00e1ticos severos no Brasil.<\/p>\n","protected":false},"author":1,"featured_media":1705,"comment_status":"open","ping_status":"open","sticky":false,"template":"","format":"standard","meta":{"site-sidebar-layout":"default","site-content-layout":"","ast-site-content-layout":"default","site-content-style":"default","site-sidebar-style":"default","ast-global-header-display":"","ast-banner-title-visibility":"","ast-main-header-display":"","ast-hfb-above-header-display":"","ast-hfb-below-header-display":"","ast-hfb-mobile-header-display":"","site-post-title":"","ast-breadcrumbs-content":"","ast-featured-img":"","footer-sml-layout":"","theme-transparent-header-meta":"","adv-header-id-meta":"","stick-header-meta":"","header-above-stick-meta":"","header-main-stick-meta":"","header-below-stick-meta":"","astra-migrate-meta-layouts":"default","ast-page-background-enabled":"default","ast-page-background-meta":{"desktop":{"background-color":"var(--ast-global-color-5)","background-image":"","background-repeat":"repeat","background-position":"center center","background-size":"auto","background-attachment":"scroll","background-type":"","background-media":"","overlay-type":"","overlay-color":"","overlay-opacity":"","overlay-gradient":""},"tablet":{"background-color":"","background-image":"","background-repeat":"repeat","background-position":"center center","background-size":"auto","background-attachment":"scroll","background-type":"","background-media":"","overlay-type":"","overlay-color":"","overlay-opacity":"","overlay-gradient":""},"mobile":{"background-color":"","background-image":"","background-repeat":"repeat","background-position":"center center","background-size":"auto","background-attachment":"scroll","background-type":"","background-media":"","overlay-type":"","overlay-color":"","overlay-opacity":"","overlay-gradient":""}},"ast-content-background-meta":{"desktop":{"background-color":"var(--ast-global-color-4)","background-image":"","background-repeat":"repeat","background-position":"center center","background-size":"auto","background-attachment":"scroll","background-type":"","background-media":"","overlay-type":"","overlay-color":"","overlay-opacity":"","overlay-gradient":""},"tablet":{"background-color":"var(--ast-global-color-4)","background-image":"","background-repeat":"repeat","background-position":"center center","background-size":"auto","background-attachment":"scroll","background-type":"","background-media":"","overlay-type":"","overlay-color":"","overlay-opacity":"","overlay-gradient":""},"mobile":{"background-color":"var(--ast-global-color-4)","background-image":"","background-repeat":"repeat","background-position":"center center","background-size":"auto","background-attachment":"scroll","background-type":"","background-media":"","overlay-type":"","overlay-color":"","overlay-opacity":"","overlay-gradient":""}},"footnotes":""},"categories":[1],"tags":[],"class_list":["post-1706","post","type-post","status-publish","format-standard","has-post-thumbnail","hentry","category-ultimas"],"_links":{"self":[{"href":"https:\/\/startrico.com.br\/noticias\/wp-json\/wp\/v2\/posts\/1706","targetHints":{"allow":["GET"]}}],"collection":[{"href":"https:\/\/startrico.com.br\/noticias\/wp-json\/wp\/v2\/posts"}],"about":[{"href":"https:\/\/startrico.com.br\/noticias\/wp-json\/wp\/v2\/types\/post"}],"author":[{"embeddable":true,"href":"https:\/\/startrico.com.br\/noticias\/wp-json\/wp\/v2\/users\/1"}],"replies":[{"embeddable":true,"href":"https:\/\/startrico.com.br\/noticias\/wp-json\/wp\/v2\/comments?post=1706"}],"version-history":[{"count":0,"href":"https:\/\/startrico.com.br\/noticias\/wp-json\/wp\/v2\/posts\/1706\/revisions"}],"wp:featuredmedia":[{"embeddable":true,"href":"https:\/\/startrico.com.br\/noticias\/wp-json\/wp\/v2\/media\/1705"}],"wp:attachment":[{"href":"https:\/\/startrico.com.br\/noticias\/wp-json\/wp\/v2\/media?parent=1706"}],"wp:term":[{"taxonomy":"category","embeddable":true,"href":"https:\/\/startrico.com.br\/noticias\/wp-json\/wp\/v2\/categories?post=1706"},{"taxonomy":"post_tag","embeddable":true,"href":"https:\/\/startrico.com.br\/noticias\/wp-json\/wp\/v2\/tags?post=1706"}],"curies":[{"name":"wp","href":"https:\/\/api.w.org\/{rel}","templated":true}]}}