{"id":1712,"date":"2025-10-23T07:11:13","date_gmt":"2025-10-23T10:11:13","guid":{"rendered":"https:\/\/startrico.com.br\/noticias\/geracao-x-enfrenta-inseguranca\/"},"modified":"2025-10-23T07:11:13","modified_gmt":"2025-10-23T10:11:13","slug":"geracao-x-enfrenta-inseguranca","status":"publish","type":"post","link":"https:\/\/startrico.com.br\/noticias\/geracao-x-enfrenta-inseguranca\/","title":{"rendered":"Gera\u00e7\u00e3o X Enfrenta Inseguran\u00e7a Financeira Aos 60 Anos"},"content":{"rendered":"<h2>Gera\u00e7\u00e3o X alcan\u00e7a os 60 anos enfrentando incertezas financeiras<\/h2>\n<p>Ao contr\u00e1rio dos baby boomers, que tiveram trajet\u00f3rias profissionais mais est\u00e1veis, as pessoas nascidas entre 1965 e 1980 passaram por profundas transforma\u00e7\u00f5es sociais e no ambiente de trabalho.<\/p>\n<p>Por Mariza Tavares \u2014 Rio de Janeiro<\/p>\n<p>23\/10\/2025 04h02  Atualizado h\u00e1 3 horas<\/p>\n<p>Os membros mais antigos da Gera\u00e7\u00e3o X, grupo que inclui os nascidos de 1965 a 1980, est\u00e3o come\u00e7ando a completar 60 anos, entrando assim na fase da aposentadoria. &#8220;Eles nem conseguem acreditar que isso est\u00e1 acontecendo!&#8221;, comenta com bom humor Kerry Hannon, autora do livro <em>Retirement bites<\/em> (que pode ser traduzido como &#8220;A aposentadoria morde&#8221;), escrito em parceria com Janna Herron. Diferentemente dos baby boomers, que desfrutaram de empregos mais seguros e, principalmente nos Estados Unidos, receberam contribui\u00e7\u00f5es dos empregadores para planos privados de previd\u00eancia, a Gera\u00e7\u00e3o X experimentou mudan\u00e7as sociais significativas e transforma\u00e7\u00f5es nas rela\u00e7\u00f5es laborais.<\/p>\n<p><img decoding=\"async\" src=\"https:\/\/s2-g1.glbimg.com\/9Zh1UZF8R35pckYnujTaV6cIA7Y=\/0x0:1583x1176\/984x0\/smart\/filters:strip_icc()\/i.s3.glbimg.com\/v1\/AUTH_59edd422c0c84a879bd37670ae4f538a\/internal_photos\/bs\/2025\/R\/q\/XdvdSWQj2AtaE2uusmEQ\/livroretirementbites.jpg\" alt=\"Gera\u00e7\u00e3o X chega aos 60 anos imersa na inseguran\u00e7a financeira \u2014 Foto: Lars Gustav para Pixabay\"\/><\/p>\n<p>\u201cEssa gera\u00e7\u00e3o n\u00e3o conta mais com a mesma rede de amparo dos seus predecessores e teve menos acesso \u00e0 educa\u00e7\u00e3o financeira, algo que est\u00e1 mais difundido entre os jovens hoje em dia. Al\u00e9m disso, foi exposta de forma intensa ao uso do cart\u00e3o de cr\u00e9dito e acumula muitas d\u00edvidas. Agora, al\u00e9m de cuidar dos pr\u00f3prios filhos, frequentemente tamb\u00e9m passa a cuidar dos pais idosos\u201d, explicou Hannon em entrevista realizada online.<\/p>\n<p>Como autora de v\u00e1rios livros sobre mudan\u00e7as na carreira, ela destaca que preparar-se para a aposentadoria vai al\u00e9m de apenas juntar dinheiro: envolve descobrir formas de se manter ativo.<\/p>\n<p>\u201cO maior erro \u00e9 ficar esperando que a aposentadoria simplesmente aconte\u00e7a. Aos 60 anos, ainda temos comumente duas d\u00e9cadas ou mais pela frente. \u00c9 fundamental aprimorar habilidades, aprender coisas novas e se reinventar profissionalmente. Isso ajuda a adiar a sa\u00edda definitiva do mercado de trabalho e a proteger a reserva financeira para a velhice. Como nem todos gostam do que fazem, \u00e9 indispens\u00e1vel avaliar a situa\u00e7\u00e3o com cuidado: o que voc\u00ea gostaria de realizar? O que gostaria de ter feito? E come\u00e7ar a se preparar para isso.\u201d<\/p>\n<p>Ela orienta que o ponto inicial deve ser uma an\u00e1lise completa dos gastos, eliminando despesas desnecess\u00e1rias. Depois, \u00e9 essencial iniciar uma poupan\u00e7a, mesmo que com valores pequenos regularmente. Contudo, em situa\u00e7\u00f5es de d\u00edvidas, especialmente com o cart\u00e3o de cr\u00e9dito, a prioridade deve ser quit\u00e1-las.<\/p>\n<p><img decoding=\"async\" src=\"https:\/\/s2-g1.glbimg.com\/xGCEy1s8T-wNEoSzRvtvDtUUXm4=\/0x0:2773x1566\/984x0\/smart\/filters:strip_icc()\/i.s3.glbimg.com\/v1\/AUTH_59edd422c0c84a879bd37670ae4f538a\/internal_photos\/bs\/2025\/S\/A\/B69Kz8RpAJxJv221cA7A\/kerryhannon2.jpg\" alt=\"Kerry Hannon, que acaba de lan\u00e7ar 'Retirement bites', livro sobre prepara\u00e7\u00e3o financeira para a velhice \u2014 Foto: Divulga\u00e7\u00e3o\"\/><\/p>\n<p>\u201c\u00c9 fundamental se interessar por op\u00e7\u00f5es de investimentos e refletir sobre quest\u00f5es ligadas \u00e0 longevidade: por quanto tempo vou viver e qual estilo de vida desejo manter? As mulheres ainda enfrentam barreiras semelhantes \u00e0s de gera\u00e7\u00f5es anteriores, com sal\u00e1rios menores e interrup\u00e7\u00f5es na carreira para cuidar dos filhos, o que dificulta economizar. Muitas mulheres na faixa dos 80 anos ficam vi\u00favas, t\u00eam despesas altas com sa\u00fade e acabam vulner\u00e1veis \u00e0 pobreza. Sempre refor\u00e7o que ningu\u00e9m pode alegar desinteresse por n\u00fameros ou achar finan\u00e7as um tema chato, pois tratamos da sua pr\u00f3pria vida!\u201d<\/p>\n<p>O avan\u00e7o da intelig\u00eancia artificial pode ser uma ferramenta \u00fatil para estimar o montante necess\u00e1rio para a aposentadoria. Ao consultar um assistente de IA sobre quanto uma pessoa de 60 anos precisaria para garantir retiradas mensais de R$ 10 mil at\u00e9 os 90 anos, assumindo uma rentabilidade conservadora de 3% ao ano (semelhante \u00e0 da poupan\u00e7a), o resultado informado foi cerca de R$ 2,8 milh\u00f5es, valor inacess\u00edvel para a maior parte das pessoas. Essa realidade refor\u00e7a a import\u00e2ncia dos conselhos de Hannon.<\/p>\n<p><img decoding=\"async\" src=\"https:\/\/s01.video.glbimg.com\/x240\/11649616.jpg\" alt=\"Gera\u00e7\u00e3o X, millennial, baby boomer: esclarecendo os termos\"\/><a href=\"https:\/\/g1.globo.com\/bemestar\/blog\/longevidade-modo-de-usar\/post\/2025\/10\/23\/geracao-x-chega-aos-60-anos-imersa-na-inseguranca-financeira.ghtml\" target=\"_blank\" rel=\"noopener\">Fonte<\/a><\/p>\n","protected":false},"excerpt":{"rendered":"<p>Inseguran\u00e7a financeira impacta profundamente a Gera\u00e7\u00e3o X que chega aos 60 anos sem a mesma estabilidade e suporte previdenci\u00e1rio dos baby boomers. Com d\u00edvidas acumuladas e necessidade de reinven\u00e7\u00e3o profissional, preparar-se para a aposentadoria exige planejamento e cuidado para manter qualidade de vida.<\/p>\n","protected":false},"author":1,"featured_media":1711,"comment_status":"open","ping_status":"open","sticky":false,"template":"","format":"standard","meta":{"site-sidebar-layout":"default","site-content-layout":"","ast-site-content-layout":"default","site-content-style":"default","site-sidebar-style":"default","ast-global-header-display":"","ast-banner-title-visibility":"","ast-main-header-display":"","ast-hfb-above-header-display":"","ast-hfb-below-header-display":"","ast-hfb-mobile-header-display":"","site-post-title":"","ast-breadcrumbs-content":"","ast-featured-img":"","footer-sml-layout":"","theme-transparent-header-meta":"","adv-header-id-meta":"","stick-header-meta":"","header-above-stick-meta":"","header-main-stick-meta":"","header-below-stick-meta":"","astra-migrate-meta-layouts":"default","ast-page-background-enabled":"default","ast-page-background-meta":{"desktop":{"background-color":"var(--ast-global-color-5)","background-image":"","background-repeat":"repeat","background-position":"center center","background-size":"auto","background-attachment":"scroll","background-type":"","background-media":"","overlay-type":"","overlay-color":"","overlay-opacity":"","overlay-gradient":""},"tablet":{"background-color":"","background-image":"","background-repeat":"repeat","background-position":"center center","background-size":"auto","background-attachment":"scroll","background-type":"","background-media":"","overlay-type":"","overlay-color":"","overlay-opacity":"","overlay-gradient":""},"mobile":{"background-color":"","background-image":"","background-repeat":"repeat","background-position":"center center","background-size":"auto","background-attachment":"scroll","background-type":"","background-media":"","overlay-type":"","overlay-color":"","overlay-opacity":"","overlay-gradient":""}},"ast-content-background-meta":{"desktop":{"background-color":"var(--ast-global-color-4)","background-image":"","background-repeat":"repeat","background-position":"center center","background-size":"auto","background-attachment":"scroll","background-type":"","background-media":"","overlay-type":"","overlay-color":"","overlay-opacity":"","overlay-gradient":""},"tablet":{"background-color":"var(--ast-global-color-4)","background-image":"","background-repeat":"repeat","background-position":"center center","background-size":"auto","background-attachment":"scroll","background-type":"","background-media":"","overlay-type":"","overlay-color":"","overlay-opacity":"","overlay-gradient":""},"mobile":{"background-color":"var(--ast-global-color-4)","background-image":"","background-repeat":"repeat","background-position":"center center","background-size":"auto","background-attachment":"scroll","background-type":"","background-media":"","overlay-type":"","overlay-color":"","overlay-opacity":"","overlay-gradient":""}},"footnotes":""},"categories":[1],"tags":[],"class_list":["post-1712","post","type-post","status-publish","format-standard","has-post-thumbnail","hentry","category-ultimas"],"_links":{"self":[{"href":"https:\/\/startrico.com.br\/noticias\/wp-json\/wp\/v2\/posts\/1712","targetHints":{"allow":["GET"]}}],"collection":[{"href":"https:\/\/startrico.com.br\/noticias\/wp-json\/wp\/v2\/posts"}],"about":[{"href":"https:\/\/startrico.com.br\/noticias\/wp-json\/wp\/v2\/types\/post"}],"author":[{"embeddable":true,"href":"https:\/\/startrico.com.br\/noticias\/wp-json\/wp\/v2\/users\/1"}],"replies":[{"embeddable":true,"href":"https:\/\/startrico.com.br\/noticias\/wp-json\/wp\/v2\/comments?post=1712"}],"version-history":[{"count":0,"href":"https:\/\/startrico.com.br\/noticias\/wp-json\/wp\/v2\/posts\/1712\/revisions"}],"wp:featuredmedia":[{"embeddable":true,"href":"https:\/\/startrico.com.br\/noticias\/wp-json\/wp\/v2\/media\/1711"}],"wp:attachment":[{"href":"https:\/\/startrico.com.br\/noticias\/wp-json\/wp\/v2\/media?parent=1712"}],"wp:term":[{"taxonomy":"category","embeddable":true,"href":"https:\/\/startrico.com.br\/noticias\/wp-json\/wp\/v2\/categories?post=1712"},{"taxonomy":"post_tag","embeddable":true,"href":"https:\/\/startrico.com.br\/noticias\/wp-json\/wp\/v2\/tags?post=1712"}],"curies":[{"name":"wp","href":"https:\/\/api.w.org\/{rel}","templated":true}]}}