{"id":1740,"date":"2025-10-24T07:30:55","date_gmt":"2025-10-24T10:30:55","guid":{"rendered":"https:\/\/startrico.com.br\/noticias\/copasa-avanca-forte-com\/"},"modified":"2025-10-24T07:30:55","modified_gmt":"2025-10-24T10:30:55","slug":"copasa-avanca-forte-com","status":"publish","type":"post","link":"https:\/\/startrico.com.br\/noticias\/copasa-avanca-forte-com\/","title":{"rendered":"Copasa Avan\u00e7a Forte Com Expectativa De Privatiza\u00e7\u00e3o Em Minas Gerais"},"content":{"rendered":"<h2>A\u00e7\u00f5es da Copasa avan\u00e7am mais de 80% em 2025 com expectativa de privatiza\u00e7\u00e3o, mas desafios ainda persistem<\/h2>\n<p>Em 2025, as a\u00e7\u00f5es da Companhia de Saneamento de Minas Gerais (Copasa), negociadas sob o c\u00f3digo CSMG3, tiveram um expressivo crescimento, superando os 80% de valoriza\u00e7\u00e3o no ano. Esse desempenho \u00e9 impulsionado pela expectativa da privatiza\u00e7\u00e3o da estatal, que tem movimentado o mercado e atra\u00eddo o interesse dos investidores. Em outubro, o papel subiu cerca de 8%, refor\u00e7ando o otimismo em torno da poss\u00edvel concess\u00e3o ao setor privado.<\/p>\n<p>No entanto, especialistas ressaltam que o pre\u00e7o das a\u00e7\u00f5es, atualmente acima de R$ 30, pode ter alcan\u00e7ado um limite, pois j\u00e1 incorpora as proje\u00e7\u00f5es do processo de privatiza\u00e7\u00e3o.<\/p>\n<h2>PEC do Referendo e avan\u00e7o legislativo na Assembleia de Minas Gerais<\/h2>\n<p>Um importante passo para a privatiza\u00e7\u00e3o da Copasa \u00e9 a aprova\u00e7\u00e3o da Proposta de Emenda Constitucional (PEC) 24\/2023 na Assembleia Legislativa de Minas Gerais (ALMG). Essa emenda prev\u00ea a retirada da exig\u00eancia de referendo popular para autorizar a venda da companhia, o que pode facilitar o andamento do processo.<\/p>\n<p>Na quinta-feira, 23 de outubro, deputados estaduais mineiros realizaram sess\u00f5es para debater a PEC do Referendo, restando apenas uma sess\u00e3o para a conclus\u00e3o das discuss\u00f5es. At\u00e9 o momento, cinco das seis reuni\u00f5es previstas foram realizadas, sendo que uma foi anulada por solicita\u00e7\u00e3o da oposi\u00e7\u00e3o. A aprova\u00e7\u00e3o necessitar\u00e1 de maioria simples, o que pode ocorrer nos pr\u00f3ximos dias, se aprovado na sess\u00e3o de hoje.<\/p>\n<p>Com a aprova\u00e7\u00e3o da PEC, conforme comenta Rafael Passos, analista da Ajax Asset, a ALMG precisar\u00e1 realizar um segundo debate sobre o Projeto de Lei 4.380\/2025, que autorizar\u00e1 efetivamente a privatiza\u00e7\u00e3o da empresa. Contudo, ele destaca que o t\u00e9rmino deste processo legislativo ainda \u00e9 incerto e pode se estender at\u00e9 o come\u00e7o de 2026.<\/p>\n<h2>Impactos do calend\u00e1rio eleitoral e cen\u00e1rio pol\u00edtico<\/h2>\n<p>O mercado acompanha tamb\u00e9m os desdobramentos das elei\u00e7\u00f5es estaduais previstas para 2026. Segundo o trader Artur Horta, da The Link Investimentos, os principais candidatos ao governo de Minas Gerais atualmente s\u00e3o de direita e tendem a apoiar a privatiza\u00e7\u00e3o. O vice-governador Mateus Sim\u00f5es, que dever\u00e1 assumir o governo em abril, \u00e9 um exemplo desse perfil favor\u00e1vel.<\/p>\n<p>Contudo, o analista aponta que a entrada de um candidato contr\u00e1rio \u00e0 concess\u00e3o poderia impactar negativamente as a\u00e7\u00f5es da Copasa.<\/p>\n<h2>Recomenda\u00e7\u00f5es dos bancos e perspectivas para o papel<\/h2>\n<p>Diante da possibilidade de privatiza\u00e7\u00e3o, institui\u00e7\u00f5es financeiras como Citi e Ita\u00fa BBA melhoraram suas recomenda\u00e7\u00f5es para as a\u00e7\u00f5es da Copasa, enquanto o Banco Safra mant\u00e9m uma vis\u00e3o positiva sobre o ativo.<\/p>\n<h2>Modelo de privatiza\u00e7\u00e3o deve seguir refer\u00eancias da Sabesp<\/h2>\n<p>O mercado avalia que o governo de Minas Gerais poder\u00e1 adotar um modelo semelhante ao da Sabesp na concess\u00e3o da Copasa. Uma fonte relevante do setor de saneamento afirma que o processo deve incluir mecanismos como a golden share e restri\u00e7\u00f5es para que investidores n\u00e3o concorram em licita\u00e7\u00f5es de outras companhias do setor em que a empresa tenha interesse.<\/p>\n<p>Segundo essa fonte, a privatiza\u00e7\u00e3o da Sabesp foi bem-sucedida e serviria de refer\u00eancia para o processo na Copasa, possibilitando a atra\u00e7\u00e3o de um s\u00f3cio estrat\u00e9gico do setor de infraestrutura em vez de um investidor comum. Isso traria benef\u00edcio para o mercado, gerando uma nova for\u00e7a no segmento que hoje \u00e9 liderado pela Sabesp e pela Aegea.<\/p>\n<p>Espera-se que fundos como Patria e empresas como a Equatorial (EQTL3) possam se interessar pelo processo, ainda que a Equatorial tenha focos priorit\u00e1rios na universaliza\u00e7\u00e3o dos servi\u00e7os da Sabesp.<\/p>\n<p>As opera\u00e7\u00f5es da Sabesp e da Copasa s\u00e3o consideradas complementares, uma vez que atuam em regi\u00f5es vizinhas. Essa integra\u00e7\u00e3o pode fortalecer a seguran\u00e7a h\u00eddrica das popula\u00e7\u00f5es atendidas e ampliar a base de ativos da Sabesp, potencialmente tornando-a uma das maiores empresas do setor no mundo.<\/p>\n<p>Al\u00e9m disso, a gestora Patria tem ampliado seu portf\u00f3lio em infraestrutura, tendo recentemente fechado seu quinto fundo de investimentos no setor, com capta\u00e7\u00e3o de R$ 15,4 bilh\u00f5es.<\/p>\n<h2>Greve dos funcion\u00e1rios e resist\u00eancia \u00e0 privatiza\u00e7\u00e3o<\/h2>\n<p>Apesar do avan\u00e7o das discuss\u00f5es, a privatiza\u00e7\u00e3o da Copasa enfrenta resist\u00eancia significativa. Os trabalhadores da companhia entraram em greve por tempo indeterminado para se opor \u00e0 aprova\u00e7\u00e3o da PEC que viabiliza a concess\u00e3o privada.<\/p>\n<p>A paralisa\u00e7\u00e3o, inicialmente prevista para o per\u00edodo de 21 a 23 de outubro, foi estendida ap\u00f3s avalia\u00e7\u00e3o do sindicato de que a vota\u00e7\u00e3o do texto pode se prolongar al\u00e9m da data inicialmente prevista.<\/p>\n<p>Eduardo Pereira, presidente do Sindicato dos Trabalhadores nas Ind\u00fastrias de Purifica\u00e7\u00e3o e Distribui\u00e7\u00e3o de \u00c1gua e em Servi\u00e7os de Esgoto do Estado de Minas Gerais (Sind\u00e1gua-MG), enfatiza que a quest\u00e3o envolve o direito do povo mineiro de decidir sobre o futuro da Copasa. Segundo ele, a privatiza\u00e7\u00e3o n\u00e3o \u00e9 um tema exclusivo dos trabalhadores, mas de toda a popula\u00e7\u00e3o, que deveria ser consultada antes de qualquer decis\u00e3o sobre a venda da empresa.<\/p>\n<p><a href=\"https:\/\/einvestidor.estadao.com.br\/ultimas\/copasa-privatizacao-avanca-acoes-sobem-greve-e-incertezas-minas-gerais\/\" target=\"_blank\" rel=\"noopener\">Fonte<\/a><\/p>\n","protected":false},"excerpt":{"rendered":"<p>A privatiza\u00e7\u00e3o da Copasa tem impulsionado a valoriza\u00e7\u00e3o das a\u00e7\u00f5es da empresa, que cresceram mais de 80% no ano, refletindo o otimismo do mercado diante do avan\u00e7o legislativo. No entanto, o cen\u00e1rio pol\u00edtico e a greve dos funcion\u00e1rios mant\u00eam incertezas sobre o desfecho do processo.<\/p>\n","protected":false},"author":1,"featured_media":1739,"comment_status":"open","ping_status":"open","sticky":false,"template":"","format":"standard","meta":{"site-sidebar-layout":"default","site-content-layout":"","ast-site-content-layout":"default","site-content-style":"default","site-sidebar-style":"default","ast-global-header-display":"","ast-banner-title-visibility":"","ast-main-header-display":"","ast-hfb-above-header-display":"","ast-hfb-below-header-display":"","ast-hfb-mobile-header-display":"","site-post-title":"","ast-breadcrumbs-content":"","ast-featured-img":"","footer-sml-layout":"","theme-transparent-header-meta":"","adv-header-id-meta":"","stick-header-meta":"","header-above-stick-meta":"","header-main-stick-meta":"","header-below-stick-meta":"","astra-migrate-meta-layouts":"default","ast-page-background-enabled":"default","ast-page-background-meta":{"desktop":{"background-color":"var(--ast-global-color-5)","background-image":"","background-repeat":"repeat","background-position":"center center","background-size":"auto","background-attachment":"scroll","background-type":"","background-media":"","overlay-type":"","overlay-color":"","overlay-opacity":"","overlay-gradient":""},"tablet":{"background-color":"","background-image":"","background-repeat":"repeat","background-position":"center center","background-size":"auto","background-attachment":"scroll","background-type":"","background-media":"","overlay-type":"","overlay-color":"","overlay-opacity":"","overlay-gradient":""},"mobile":{"background-color":"","background-image":"","background-repeat":"repeat","background-position":"center center","background-size":"auto","background-attachment":"scroll","background-type":"","background-media":"","overlay-type":"","overlay-color":"","overlay-opacity":"","overlay-gradient":""}},"ast-content-background-meta":{"desktop":{"background-color":"var(--ast-global-color-4)","background-image":"","background-repeat":"repeat","background-position":"center center","background-size":"auto","background-attachment":"scroll","background-type":"","background-media":"","overlay-type":"","overlay-color":"","overlay-opacity":"","overlay-gradient":""},"tablet":{"background-color":"var(--ast-global-color-4)","background-image":"","background-repeat":"repeat","background-position":"center center","background-size":"auto","background-attachment":"scroll","background-type":"","background-media":"","overlay-type":"","overlay-color":"","overlay-opacity":"","overlay-gradient":""},"mobile":{"background-color":"var(--ast-global-color-4)","background-image":"","background-repeat":"repeat","background-position":"center center","background-size":"auto","background-attachment":"scroll","background-type":"","background-media":"","overlay-type":"","overlay-color":"","overlay-opacity":"","overlay-gradient":""}},"footnotes":""},"categories":[1],"tags":[],"class_list":["post-1740","post","type-post","status-publish","format-standard","has-post-thumbnail","hentry","category-ultimas"],"_links":{"self":[{"href":"https:\/\/startrico.com.br\/noticias\/wp-json\/wp\/v2\/posts\/1740","targetHints":{"allow":["GET"]}}],"collection":[{"href":"https:\/\/startrico.com.br\/noticias\/wp-json\/wp\/v2\/posts"}],"about":[{"href":"https:\/\/startrico.com.br\/noticias\/wp-json\/wp\/v2\/types\/post"}],"author":[{"embeddable":true,"href":"https:\/\/startrico.com.br\/noticias\/wp-json\/wp\/v2\/users\/1"}],"replies":[{"embeddable":true,"href":"https:\/\/startrico.com.br\/noticias\/wp-json\/wp\/v2\/comments?post=1740"}],"version-history":[{"count":0,"href":"https:\/\/startrico.com.br\/noticias\/wp-json\/wp\/v2\/posts\/1740\/revisions"}],"wp:featuredmedia":[{"embeddable":true,"href":"https:\/\/startrico.com.br\/noticias\/wp-json\/wp\/v2\/media\/1739"}],"wp:attachment":[{"href":"https:\/\/startrico.com.br\/noticias\/wp-json\/wp\/v2\/media?parent=1740"}],"wp:term":[{"taxonomy":"category","embeddable":true,"href":"https:\/\/startrico.com.br\/noticias\/wp-json\/wp\/v2\/categories?post=1740"},{"taxonomy":"post_tag","embeddable":true,"href":"https:\/\/startrico.com.br\/noticias\/wp-json\/wp\/v2\/tags?post=1740"}],"curies":[{"name":"wp","href":"https:\/\/api.w.org\/{rel}","templated":true}]}}