{"id":2088,"date":"2025-11-20T07:41:26","date_gmt":"2025-11-20T10:41:26","guid":{"rendered":"https:\/\/startrico.com.br\/noticias\/ibovespa-cai-073-em\/"},"modified":"2025-11-20T07:41:26","modified_gmt":"2025-11-20T10:41:26","slug":"ibovespa-cai-073-em","status":"publish","type":"post","link":"https:\/\/startrico.com.br\/noticias\/ibovespa-cai-073-em\/","title":{"rendered":"Ibovespa Cai 0,73% Em Dia De Cautela Pr\u00e9-Feriado Com D\u00f3lar A R$ 5,33"},"content":{"rendered":"<h2>Ibovespa encerra em queda de 0,73% sob clima de cautela antes do feriado; d\u00f3lar alcan\u00e7a R$ 5,31<\/h2>\n<p>O \u00edndice Ibovespa da B3 finalizou o preg\u00e3o desta quarta-feira, dia 19 de novembro de 2025, em baixa de 0,73%, atingindo 155.380,66 pontos e acumulando sua terceira sess\u00e3o consecutiva de queda. O movimento reflete a postura de prud\u00eancia adotada pelos investidores na v\u00e9spera do feriado de 20 de novembro, data em que a bolsa permanecer\u00e1 fechada, retornando \u00e0s opera\u00e7\u00f5es na sexta-feira, 21.<\/p>\n<p>No \u00e2mbito dom\u00e9stico, o mercado seguiu um comportamento mais reservado, com investidores evitando novos neg\u00f3cios e preferindo manter suas posi\u00e7\u00f5es diante da pausa nos neg\u00f3cios da B3. As a\u00e7\u00f5es dos grandes bancos, assim como as da Vale e Petrobras \u2014 que t\u00eam peso relevante no Ibovespa \u2014 pressionaram o \u00edndice para baixo durante o dia.<\/p>\n<p>No exterior, o cen\u00e1rio tamb\u00e9m foi marcado pela expectativa e cautela em rela\u00e7\u00e3o \u00e0 pol\u00edtica monet\u00e1ria norte-americana. A indefini\u00e7\u00e3o sobre os pr\u00f3ximos passos do Federal Reserve no ajuste das taxas de juros influenciou negativamente o apetite por risco entre os investidores globais.<\/p>\n<h3>Oscila\u00e7\u00f5es do Ibovespa e volume negociado<\/h3>\n<p>Durante o preg\u00e3o, o Ibovespa apresentou varia\u00e7\u00e3o entre 156.521,70 pontos no pico de alta e 155.212,37 pontos na m\u00ednima. O volume financeiro movimentado pelas negocia\u00e7\u00f5es atingiu aproximadamente R$ 25,5 bilh\u00f5es.<\/p>\n<h3>A\u00e7\u00f5es com maior valoriza\u00e7\u00e3o<\/h3>\n<p>Destaques positivos do dia ficaram com as seguintes a\u00e7\u00f5es:<\/p>\n<ul class=\"myul\">\n<li>PCAR3 valorizou 4,76%, cotada a R$ 3,96;<\/li>\n<li>SMFT3 subiu 2,51%, negociada a R$ 24,46;<\/li>\n<li>EMBJ3 avan\u00e7ou 2,37%, alcan\u00e7ando R$ 86,40;<\/li>\n<li>HAPV3 cresceu 2,00%, a R$ 17,34;<\/li>\n<li>RAIL3 teve alta de 1,82%, valendo R$ 15,69.<\/li>\n<\/ul>\n<h3>Principais quedas do dia<\/h3>\n<p>Por outro lado, as maiores perdas do dia foram:<\/p>\n<ul class=\"myul\">\n<li>MBRF3 recuou 8,62%, cotada a R$ 21,51;<\/li>\n<li>BEEF3 caiu 4,12%, negociada a R$ 6,52;<\/li>\n<li>CMIG4 diminuiu 3,05%, valendo R$ 11,11;<\/li>\n<li>ASAI3 teve queda de 3,05% a R$ 9,23;<\/li>\n<li>TIMS3 desvalorizou 3,00%, a R$ 24,27.<\/li>\n<\/ul>\n<h3>D\u00f3lar volta a subir<\/h3>\n<p>O d\u00f3lar comercial, ap\u00f3s ter registrado leve retra\u00e7\u00e3o no dia anterior, retomou a alta em meio ao cen\u00e1rio de cautela externo e dom\u00e9stico. O c\u00e2mbio fechou a quarta-feira em alta de 0,39%, cotado a R$ 5,33.<\/p>\n<h3>Bolsas de Nova York operam em leve alta<\/h3>\n<p>As bolsas norte-americanas tamb\u00e9m demonstraram comportamento mais contido na v\u00e9spera da divulga\u00e7\u00e3o do balan\u00e7o trimestral da Nvidia, principal empresa de tecnologia do mundo, que ser\u00e1 publicado ap\u00f3s o fechamento dos mercados nesta quarta-feira. Apesar dos nervosismo, os \u00edndices fecharam em terreno positivo: o S&#038;P 500 subiu 0,38%, o Nasdaq avan\u00e7ou 0,59% e o Dow Jones registrou alta de 0,10%.<\/p>\n<p><a href=\"https:\/\/borainvestir.b3.com.br\/noticias\/mercado\/ibovespa-b3-recua-073-com-cautela-pre-feriado-e-no-exterior-dolar-vai-a-r-531\/\" target=\"_blank\" rel=\"noopener\">Fonte<\/a><\/p>\n","protected":false},"excerpt":{"rendered":"<p>Ibovespa fechou em queda de 0,73% em um dia marcado pela cautela pr\u00e9-feriado e no exterior, refletindo prud\u00eancia dos investidores no mercado financeiro. O d\u00f3lar comercial subiu para R$ 5,33, acompanhando o sentimento de nervosismo global e dom\u00e9stico, impactando o \u00edndice da B3.<\/p>\n","protected":false},"author":1,"featured_media":2087,"comment_status":"open","ping_status":"open","sticky":false,"template":"","format":"standard","meta":{"site-sidebar-layout":"default","site-content-layout":"","ast-site-content-layout":"default","site-content-style":"default","site-sidebar-style":"default","ast-global-header-display":"","ast-banner-title-visibility":"","ast-main-header-display":"","ast-hfb-above-header-display":"","ast-hfb-below-header-display":"","ast-hfb-mobile-header-display":"","site-post-title":"","ast-breadcrumbs-content":"","ast-featured-img":"","footer-sml-layout":"","theme-transparent-header-meta":"","adv-header-id-meta":"","stick-header-meta":"","header-above-stick-meta":"","header-main-stick-meta":"","header-below-stick-meta":"","astra-migrate-meta-layouts":"default","ast-page-background-enabled":"default","ast-page-background-meta":{"desktop":{"background-color":"var(--ast-global-color-5)","background-image":"","background-repeat":"repeat","background-position":"center center","background-size":"auto","background-attachment":"scroll","background-type":"","background-media":"","overlay-type":"","overlay-color":"","overlay-opacity":"","overlay-gradient":""},"tablet":{"background-color":"","background-image":"","background-repeat":"repeat","background-position":"center center","background-size":"auto","background-attachment":"scroll","background-type":"","background-media":"","overlay-type":"","overlay-color":"","overlay-opacity":"","overlay-gradient":""},"mobile":{"background-color":"","background-image":"","background-repeat":"repeat","background-position":"center center","background-size":"auto","background-attachment":"scroll","background-type":"","background-media":"","overlay-type":"","overlay-color":"","overlay-opacity":"","overlay-gradient":""}},"ast-content-background-meta":{"desktop":{"background-color":"var(--ast-global-color-4)","background-image":"","background-repeat":"repeat","background-position":"center center","background-size":"auto","background-attachment":"scroll","background-type":"","background-media":"","overlay-type":"","overlay-color":"","overlay-opacity":"","overlay-gradient":""},"tablet":{"background-color":"var(--ast-global-color-4)","background-image":"","background-repeat":"repeat","background-position":"center center","background-size":"auto","background-attachment":"scroll","background-type":"","background-media":"","overlay-type":"","overlay-color":"","overlay-opacity":"","overlay-gradient":""},"mobile":{"background-color":"var(--ast-global-color-4)","background-image":"","background-repeat":"repeat","background-position":"center center","background-size":"auto","background-attachment":"scroll","background-type":"","background-media":"","overlay-type":"","overlay-color":"","overlay-opacity":"","overlay-gradient":""}},"footnotes":""},"categories":[1],"tags":[],"class_list":["post-2088","post","type-post","status-publish","format-standard","has-post-thumbnail","hentry","category-ultimas"],"_links":{"self":[{"href":"https:\/\/startrico.com.br\/noticias\/wp-json\/wp\/v2\/posts\/2088","targetHints":{"allow":["GET"]}}],"collection":[{"href":"https:\/\/startrico.com.br\/noticias\/wp-json\/wp\/v2\/posts"}],"about":[{"href":"https:\/\/startrico.com.br\/noticias\/wp-json\/wp\/v2\/types\/post"}],"author":[{"embeddable":true,"href":"https:\/\/startrico.com.br\/noticias\/wp-json\/wp\/v2\/users\/1"}],"replies":[{"embeddable":true,"href":"https:\/\/startrico.com.br\/noticias\/wp-json\/wp\/v2\/comments?post=2088"}],"version-history":[{"count":0,"href":"https:\/\/startrico.com.br\/noticias\/wp-json\/wp\/v2\/posts\/2088\/revisions"}],"wp:featuredmedia":[{"embeddable":true,"href":"https:\/\/startrico.com.br\/noticias\/wp-json\/wp\/v2\/media\/2087"}],"wp:attachment":[{"href":"https:\/\/startrico.com.br\/noticias\/wp-json\/wp\/v2\/media?parent=2088"}],"wp:term":[{"taxonomy":"category","embeddable":true,"href":"https:\/\/startrico.com.br\/noticias\/wp-json\/wp\/v2\/categories?post=2088"},{"taxonomy":"post_tag","embeddable":true,"href":"https:\/\/startrico.com.br\/noticias\/wp-json\/wp\/v2\/tags?post=2088"}],"curies":[{"name":"wp","href":"https:\/\/api.w.org\/{rel}","templated":true}]}}