{"id":2124,"date":"2025-11-22T07:15:45","date_gmt":"2025-11-22T10:15:45","guid":{"rendered":"https:\/\/startrico.com.br\/noticias\/guinada-conservadora-na-america\/"},"modified":"2025-11-22T07:15:45","modified_gmt":"2025-11-22T10:15:45","slug":"guinada-conservadora-na-america","status":"publish","type":"post","link":"https:\/\/startrico.com.br\/noticias\/guinada-conservadora-na-america\/","title":{"rendered":"Guinada Conservadora na Am\u00e9rica do Sul Reflete-se nas Elei\u00e7\u00f5es no Chile"},"content":{"rendered":"<h2>Elei\u00e7\u00f5es no Chile consolidam avan\u00e7o conservador na Am\u00e9rica do Sul \u2014 o Brasil segue o mesmo caminho?<\/h2>\n<p>Ap\u00f3s a vit\u00f3ria de Javier Milei na Argentina em 2023 \u2014 refor\u00e7ada nas elei\u00e7\u00f5es de meio de mandato recentes \u2014 e o crescimento do conservadorismo na Bol\u00edvia em 2025, o Chile se prepara para um segundo turno eleitoral com amplo favoritismo da direita, confirmando uma tend\u00eancia de realinhamento pol\u00edtico em grande parte da Am\u00e9rica do Sul.<\/p>\n<p>No \u00faltimo domingo, cerca de 13 milh\u00f5es de eleitores chilenos participaram de uma vota\u00e7\u00e3o marcada por intensa polariza\u00e7\u00e3o e um clima social tenso, resultado direto do aumento da criminalidade e da crescente preocupa\u00e7\u00e3o com a imigra\u00e7\u00e3o.<\/p>\n<p>Esse pleito \u00e9 especialmente significativo para o Chile, um pa\u00eds historicamente est\u00e1vel, maior produtor mundial de cobre e uma das economias mais fortes da Am\u00e9rica Latina, mas que enfrentou, nos \u00faltimos anos, um ciclo incomum de instabilidade institucional e decl\u00ednio da confian\u00e7a p\u00fablica.<\/p>\n<p>Durante o governo de Gabriel Boric, jovem presidente de esquerda eleito em 2021 na esteira dos protestos contra a desigualdade, o Chile assistiu \u00e0 rejei\u00e7\u00e3o de duas propostas para reformar a Constitui\u00e7\u00e3o. A primeira, considerada muito progressista, foi recusada por exageros; a segunda, vista como conservadora demais por manter aspectos do texto herdado do regime de Augusto Pinochet, tamb\u00e9m foi rejeitada.<\/p>\n<p>Essas falhas, combinadas ao enfraquecimento econ\u00f4mico e \u00e0 escalada da viol\u00eancia, provocaram a queda da popularidade de Boric. Pesquisa do instituto Activa revela que metade da popula\u00e7\u00e3o identifica a criminalidade como o principal problema do pa\u00eds, enquanto cerca de 30% destacam a imigra\u00e7\u00e3o como uma inquieta\u00e7\u00e3o importante.<\/p>\n<p>Esse contexto explica o atual cen\u00e1rio eleitoral e refor\u00e7a o movimento que tenho acompanhado h\u00e1 mais de um ano: a inclina\u00e7\u00e3o pol\u00edtica sul-americana para plataformas mais conservadoras e favor\u00e1veis ao mercado.<\/p>\n<p>Depois da vit\u00f3ria de Milei na Argentina em 2023 e do sucesso da direita na Bol\u00edvia em 2025 \u2014 onde o segundo turno contou somente com candidatos dessa linha, culminando na conquista de Rodrigo Paz \u2014 o Chile est\u00e1 pr\u00f3ximo de um segundo turno com vantagem clara para a direita, solidificando este deslocamento pol\u00edtico regional.<\/p>\n<p>O caso argentino merece destaque especial. O sucesso expressivo de Milei nas legislativas ampliou seu respaldo pol\u00edtico, permitindo avan\u00e7os em reformas liberais e estruturais. Seu partido, LLA, venceu em 13 das 23 prov\u00edncias e na Cidade Aut\u00f3noma de Buenos Aires, superando a coaliz\u00e3o peronista\/kirchnerista por quase 10 pontos percentuais e ultrapassando 40% dos votos v\u00e1lidos \u2014 uma derrota marcante para o kirchnerismo.<\/p>\n<p>Apoiado pelo PRO, de Mauricio Macri, e por governadores pr\u00f3-mercado, Milei deve consolidar uma base legislativa robusta, capaz de impedir vetos da oposi\u00e7\u00e3o e agilizar medidas de desregulamenta\u00e7\u00e3o, privatiza\u00e7\u00e3o e ajuste fiscal. O pleito foi interpretado como um referendo favor\u00e1vel \u00e0 sua agenda econ\u00f4mica, sinalizando que, mesmo diante das dificuldades do momento, a sociedade argentina mant\u00e9m apoio \u00e0s propostas reformistas.<\/p>\n<p>Em curto prazo, a prioridade argentina \u00e9 uma reforma monet\u00e1ria ampla para estabilizar o c\u00e2mbio, conter a infla\u00e7\u00e3o e restaurar credibilidade macroecon\u00f4mica \u2014 fundamentais para estimular um ciclo sustent\u00e1vel de crescimento. Embora o \u00eaxito dependa da execu\u00e7\u00e3o t\u00e9cnica e da sustenta\u00e7\u00e3o pol\u00edtica e social, a elei\u00e7\u00e3o cria uma rara oportunidade para enfrentar distor\u00e7\u00f5es hist\u00f3ricas.<\/p>\n<p>Al\u00e9m da Argentina, o avan\u00e7o de Milei integra um movimento regional mais amplo, marcado pelo desgaste dos modelos populistas e estatizantes, e pela ascens\u00e3o de agendas liberais, pr\u00f3-mercado e fiscalmente respons\u00e1veis. Nesse sentido, o caso argentino assume um papel emblem\u00e1tico, podendo servir de refer\u00eancia para outros pa\u00edses latino-americanos que se preparam para elei\u00e7\u00f5es, consolidando o realinhamento pol\u00edtico continental.<\/p>\n<p>Voltando ao Chile, \u00e9 importante destacar que essa virada \u00e0 direita n\u00e3o \u00e9 um fen\u00f4meno isolado da Am\u00e9rica do Sul. No per\u00edodo p\u00f3s-pandemia, a rejei\u00e7\u00e3o aos governos vigentes tornou-se comum em diversas democracias mundialmente, e o quadro chileno exemplifica essa din\u00e2mica global de insatisfa\u00e7\u00e3o com a administra\u00e7\u00e3o p\u00fablica.<\/p>\n<p>No primeiro turno no Chile, Jeannette Jara \u2014 candidata de esquerda apoiada por Gabriel Boric \u2014 liderou com 26,85% dos votos, tentando preservar a continuidade do governo num contexto em que o descontentamento cresce.<\/p>\n<p>Entretanto, o mais relevante n\u00e3o \u00e9 sua lideran\u00e7a isolada, mas o resultado geral: a direita obteve seu melhor desempenho desde a redemocratiza\u00e7\u00e3o, conquistando mais da metade das cadeiras no Congresso e impondo \u00e0 esquerda o pior resultado em d\u00e9cadas.<\/p>\n<p>A lista dos candidatos mais votados refor\u00e7a essa an\u00e1lise. Jos\u00e9 Antonio Kast ficou em segundo lugar, com 23,93%, seguido por Franco Parisi (19,71%), Johannes Kaiser (13,94%) e Evelyn Matthei (12,46%) \u2014 todos ligados ao campo conservador, que j\u00e1 manifestaram apoio a Kast para o segundo turno.<\/p>\n<p>Essa uni\u00e3o cria um cen\u00e1rio eleitoral largamente favor\u00e1vel \u00e0 direita, aumentando as chances de altern\u00e2ncia no poder no Chile e consolidando a mudan\u00e7a pol\u00edtica que vem marcando a regi\u00e3o nos \u00faltimos anos.<\/p>\n<p><img decoding=\"async\" src=\"https:\/\/www.moneytimes.com.br\/uploads\/2025\/11\/whatsapp-image-2025-11-21-at-18.11.32.jpeg\" alt=\"Gr\u00e1fico da vota\u00e7\u00e3o no Chile\"><\/p>\n<p>Essa configura\u00e7\u00e3o eleitoral favorece Jos\u00e9 Antonio Kast para o segundo turno em dezembro, com perspectivas de vit\u00f3ria confort\u00e1vel \u2014 potencialmente ultrapassando 60% dos votos.<\/p>\n<p>Esse cen\u00e1rio contrasta com o observado em 2021, quando Kast liderou o primeiro turno, mas foi derrotado por Gabriel Boric na fase final.<\/p>\n<p>Agora, o balan\u00e7o pol\u00edtico chileno inverteu-se com vigor, refletindo uma maior reconfigura\u00e7\u00e3o ideol\u00f3gica em curso na Am\u00e9rica do Sul.<\/p>\n<p>O reposicionamento chileno se soma ao movimento regional que deve se intensificar nos pr\u00f3ximos anos. Peru e Col\u00f4mbia enfrentar\u00e3o elei\u00e7\u00f5es presidenciais muito polarizadas em 2026, e o Brasil pode estar ingressando em um processo semelhante de reorganiza\u00e7\u00e3o pol\u00edtica.<\/p>\n<p>No Brasil, a oposi\u00e7\u00e3o j\u00e1 demonstra sinais evidentes de recomposi\u00e7\u00e3o, com a candidatura \u00fanica ganhando for\u00e7a e o nome do governador de S\u00e3o Paulo, Tarc\u00edsio de Freitas, emergindo como poss\u00edvel consenso \u2014 uma tend\u00eancia que foi observada desde 2023 e agora se firma com mais clareza no cen\u00e1rio eleitoral.<\/p>\n<p>Portanto, o resultado eleitoral no Chile refor\u00e7a a percep\u00e7\u00e3o de que o ambiente pol\u00edtico da regi\u00e3o est\u00e1 em transforma\u00e7\u00e3o, deixando aberta a possibilidade de mudan\u00e7as relevantes tamb\u00e9m no Brasil.<\/p>\n<p><a href=\"https:\/\/www.moneytimes.com.br\/eleicoes-no-chile-selam-a-guinada-conservadora-na-america-do-sul-o-brasil-caminha-na-mesma-direcao-rnda\/\" target=\"_blank\" rel=\"noopener\">Fonte<\/a><\/p>\n","protected":false},"excerpt":{"rendered":"<p>Guinada conservadora na Am\u00e9rica do Sul nas elei\u00e7\u00f5es do Chile evidencia um realinhamento pol\u00edtico regional impulsionado por quest\u00f5es como aumento da criminalidade e instabilidade econ\u00f4mica. O cen\u00e1rio sugere que pa\u00edses vizinhos, inclusive o Brasil, podem seguir esse caminho de maior apoio a pol\u00edticas conservadoras e liberais pr\u00f3-mercado.<\/p>\n","protected":false},"author":1,"featured_media":2123,"comment_status":"open","ping_status":"open","sticky":false,"template":"","format":"standard","meta":{"site-sidebar-layout":"default","site-content-layout":"","ast-site-content-layout":"default","site-content-style":"default","site-sidebar-style":"default","ast-global-header-display":"","ast-banner-title-visibility":"","ast-main-header-display":"","ast-hfb-above-header-display":"","ast-hfb-below-header-display":"","ast-hfb-mobile-header-display":"","site-post-title":"","ast-breadcrumbs-content":"","ast-featured-img":"","footer-sml-layout":"","theme-transparent-header-meta":"","adv-header-id-meta":"","stick-header-meta":"","header-above-stick-meta":"","header-main-stick-meta":"","header-below-stick-meta":"","astra-migrate-meta-layouts":"default","ast-page-background-enabled":"default","ast-page-background-meta":{"desktop":{"background-color":"var(--ast-global-color-5)","background-image":"","background-repeat":"repeat","background-position":"center center","background-size":"auto","background-attachment":"scroll","background-type":"","background-media":"","overlay-type":"","overlay-color":"","overlay-opacity":"","overlay-gradient":""},"tablet":{"background-color":"","background-image":"","background-repeat":"repeat","background-position":"center center","background-size":"auto","background-attachment":"scroll","background-type":"","background-media":"","overlay-type":"","overlay-color":"","overlay-opacity":"","overlay-gradient":""},"mobile":{"background-color":"","background-image":"","background-repeat":"repeat","background-position":"center center","background-size":"auto","background-attachment":"scroll","background-type":"","background-media":"","overlay-type":"","overlay-color":"","overlay-opacity":"","overlay-gradient":""}},"ast-content-background-meta":{"desktop":{"background-color":"var(--ast-global-color-4)","background-image":"","background-repeat":"repeat","background-position":"center center","background-size":"auto","background-attachment":"scroll","background-type":"","background-media":"","overlay-type":"","overlay-color":"","overlay-opacity":"","overlay-gradient":""},"tablet":{"background-color":"var(--ast-global-color-4)","background-image":"","background-repeat":"repeat","background-position":"center center","background-size":"auto","background-attachment":"scroll","background-type":"","background-media":"","overlay-type":"","overlay-color":"","overlay-opacity":"","overlay-gradient":""},"mobile":{"background-color":"var(--ast-global-color-4)","background-image":"","background-repeat":"repeat","background-position":"center center","background-size":"auto","background-attachment":"scroll","background-type":"","background-media":"","overlay-type":"","overlay-color":"","overlay-opacity":"","overlay-gradient":""}},"footnotes":""},"categories":[1],"tags":[],"class_list":["post-2124","post","type-post","status-publish","format-standard","has-post-thumbnail","hentry","category-ultimas"],"_links":{"self":[{"href":"https:\/\/startrico.com.br\/noticias\/wp-json\/wp\/v2\/posts\/2124","targetHints":{"allow":["GET"]}}],"collection":[{"href":"https:\/\/startrico.com.br\/noticias\/wp-json\/wp\/v2\/posts"}],"about":[{"href":"https:\/\/startrico.com.br\/noticias\/wp-json\/wp\/v2\/types\/post"}],"author":[{"embeddable":true,"href":"https:\/\/startrico.com.br\/noticias\/wp-json\/wp\/v2\/users\/1"}],"replies":[{"embeddable":true,"href":"https:\/\/startrico.com.br\/noticias\/wp-json\/wp\/v2\/comments?post=2124"}],"version-history":[{"count":0,"href":"https:\/\/startrico.com.br\/noticias\/wp-json\/wp\/v2\/posts\/2124\/revisions"}],"wp:featuredmedia":[{"embeddable":true,"href":"https:\/\/startrico.com.br\/noticias\/wp-json\/wp\/v2\/media\/2123"}],"wp:attachment":[{"href":"https:\/\/startrico.com.br\/noticias\/wp-json\/wp\/v2\/media?parent=2124"}],"wp:term":[{"taxonomy":"category","embeddable":true,"href":"https:\/\/startrico.com.br\/noticias\/wp-json\/wp\/v2\/categories?post=2124"},{"taxonomy":"post_tag","embeddable":true,"href":"https:\/\/startrico.com.br\/noticias\/wp-json\/wp\/v2\/tags?post=2124"}],"curies":[{"name":"wp","href":"https:\/\/api.w.org\/{rel}","templated":true}]}}