{"id":2148,"date":"2025-11-23T07:15:45","date_gmt":"2025-11-23T10:15:45","guid":{"rendered":"https:\/\/startrico.com.br\/noticias\/2148-2\/"},"modified":"2025-11-23T07:15:45","modified_gmt":"2025-11-23T10:15:45","slug":"2148-2","status":"publish","type":"post","link":"https:\/\/startrico.com.br\/noticias\/2148-2\/","title":{"rendered":""},"content":{"rendered":"<h2>C\u00fapula COP30 firma acordo clim\u00e1tico desafiador que omite combust\u00edveis f\u00f3sseis<\/h2>\n<p>A presid\u00eancia brasileira da Confer\u00eancia das Na\u00e7\u00f5es Unidas sobre Mudan\u00e7as Clim\u00e1ticas de 2025, a COP30, conseguiu finalizar um acordo que aumenta o financiamento destinado \u00e0s na\u00e7\u00f5es mais vulner\u00e1veis ao aquecimento global. Contudo, o texto aprovado n\u00e3o trouxe men\u00e7\u00e3o alguma aos combust\u00edveis f\u00f3sseis, que s\u00e3o os principais respons\u00e1veis pela crise clim\u00e1tica.<\/p>\n<p>O Brasil buscou enfatizar a uni\u00e3o internacional para enfrentar os impactos das mudan\u00e7as do clima, especialmente considerando que os Estados Unidos, maior emissor hist\u00f3rico, optaram por n\u00e3o enviar uma delega\u00e7\u00e3o oficial ao encontro.<\/p>\n<p>Depois de semanas de negocia\u00e7\u00f5es intensas, realizadas na cidade de Bel\u00e9m, no cora\u00e7\u00e3o da Amaz\u00f4nia, o pacto revelou profundas diverg\u00eancias entre os pa\u00edses participantes, principalmente sobre os m\u00e9todos e medidas futuras para o combate \u00e0s altera\u00e7\u00f5es clim\u00e1ticas.<\/p>\n<p>Ao concluir o acordo, o presidente da COP30, Andr\u00e9 Corr\u00eaa do Lago, destacou o desafio que foram as negocia\u00e7\u00f5es. Segundo ele, algumas na\u00e7\u00f5es possu\u00edam expectativas mais ambiciosas sobre os temas discutidos.<\/p>\n<p>Alguns pa\u00edses manifestaram insatisfa\u00e7\u00e3o com a aus\u00eancia de compromissos mais firmes para conter as emiss\u00f5es de gases do efeito estufa ou para enfrentar diretamente a quest\u00e3o dos combust\u00edveis f\u00f3sseis. Entre os que expressaram cr\u00edticas, estavam pa\u00edses vizinhos do Brasil, como Col\u00f4mbia, Panam\u00e1 e Uruguai, que pediram revis\u00f5es durante as sess\u00f5es plen\u00e1rias, levando Corr\u00eaa do Lago a suspender temporariamente os trabalhos para consultas adicionais.<\/p>\n<p>Ap\u00f3s cerca de uma hora, a plen\u00e1ria foi retomada e as decis\u00f5es adotadas foram mantidas, apesar da controv\u00e9rsia. A negociadora colombiana destacou que, tendo em vista o papel predominante dos combust\u00edveis f\u00f3sseis no agravamento do aquecimento global, n\u00e3o seria poss\u00edvel aceitar um acordo que deixasse de lado os dados cient\u00edficos.<\/p>\n<p>\u201cUm consenso for\u00e7ado sob a nega\u00e7\u00e3o da crise clim\u00e1tica \u00e9 um pacto malsucedido\u201d, afirmou a representante da Col\u00f4mbia.<\/p>\n<p>Os tr\u00eas pa\u00edses latino-americanos mencionados n\u00e3o discordavam do acordo pol\u00edtico geral elaborado na COP30, mas sim de um documento t\u00e9cnico adicional que deveria ser aprovado junto com o principal, contendo medidas espec\u00edficas.<\/p>\n<p>Essas na\u00e7\u00f5es alinharam-se \u00e0 Uni\u00e3o Europeia na exig\u00eancia de que o texto inclu\u00edsse explicitamente a transi\u00e7\u00e3o para a redu\u00e7\u00e3o do uso de combust\u00edveis f\u00f3sseis, uma posi\u00e7\u00e3o que encontrou resist\u00eancia de um grupo liderado pela Ar\u00e1bia Saudita, maior exportador global de petr\u00f3leo, que vetou qualquer refer\u00eancia ao tema.<\/p>\n<p>Ap\u00f3s longas e tensas negocia\u00e7\u00f5es noturnas, a Uni\u00e3o Europeia concordou, na manh\u00e3 do \u00faltimo s\u00e1bado, em n\u00e3o impedir a aprova\u00e7\u00e3o do acordo final, embora tenha deixado claro seu descontentamento com o resultado.<\/p>\n<p>Segundo o comiss\u00e1rio de clima da UE, Wopke Hoekstra, o texto representa ao menos um avan\u00e7o, mesmo que insuficiente, e merece apoio por estar numa dire\u00e7\u00e3o correta.<\/p>\n<p>Antes da decis\u00e3o final, o negociador do Panam\u00e1, Juan Carlos Monterrey, declarou que seu pa\u00eds n\u00e3o ficou satisfeito com o consenso alcan\u00e7ado, criticando o fato de o pacto evitar o uso do termo \u201ccombust\u00edveis f\u00f3sseis\u201d. Para ele, essa omiss\u00e3o n\u00e3o representa neutralidade, mas sim cumplicidade diante do problema clim\u00e1tica, qualificando o processo como al\u00e9m de uma simples falha de gest\u00e3o.<\/p>\n<h3>Aumento do financiamento para pa\u00edses em desenvolvimento<\/h3>\n<p>O acordo da COP30 estabelece uma iniciativa volunt\u00e1ria que visa acelerar os esfor\u00e7os clim\u00e1ticos para que as na\u00e7\u00f5es possam cumprir as metas j\u00e1 assumidas de redu\u00e7\u00e3o de emiss\u00f5es. Al\u00e9m disso, o pacto pede que os pa\u00edses mais ricos aumentem pelo menos tr\u00eas vezes a quantia destinada a auxiliar os pa\u00edses em desenvolvimento na adapta\u00e7\u00e3o \u00e0s mudan\u00e7as clim\u00e1ticas at\u00e9 o ano de 2035.<\/p>\n<p>As na\u00e7\u00f5es em desenvolvimento argumentam que precisam de recursos urgentes para responder aos efeitos j\u00e1 observados, tais como eleva\u00e7\u00e3o do n\u00edvel dos oceanos, aumento das ondas de calor, secas, enchentes e tempestades severas.<\/p>\n<p>Avinash Persaud, assessor especial do presidente do Banco Interamericano de Desenvolvimento, institui\u00e7\u00e3o voltada para a Am\u00e9rica Latina e Caribe, ressaltou a relev\u00e2ncia da prioridade ao financiamento no acordo, dado o aumento dos impactos clim\u00e1ticos.<\/p>\n<p>Por\u00e9m, ele alertou para a dificuldade de obter rapidamente a libera\u00e7\u00e3o desses fundos aos pa\u00edses mais afetados, destacando a urg\u00eancia de se alcan\u00e7ar esse objetivo.<\/p>\n<p>Durante a plen\u00e1ria final, algumas autoridades, como delegados de Serra Leoa, manifestaram oposi\u00e7\u00e3o contra a flexibiliza\u00e7\u00e3o dos indicadores que medem quest\u00f5es como seguran\u00e7a alimentar, afirmando que a lista acordada n\u00e3o refletia adequadamente suas realidades e experi\u00eancias.<\/p>\n<h3>Texto paralelo sobre combust\u00edveis f\u00f3sseis e florestas<\/h3>\n<p>O impasse entre a Uni\u00e3o Europeia e o Grupo \u00c1rabe a respeito da men\u00e7\u00e3o aos combust\u00edveis f\u00f3sseis atrasou as discuss\u00f5es, que s\u00f3 foram conclu\u00eddas ap\u00f3s negocia\u00e7\u00f5es durante toda a noite que antecedeu o encerramento.<\/p>\n<p>Para contornar essas diverg\u00eancias, a presid\u00eancia da COP30 informou que publicaria um texto paralelo separado, que abordaria os combust\u00edveis f\u00f3sseis e a prote\u00e7\u00e3o das florestas. Esse documento ficou fora do acordo principal devido \u00e0 falta de consenso entre os pa\u00edses.<\/p>\n<p>No entanto, os organizadores convocaram os governos a manterem abertas as discuss\u00f5es sobre essas quest\u00f5es cruciais nos pr\u00f3ximos per\u00edodos.<\/p>\n<p>Al\u00e9m disso, o acordo prev\u00ea o estabelecimento de um processo para que organiza\u00e7\u00f5es relacionadas ao clima analisem formas de alinhar o com\u00e9rcio internacional \u00e0s a\u00e7\u00f5es contra a crise ambiental, em resposta \u00e0s preocupa\u00e7\u00f5es de que barreiras comerciais possam estar dificultando a ado\u00e7\u00e3o de tecnologias limpas.<\/p>\n<p><a href=\"https:\/\/www.moneytimes.com.br\/cop30-cupula-fecha-acordo-climatico-dificil-que-ignora-combustiveis-fosseis-pads\/\" target=\"_blank\" rel=\"noopener\">Fonte<\/a><\/p>\n","protected":false},"excerpt":{"rendered":"<p>C\u00fapula COP30 firma acordo clim\u00e1tico desafiador que omite combust\u00edveis f\u00f3sseis A presid\u00eancia brasileira da Confer\u00eancia das Na\u00e7\u00f5es Unidas sobre Mudan\u00e7as [&hellip;]<\/p>\n","protected":false},"author":1,"featured_media":2147,"comment_status":"open","ping_status":"open","sticky":false,"template":"","format":"standard","meta":{"site-sidebar-layout":"default","site-content-layout":"","ast-site-content-layout":"default","site-content-style":"default","site-sidebar-style":"default","ast-global-header-display":"","ast-banner-title-visibility":"","ast-main-header-display":"","ast-hfb-above-header-display":"","ast-hfb-below-header-display":"","ast-hfb-mobile-header-display":"","site-post-title":"","ast-breadcrumbs-content":"","ast-featured-img":"","footer-sml-layout":"","theme-transparent-header-meta":"","adv-header-id-meta":"","stick-header-meta":"","header-above-stick-meta":"","header-main-stick-meta":"","header-below-stick-meta":"","astra-migrate-meta-layouts":"default","ast-page-background-enabled":"default","ast-page-background-meta":{"desktop":{"background-color":"var(--ast-global-color-5)","background-image":"","background-repeat":"repeat","background-position":"center center","background-size":"auto","background-attachment":"scroll","background-type":"","background-media":"","overlay-type":"","overlay-color":"","overlay-opacity":"","overlay-gradient":""},"tablet":{"background-color":"","background-image":"","background-repeat":"repeat","background-position":"center center","background-size":"auto","background-attachment":"scroll","background-type":"","background-media":"","overlay-type":"","overlay-color":"","overlay-opacity":"","overlay-gradient":""},"mobile":{"background-color":"","background-image":"","background-repeat":"repeat","background-position":"center center","background-size":"auto","background-attachment":"scroll","background-type":"","background-media":"","overlay-type":"","overlay-color":"","overlay-opacity":"","overlay-gradient":""}},"ast-content-background-meta":{"desktop":{"background-color":"var(--ast-global-color-4)","background-image":"","background-repeat":"repeat","background-position":"center center","background-size":"auto","background-attachment":"scroll","background-type":"","background-media":"","overlay-type":"","overlay-color":"","overlay-opacity":"","overlay-gradient":""},"tablet":{"background-color":"var(--ast-global-color-4)","background-image":"","background-repeat":"repeat","background-position":"center center","background-size":"auto","background-attachment":"scroll","background-type":"","background-media":"","overlay-type":"","overlay-color":"","overlay-opacity":"","overlay-gradient":""},"mobile":{"background-color":"var(--ast-global-color-4)","background-image":"","background-repeat":"repeat","background-position":"center center","background-size":"auto","background-attachment":"scroll","background-type":"","background-media":"","overlay-type":"","overlay-color":"","overlay-opacity":"","overlay-gradient":""}},"footnotes":""},"categories":[1],"tags":[],"class_list":["post-2148","post","type-post","status-publish","format-standard","has-post-thumbnail","hentry","category-ultimas"],"_links":{"self":[{"href":"https:\/\/startrico.com.br\/noticias\/wp-json\/wp\/v2\/posts\/2148","targetHints":{"allow":["GET"]}}],"collection":[{"href":"https:\/\/startrico.com.br\/noticias\/wp-json\/wp\/v2\/posts"}],"about":[{"href":"https:\/\/startrico.com.br\/noticias\/wp-json\/wp\/v2\/types\/post"}],"author":[{"embeddable":true,"href":"https:\/\/startrico.com.br\/noticias\/wp-json\/wp\/v2\/users\/1"}],"replies":[{"embeddable":true,"href":"https:\/\/startrico.com.br\/noticias\/wp-json\/wp\/v2\/comments?post=2148"}],"version-history":[{"count":0,"href":"https:\/\/startrico.com.br\/noticias\/wp-json\/wp\/v2\/posts\/2148\/revisions"}],"wp:featuredmedia":[{"embeddable":true,"href":"https:\/\/startrico.com.br\/noticias\/wp-json\/wp\/v2\/media\/2147"}],"wp:attachment":[{"href":"https:\/\/startrico.com.br\/noticias\/wp-json\/wp\/v2\/media?parent=2148"}],"wp:term":[{"taxonomy":"category","embeddable":true,"href":"https:\/\/startrico.com.br\/noticias\/wp-json\/wp\/v2\/categories?post=2148"},{"taxonomy":"post_tag","embeddable":true,"href":"https:\/\/startrico.com.br\/noticias\/wp-json\/wp\/v2\/tags?post=2148"}],"curies":[{"name":"wp","href":"https:\/\/api.w.org\/{rel}","templated":true}]}}