{"id":2282,"date":"2025-11-28T07:56:27","date_gmt":"2025-11-28T10:56:27","guid":{"rendered":"https:\/\/startrico.com.br\/noticias\/congresso-aprova-credito-de\/"},"modified":"2025-11-28T07:56:27","modified_gmt":"2025-11-28T10:56:27","slug":"congresso-aprova-credito-de","status":"publish","type":"post","link":"https:\/\/startrico.com.br\/noticias\/congresso-aprova-credito-de\/","title":{"rendered":"Congresso Aprova Cr\u00e9dito de R$ 42,2 Bi Para Previd\u00eancia e MEC"},"content":{"rendered":"<h2>Congresso aprova cr\u00e9dito de R$ 42,2 bilh\u00f5es para Previd\u00eancia, Bolsa Fam\u00edlia e cria\u00e7\u00e3o de cargos no MEC<\/h2>\n<p>Nesta quinta-feira, 27 de novembro de 2025, o Congresso Nacional aprovou dois projetos de lei enviados pelo governo federal. O primeiro autoriza um cr\u00e9dito suplementar de R$ 42,228 bilh\u00f5es ao Or\u00e7amento da Seguridade Social, destinado a refor\u00e7ar os pagamentos das despesas ligadas \u00e0 Previd\u00eancia Social e ao Programa Bolsa Fam\u00edlia. O segundo projeto promove a amplia\u00e7\u00e3o do quadro funcional do Minist\u00e9rio da Educa\u00e7\u00e3o, criando 8,6 mil novos cargos para atender demandas n\u00e3o previstas integralmente no or\u00e7amento inicial.<\/p>\n<h2>Objetivo do cr\u00e9dito suplementar e amplia\u00e7\u00e3o de cargos no MEC<\/h2>\n<p>O cr\u00e9dito adicional tem como finalidade fortalecer as dota\u00e7\u00f5es or\u00e7ament\u00e1rias de dois minist\u00e9rios essenciais: a Previd\u00eancia Social, respons\u00e1vel pelo pagamento dos benef\u00edcios previdenci\u00e1rios, e o Desenvolvimento, Assist\u00eancia Social, Fam\u00edlia e Combate \u00e0 Fome, que executa o Programa Bolsa Fam\u00edlia. Embora o valor j\u00e1 estivesse previsto no or\u00e7amento, sua libera\u00e7\u00e3o demandava autoriza\u00e7\u00e3o legislativa, dado que a chamada &#8220;regra de ouro&#8221; impede a utiliza\u00e7\u00e3o de opera\u00e7\u00f5es de cr\u00e9dito para cobrir despesas correntes. O projeto aprovado concede uma exce\u00e7\u00e3o especial para este caso.<\/p>\n<p>J\u00e1 a proposta relacionada ao Minist\u00e9rio da Educa\u00e7\u00e3o modifica a lei or\u00e7ament\u00e1ria anual para permitir a cria\u00e7\u00e3o de 8,6 mil novos cargos p\u00fablicos. Essa altera\u00e7\u00e3o visa regularizar a\u00e7\u00f5es que o MEC vinha realizando sem o devido respaldo or\u00e7ament\u00e1rio, aumentando assim sua capacidade de investimento e gasto na \u00e1rea educacional.<\/p>\n<h2>Contexto pol\u00edtico e desafios para o governo<\/h2>\n<p>A aprova\u00e7\u00e3o desses projetos ocorreu em um cen\u00e1rio pol\u00edtico complicado para o governo, que enfrentou resist\u00eancia no Congresso e a possibilidade de derrota nas vota\u00e7\u00f5es. Durante o processo, a oposi\u00e7\u00e3o revisou sua posi\u00e7\u00e3o, o que permitiu a aprova\u00e7\u00e3o das mat\u00e9rias.<\/p>\n<p>O Pal\u00e1cio do Planalto enfrenta, atualmente, um momento delicado nas rela\u00e7\u00f5es com os presidentes das duas casas legislativas. No Senado, Davi Alcolumbre demonstrou descontentamento com a indica\u00e7\u00e3o do advogado-geral da Uni\u00e3o, Jorge Messias, para o Supremo Tribunal Federal, preferindo a nomea\u00e7\u00e3o de seu aliado, o ex-presidente Rodrigo Pacheco.<\/p>\n<p>Na C\u00e2mara, o presidente Hugo Motta tem tido desgaste com a bancada do PT devido a diverg\u00eancias relacionadas a projetos como o PL Antifac\u00e7\u00e3o e a PEC da Blindagem. Buscando superar essas dificuldades, Motta se reuniu na noite da quarta-feira com a ministra das Rela\u00e7\u00f5es Institucionais, Gleisi Hoffmann, retomando o di\u00e1logo para fortalecer a base governista.<\/p>\n<p>As informa\u00e7\u00f5es foram compiladas com contribui\u00e7\u00f5es da Ag\u00eancia O Globo.<\/p>\n<p><a href=\"https:\/\/exame.com\/economia\/congresso-aprova-credito-de-r-422-bi-a-previdencia-e-ao-bolsa-familia-e-novos-cargos-no-mec\/\" target=\"_blank\" rel=\"noopener\">Fonte<\/a><\/p>\n","protected":false},"excerpt":{"rendered":"<p>Cr\u00e9dito para Previd\u00eancia aprovado pelo Congresso libera R$ 42,2 bilh\u00f5es para assegurar pagamentos da Previd\u00eancia Social e do Bolsa Fam\u00edlia, al\u00e9m de criar 8,6 mil cargos no MEC. A iniciativa fortalece \u00e1reas essenciais do governo, garantindo suporte financeiro e estrutural ao setor social e educacional.<\/p>\n","protected":false},"author":1,"featured_media":2281,"comment_status":"open","ping_status":"open","sticky":false,"template":"","format":"standard","meta":{"site-sidebar-layout":"default","site-content-layout":"","ast-site-content-layout":"default","site-content-style":"default","site-sidebar-style":"default","ast-global-header-display":"","ast-banner-title-visibility":"","ast-main-header-display":"","ast-hfb-above-header-display":"","ast-hfb-below-header-display":"","ast-hfb-mobile-header-display":"","site-post-title":"","ast-breadcrumbs-content":"","ast-featured-img":"","footer-sml-layout":"","theme-transparent-header-meta":"","adv-header-id-meta":"","stick-header-meta":"","header-above-stick-meta":"","header-main-stick-meta":"","header-below-stick-meta":"","astra-migrate-meta-layouts":"default","ast-page-background-enabled":"default","ast-page-background-meta":{"desktop":{"background-color":"var(--ast-global-color-5)","background-image":"","background-repeat":"repeat","background-position":"center center","background-size":"auto","background-attachment":"scroll","background-type":"","background-media":"","overlay-type":"","overlay-color":"","overlay-opacity":"","overlay-gradient":""},"tablet":{"background-color":"","background-image":"","background-repeat":"repeat","background-position":"center center","background-size":"auto","background-attachment":"scroll","background-type":"","background-media":"","overlay-type":"","overlay-color":"","overlay-opacity":"","overlay-gradient":""},"mobile":{"background-color":"","background-image":"","background-repeat":"repeat","background-position":"center center","background-size":"auto","background-attachment":"scroll","background-type":"","background-media":"","overlay-type":"","overlay-color":"","overlay-opacity":"","overlay-gradient":""}},"ast-content-background-meta":{"desktop":{"background-color":"var(--ast-global-color-4)","background-image":"","background-repeat":"repeat","background-position":"center center","background-size":"auto","background-attachment":"scroll","background-type":"","background-media":"","overlay-type":"","overlay-color":"","overlay-opacity":"","overlay-gradient":""},"tablet":{"background-color":"var(--ast-global-color-4)","background-image":"","background-repeat":"repeat","background-position":"center center","background-size":"auto","background-attachment":"scroll","background-type":"","background-media":"","overlay-type":"","overlay-color":"","overlay-opacity":"","overlay-gradient":""},"mobile":{"background-color":"var(--ast-global-color-4)","background-image":"","background-repeat":"repeat","background-position":"center center","background-size":"auto","background-attachment":"scroll","background-type":"","background-media":"","overlay-type":"","overlay-color":"","overlay-opacity":"","overlay-gradient":""}},"footnotes":""},"categories":[1],"tags":[],"class_list":["post-2282","post","type-post","status-publish","format-standard","has-post-thumbnail","hentry","category-ultimas"],"_links":{"self":[{"href":"https:\/\/startrico.com.br\/noticias\/wp-json\/wp\/v2\/posts\/2282","targetHints":{"allow":["GET"]}}],"collection":[{"href":"https:\/\/startrico.com.br\/noticias\/wp-json\/wp\/v2\/posts"}],"about":[{"href":"https:\/\/startrico.com.br\/noticias\/wp-json\/wp\/v2\/types\/post"}],"author":[{"embeddable":true,"href":"https:\/\/startrico.com.br\/noticias\/wp-json\/wp\/v2\/users\/1"}],"replies":[{"embeddable":true,"href":"https:\/\/startrico.com.br\/noticias\/wp-json\/wp\/v2\/comments?post=2282"}],"version-history":[{"count":0,"href":"https:\/\/startrico.com.br\/noticias\/wp-json\/wp\/v2\/posts\/2282\/revisions"}],"wp:featuredmedia":[{"embeddable":true,"href":"https:\/\/startrico.com.br\/noticias\/wp-json\/wp\/v2\/media\/2281"}],"wp:attachment":[{"href":"https:\/\/startrico.com.br\/noticias\/wp-json\/wp\/v2\/media?parent=2282"}],"wp:term":[{"taxonomy":"category","embeddable":true,"href":"https:\/\/startrico.com.br\/noticias\/wp-json\/wp\/v2\/categories?post=2282"},{"taxonomy":"post_tag","embeddable":true,"href":"https:\/\/startrico.com.br\/noticias\/wp-json\/wp\/v2\/tags?post=2282"}],"curies":[{"name":"wp","href":"https:\/\/api.w.org\/{rel}","templated":true}]}}