{"id":2312,"date":"2025-11-30T07:10:51","date_gmt":"2025-11-30T10:10:51","guid":{"rendered":"https:\/\/startrico.com.br\/noticias\/salario-minimo-tem-projecao\/"},"modified":"2025-11-30T07:10:51","modified_gmt":"2025-11-30T10:10:51","slug":"salario-minimo-tem-projecao","status":"publish","type":"post","link":"https:\/\/startrico.com.br\/noticias\/salario-minimo-tem-projecao\/","title":{"rendered":"Sal\u00e1rio M\u00ednimo Tem Proje\u00e7\u00e3o Reduzida Para R$ 1.627"},"content":{"rendered":"<h2>Governo reduz estimativa do sal\u00e1rio m\u00ednimo para 2026 para R$ 1.627<\/h2>\n<p>O governo federal ajustou para baixo a previs\u00e3o do sal\u00e1rio m\u00ednimo para o ano de 2026, reduzindo o valor estimado de R$ 1.631 para R$ 1.627. Essa nova proje\u00e7\u00e3o foi encaminhada pelo Minist\u00e9rio do Planejamento ao Congresso Nacional, integrando os documentos que fundamentam a an\u00e1lise do or\u00e7amento para o pr\u00f3ximo ano.<\/p>\n<p>A diminui\u00e7\u00e3o est\u00e1 diretamente relacionada \u00e0 desacelera\u00e7\u00e3o da infla\u00e7\u00e3o, que deve ser menor do que o previsto anteriormente. Como a corre\u00e7\u00e3o do sal\u00e1rio m\u00ednimo considera a infla\u00e7\u00e3o medida pelo \u00cdndice Nacional de Pre\u00e7os ao Consumidor (INPC), essa queda nos pre\u00e7os reflete na proje\u00e7\u00e3o da atualiza\u00e7\u00e3o do piso salarial.<\/p>\n<p>Se confirmada a previs\u00e3o atualizada, o reajuste do sal\u00e1rio m\u00ednimo para 2026 deve representar um aumento aproximado de 7,2% em rela\u00e7\u00e3o ao valor vigente de R$ 1.518. O valor definitivo s\u00f3 ser\u00e1 divulgado ap\u00f3s a publica\u00e7\u00e3o dos dados oficiais do INPC, prevista para os pr\u00f3ximos dias.<\/p>\n<p><img decoding=\"async\" src=\"https:\/\/s2-g1.glbimg.com\/X-GND9cCslBTTlE5AGZUbEIS7-M=\/0x0:1098x768\/984x0\/smart\/filters:strip_icc()\/i.s3.glbimg.com\/v1\/AUTH_59edd422c0c84a879bd37670ae4f538a\/internal_photos\/bs\/2025\/r\/l\/XmyKRmRXCBAp9c9KeBmw\/captura-de-tela-2025-07-01-090713.png\" alt=\"C\u00e9dulas e moedas \u2014 Foto: Natalia Filippin\/G1\" \/><\/p>\n<h3>Impactos das proje\u00e7\u00f5es or\u00e7ament\u00e1rias<\/h3>\n<p>O sal\u00e1rio m\u00ednimo serve como base para o c\u00e1lculo de diversos benef\u00edcios federais, como aposentadorias, pens\u00f5es, seguro-desemprego e abono salarial. No entanto, mesmo com a redu\u00e7\u00e3o da previs\u00e3o do piso salarial, o Minist\u00e9rio do Planejamento n\u00e3o solicitou cortes autom\u00e1ticos nesses gastos no envio das novas estimativas ao Congresso.<\/p>\n<p>Conforme informado pela pasta, qualquer eventual ajuste nas despesas depender\u00e1 da avalia\u00e7\u00e3o e decis\u00e3o dos parlamentares. Destaca-se que a proje\u00e7\u00e3o menor para o sal\u00e1rio m\u00ednimo pode influenciar a redu\u00e7\u00e3o dos custos com benef\u00edcios, mas a varia\u00e7\u00e3o da base de benefici\u00e1rios tamb\u00e9m \u00e9 um fator que afeta essas despesas sociais.<\/p>\n<h3>Defini\u00e7\u00e3o final do sal\u00e1rio m\u00ednimo para 2026<\/h3>\n<p>O \u00edndice utilizado para corrigir o valor do piso salarial leva em conta a infla\u00e7\u00e3o medida pelo INPC nos 12 meses que antecedem novembro, juntamente com o crescimento do Produto Interno Bruto (PIB). De acordo com as regras vigentes, o reajuste tem um limite m\u00e1ximo fixado em 2,5% acima da infla\u00e7\u00e3o, respeitando o arcabou\u00e7o fiscal.<\/p>\n<p>Assim, a expectativa \u00e9 de que o valor oficial do sal\u00e1rio m\u00ednimo para 2026 fique pr\u00f3ximo da nova proje\u00e7\u00e3o de R$ 1.627, uma vez que os dados recentes indicam uma infla\u00e7\u00e3o menor que a estimativa inicial.<\/p>\n<p><img decoding=\"async\" src=\"https:\/\/s02.video.glbimg.com\/x240\/13219073.jpg\" alt=\"Lula sanciona projeto do pacote fiscal que muda reajuste do sal\u00e1rio m\u00ednimo\" \/><a href=\"https:\/\/g1.globo.com\/economia\/noticia\/2025\/11\/30\/governo-reduz-projecao-do-salario-minimo-de-2026-para-r-1627.ghtml\" target=\"_blank\" rel=\"noopener\">Fonte<\/a><\/p>\n","protected":false},"excerpt":{"rendered":"<p>Sal\u00e1rio m\u00ednimo teve sua proje\u00e7\u00e3o reduzida para R$ 1.627, refletindo a desacelera\u00e7\u00e3o da infla\u00e7\u00e3o segundo o INPC. Essa mudan\u00e7a afeta o or\u00e7amento destinado a benef\u00edcios como aposentadorias e seguro-desemprego. A defini\u00e7\u00e3o oficial depender\u00e1 da divulga\u00e7\u00e3o dos dados oficiais e aprova\u00e7\u00e3o pelo Congresso.<\/p>\n","protected":false},"author":1,"featured_media":2311,"comment_status":"open","ping_status":"open","sticky":false,"template":"","format":"standard","meta":{"site-sidebar-layout":"default","site-content-layout":"","ast-site-content-layout":"default","site-content-style":"default","site-sidebar-style":"default","ast-global-header-display":"","ast-banner-title-visibility":"","ast-main-header-display":"","ast-hfb-above-header-display":"","ast-hfb-below-header-display":"","ast-hfb-mobile-header-display":"","site-post-title":"","ast-breadcrumbs-content":"","ast-featured-img":"","footer-sml-layout":"","theme-transparent-header-meta":"","adv-header-id-meta":"","stick-header-meta":"","header-above-stick-meta":"","header-main-stick-meta":"","header-below-stick-meta":"","astra-migrate-meta-layouts":"default","ast-page-background-enabled":"default","ast-page-background-meta":{"desktop":{"background-color":"var(--ast-global-color-5)","background-image":"","background-repeat":"repeat","background-position":"center center","background-size":"auto","background-attachment":"scroll","background-type":"","background-media":"","overlay-type":"","overlay-color":"","overlay-opacity":"","overlay-gradient":""},"tablet":{"background-color":"","background-image":"","background-repeat":"repeat","background-position":"center center","background-size":"auto","background-attachment":"scroll","background-type":"","background-media":"","overlay-type":"","overlay-color":"","overlay-opacity":"","overlay-gradient":""},"mobile":{"background-color":"","background-image":"","background-repeat":"repeat","background-position":"center center","background-size":"auto","background-attachment":"scroll","background-type":"","background-media":"","overlay-type":"","overlay-color":"","overlay-opacity":"","overlay-gradient":""}},"ast-content-background-meta":{"desktop":{"background-color":"var(--ast-global-color-4)","background-image":"","background-repeat":"repeat","background-position":"center center","background-size":"auto","background-attachment":"scroll","background-type":"","background-media":"","overlay-type":"","overlay-color":"","overlay-opacity":"","overlay-gradient":""},"tablet":{"background-color":"var(--ast-global-color-4)","background-image":"","background-repeat":"repeat","background-position":"center center","background-size":"auto","background-attachment":"scroll","background-type":"","background-media":"","overlay-type":"","overlay-color":"","overlay-opacity":"","overlay-gradient":""},"mobile":{"background-color":"var(--ast-global-color-4)","background-image":"","background-repeat":"repeat","background-position":"center center","background-size":"auto","background-attachment":"scroll","background-type":"","background-media":"","overlay-type":"","overlay-color":"","overlay-opacity":"","overlay-gradient":""}},"footnotes":""},"categories":[1],"tags":[],"class_list":["post-2312","post","type-post","status-publish","format-standard","has-post-thumbnail","hentry","category-ultimas"],"_links":{"self":[{"href":"https:\/\/startrico.com.br\/noticias\/wp-json\/wp\/v2\/posts\/2312","targetHints":{"allow":["GET"]}}],"collection":[{"href":"https:\/\/startrico.com.br\/noticias\/wp-json\/wp\/v2\/posts"}],"about":[{"href":"https:\/\/startrico.com.br\/noticias\/wp-json\/wp\/v2\/types\/post"}],"author":[{"embeddable":true,"href":"https:\/\/startrico.com.br\/noticias\/wp-json\/wp\/v2\/users\/1"}],"replies":[{"embeddable":true,"href":"https:\/\/startrico.com.br\/noticias\/wp-json\/wp\/v2\/comments?post=2312"}],"version-history":[{"count":0,"href":"https:\/\/startrico.com.br\/noticias\/wp-json\/wp\/v2\/posts\/2312\/revisions"}],"wp:featuredmedia":[{"embeddable":true,"href":"https:\/\/startrico.com.br\/noticias\/wp-json\/wp\/v2\/media\/2311"}],"wp:attachment":[{"href":"https:\/\/startrico.com.br\/noticias\/wp-json\/wp\/v2\/media?parent=2312"}],"wp:term":[{"taxonomy":"category","embeddable":true,"href":"https:\/\/startrico.com.br\/noticias\/wp-json\/wp\/v2\/categories?post=2312"},{"taxonomy":"post_tag","embeddable":true,"href":"https:\/\/startrico.com.br\/noticias\/wp-json\/wp\/v2\/tags?post=2312"}],"curies":[{"name":"wp","href":"https:\/\/api.w.org\/{rel}","templated":true}]}}