{"id":2370,"date":"2025-12-02T07:36:12","date_gmt":"2025-12-02T10:36:12","guid":{"rendered":"https:\/\/startrico.com.br\/noticias\/o-papel-do-setor\/"},"modified":"2025-12-02T07:36:12","modified_gmt":"2025-12-02T10:36:12","slug":"o-papel-do-setor","status":"publish","type":"post","link":"https:\/\/startrico.com.br\/noticias\/o-papel-do-setor\/","title":{"rendered":"O Papel do Setor de Seguros na Mitiga\u00e7\u00e3o da Transi\u00e7\u00e3o Clim\u00e1tica"},"content":{"rendered":"<h2>A COP30 e a contribui\u00e7\u00e3o do setor de seguros para mitigar os efeitos da transi\u00e7\u00e3o clim\u00e1tica<\/h2>\n<p>A crescente ocorr\u00eancia de eventos clim\u00e1ticos extremos, resultado do aquecimento global, impacta significativamente as perdas financeiras e patrimoniais de indiv\u00edduos e empresas afetadas por essas calamidades.<\/p>\n<p>Em Bel\u00e9m do Par\u00e1, a COP30 reuniu representantes de diversos pa\u00edses, organiza\u00e7\u00f5es internacionais, privadas e da sociedade civil para discutir medidas contra as mudan\u00e7as clim\u00e1ticas. Durante o evento, tive a oportunidade de participar de pain\u00e9is na Casa do Seguro, ambiente promovido pela CNseg (Confedera\u00e7\u00e3o Nacional das Empresas de Seguros Gerais, Previd\u00eancia Privada e Vida, Sa\u00fade Suplementar e Capitaliza\u00e7\u00e3o), que se dedicou a debater o papel do setor de seguros na redu\u00e7\u00e3o dos efeitos socioecon\u00f4micos do aquecimento global e da transi\u00e7\u00e3o clim\u00e1tica, al\u00e9m de discutir estrat\u00e9gias para minimizar os riscos futuros de descontrole clim\u00e1tico.<\/p>\n<p>O debate destacou evid\u00eancias crescentes de que eventos clim\u00e1ticos adversos \u2013 como secas, tempestades, enchentes e ondas de calor e frio extremas \u2013 t\u00eam se tornado mais frequentes e severos globalmente nas \u00faltimas d\u00e9cadas, com impactos abrangentes.<\/p>\n<p>Especialistas presentes enfatizaram a r\u00e1pida eleva\u00e7\u00e3o da temperatura global nos \u00faltimos anos, alertando para o fen\u00f4meno conhecido como \u201cponto de n\u00e3o retorno\u201d, no qual o desequil\u00edbrio dos ecossistemas acelera a deteriora\u00e7\u00e3o de flora e fauna, afetando especialmente os ambientes mais fr\u00e1geis.<\/p>\n<p>Durante a discuss\u00e3o, foram abordados fatores como a expans\u00e3o de \u00e1reas desertas, o aumento da temperatura dos corpos d\u2019\u00e1gua com a consequente redu\u00e7\u00e3o de esp\u00e9cies aqu\u00e1ticas e a propaga\u00e7\u00e3o de doen\u00e7as t\u00edpicas de climas quentes para regi\u00f5es antes consideradas frias. Por exemplo, enfermidades como dengue e chikungunya ultrapassam fronteiras tropicais e atingem pa\u00edses europeus, enquanto a mal\u00e1ria se dissemina em algumas \u00e1reas da \u00c1frica.<\/p>\n<p>Em um dos pain\u00e9is que participei, foram apresentados dados que revelam o crescimento da incid\u00eancia de doen\u00e7as respirat\u00f3rias e dermatol\u00f3gicas causadas por ondas de calor intensas e maior polui\u00e7\u00e3o, resultando em eleva\u00e7\u00e3o dos \u00edndices de sinistralidade nos seguros de sa\u00fade e vida, al\u00e9m de alterar a demanda por diferentes tipos de cobertura. Isso gera a necessidade de revisar a adequa\u00e7\u00e3o dos seguros para abranger essas novas enfermidades e de atualizar a precifica\u00e7\u00e3o conforme a preval\u00eancia dessas doen\u00e7as em cada regi\u00e3o.<\/p>\n<p>H\u00e1 uma tend\u00eancia mundial de se oferecer assist\u00eancias preventivas, aplicando tecnologia e an\u00e1lise de dados hiperpersonalizados para reduzir eventos negativos \u00e0 sa\u00fade e aumentar a efici\u00eancia das seguradoras. Essas assist\u00eancias agregam exames de rotina, vacina\u00e7\u00e3o, medicamentos e tratamentos iniciais de doen\u00e7as, usando tecnologias avan\u00e7adas, como intelig\u00eancia artificial, para melhorar a escala e a inova\u00e7\u00e3o no diagn\u00f3stico e desenvolvimento de medicamentos.<\/p>\n<p>Al\u00e9m da sa\u00fade, o aumento dos eventos extremos est\u00e1 relacionado ao crescimento das perdas patrimoniais e de renda frente a cat\u00e1strofes. Dados indicam que h\u00e1 uma lacuna de cobertura seguradora de, no m\u00ednimo, 40% nas perdas patrimoniais em pa\u00edses desenvolvidos por eventos recentes, e essa defici\u00eancia ultrapassa 80% em na\u00e7\u00f5es emergentes e de baixa renda.<\/p>\n<p>Essa realidade evidencia o car\u00e1ter desproporcional dos desastres clim\u00e1ticos, que atingem com maior severidade as popula\u00e7\u00f5es e pa\u00edses mais vulner\u00e1veis.<\/p>\n<p>Nos debates espec\u00edficos sobre prote\u00e7\u00e3o de renda para pessoas e empresas vulner\u00e1veis, foram apresentados casos pr\u00e1ticos, como:<\/p>\n<ul class=\"myul\">\n<li>Seguros individuais para agricultores de subsist\u00eancia no Peru, protegendo-os durante per\u00edodos cr\u00edticos de eventos clim\u00e1ticos sazonais.<\/li>\n<li>Seguro coletivo para a cadeia produtiva do caf\u00e9 na Col\u00f4mbia, utilizando mutualismo de risco para preservar a produ\u00e7\u00e3o frente a situa\u00e7\u00f5es adversas.<\/li>\n<li>Seguro contra desastres na Jamaica, pa\u00eds com alta exposi\u00e7\u00e3o a eventos extremos, que manteve pr\u00eamios elevados por anos sem sinistros, por\u00e9m recebeu cobertura abrangente ap\u00f3s o furac\u00e3o Melissa em outubro de 2025.<\/li>\n<\/ul>\n<p>Sobre o Brasil, foram discutidas propostas como:<\/p>\n<ul class=\"myul\">\n<li>Massifica\u00e7\u00e3o de seguros de vida ou invalidez com coberturas simples e assist\u00eancias b\u00e1sicas, garantindo dignidade m\u00ednima \u00e0s fam\u00edlias afetadas por eventos extremos.<\/li>\n<li>Planos coletivos de ades\u00e3o em massa, de baixo custo e mutualismo de risco, para indeniza\u00e7\u00f5es simplificadas relacionadas a eventos param\u00e9tricos como chuvas intensas e ventos fortes.<\/li>\n<li>Cobertura de perda de renda individual para despesas essenciais, com processos de regula\u00e7\u00e3o de sinistro simplificados para eventos clim\u00e1ticos param\u00e9tricos.<\/li>\n<li>Coberturas voltadas para micro e pequenas empresas, assegurando capital de giro m\u00ednimo para evitar a interrup\u00e7\u00e3o das atividades diante de eventos clim\u00e1ticos previamente definidos.<\/li>\n<\/ul>\n<p>Fica evidente que o setor de seguros desempenha papel crucial no enfrentamento dos impactos negativos das cat\u00e1strofes clim\u00e1ticas, especialmente para segmentos e pa\u00edses mais vulner\u00e1veis. Al\u00e9m disso, os recursos financeiros administrados por seguradoras e previd\u00eancia podem incentivar pr\u00e1ticas respons\u00e1veis ambientais e sociais, atuando como motores para uma gest\u00e3o preventiva e equilibrada do ambiente e da organiza\u00e7\u00e3o social a longo prazo.<\/p>\n<p>O setor n\u00e3o apenas pode colaborar na mitiga\u00e7\u00e3o socioecon\u00f4mica das mudan\u00e7as clim\u00e1ticas, mas potencializar\u00e1 seu impacto se atuar em harmonia com boas pr\u00e1ticas financeiras e iniciativas de educa\u00e7\u00e3o financeira para popula\u00e7\u00f5es vulner\u00e1veis, complementadas por fundos p\u00fablicos e institucionais internacionais que fortale\u00e7am as solu\u00e7\u00f5es privadas.<\/p>\n<p>Este \u00e9 um desafio complexo e amplo que exigir\u00e1 a colabora\u00e7\u00e3o entre m\u00faltiplos setores da sociedade e da humanidade. \u00c9 essencial o comprometimento coletivo para desenvolver solu\u00e7\u00f5es eficazes, sob o risco de entregarmos um mundo pior \u00e0s futuras gera\u00e7\u00f5es.<\/p>\n<p><strong>Estev\u00e3o Scripilliti<\/strong>, diretor da <a href=\"https:\/\/valor.globo.com\/empresas\/valor-empresas-360\/bradesco?360&#038;interno_origem=multicontent\" target=\"_blank\" rel=\"noopener noreferrer\">Bradesco Vida e Previd\u00eancia<\/a>.<\/p>\n<p><a href=\"https:\/\/valorinveste.globo.com\/blogs\/estevao-scripilliti\/coluna\/a-cop30-e-o-papel-do-setor-de-seguros-para-atenuar-impactos-da-transicao-climatica.ghtml\" target=\"_blank\" rel=\"noopener\">Fonte<\/a><\/p>\n","protected":false},"excerpt":{"rendered":"<p>Setor de Seguros \u00e9 fundamental para reduzir os impactos da transi\u00e7\u00e3o clim\u00e1tica, protegendo vidas e patrim\u00f4nios. Na COP30, especialistas destacaram a import\u00e2ncia de coberturas adaptadas e assist\u00eancias preventivas para enfrentar eventos clim\u00e1ticos extremos e proteger popula\u00e7\u00f5es vulner\u00e1veis.<\/p>\n","protected":false},"author":1,"featured_media":2369,"comment_status":"open","ping_status":"open","sticky":false,"template":"","format":"standard","meta":{"site-sidebar-layout":"default","site-content-layout":"","ast-site-content-layout":"default","site-content-style":"default","site-sidebar-style":"default","ast-global-header-display":"","ast-banner-title-visibility":"","ast-main-header-display":"","ast-hfb-above-header-display":"","ast-hfb-below-header-display":"","ast-hfb-mobile-header-display":"","site-post-title":"","ast-breadcrumbs-content":"","ast-featured-img":"","footer-sml-layout":"","theme-transparent-header-meta":"","adv-header-id-meta":"","stick-header-meta":"","header-above-stick-meta":"","header-main-stick-meta":"","header-below-stick-meta":"","astra-migrate-meta-layouts":"default","ast-page-background-enabled":"default","ast-page-background-meta":{"desktop":{"background-color":"var(--ast-global-color-5)","background-image":"","background-repeat":"repeat","background-position":"center center","background-size":"auto","background-attachment":"scroll","background-type":"","background-media":"","overlay-type":"","overlay-color":"","overlay-opacity":"","overlay-gradient":""},"tablet":{"background-color":"","background-image":"","background-repeat":"repeat","background-position":"center center","background-size":"auto","background-attachment":"scroll","background-type":"","background-media":"","overlay-type":"","overlay-color":"","overlay-opacity":"","overlay-gradient":""},"mobile":{"background-color":"","background-image":"","background-repeat":"repeat","background-position":"center center","background-size":"auto","background-attachment":"scroll","background-type":"","background-media":"","overlay-type":"","overlay-color":"","overlay-opacity":"","overlay-gradient":""}},"ast-content-background-meta":{"desktop":{"background-color":"var(--ast-global-color-4)","background-image":"","background-repeat":"repeat","background-position":"center center","background-size":"auto","background-attachment":"scroll","background-type":"","background-media":"","overlay-type":"","overlay-color":"","overlay-opacity":"","overlay-gradient":""},"tablet":{"background-color":"var(--ast-global-color-4)","background-image":"","background-repeat":"repeat","background-position":"center center","background-size":"auto","background-attachment":"scroll","background-type":"","background-media":"","overlay-type":"","overlay-color":"","overlay-opacity":"","overlay-gradient":""},"mobile":{"background-color":"var(--ast-global-color-4)","background-image":"","background-repeat":"repeat","background-position":"center center","background-size":"auto","background-attachment":"scroll","background-type":"","background-media":"","overlay-type":"","overlay-color":"","overlay-opacity":"","overlay-gradient":""}},"footnotes":""},"categories":[1],"tags":[],"class_list":["post-2370","post","type-post","status-publish","format-standard","has-post-thumbnail","hentry","category-ultimas"],"_links":{"self":[{"href":"https:\/\/startrico.com.br\/noticias\/wp-json\/wp\/v2\/posts\/2370","targetHints":{"allow":["GET"]}}],"collection":[{"href":"https:\/\/startrico.com.br\/noticias\/wp-json\/wp\/v2\/posts"}],"about":[{"href":"https:\/\/startrico.com.br\/noticias\/wp-json\/wp\/v2\/types\/post"}],"author":[{"embeddable":true,"href":"https:\/\/startrico.com.br\/noticias\/wp-json\/wp\/v2\/users\/1"}],"replies":[{"embeddable":true,"href":"https:\/\/startrico.com.br\/noticias\/wp-json\/wp\/v2\/comments?post=2370"}],"version-history":[{"count":0,"href":"https:\/\/startrico.com.br\/noticias\/wp-json\/wp\/v2\/posts\/2370\/revisions"}],"wp:featuredmedia":[{"embeddable":true,"href":"https:\/\/startrico.com.br\/noticias\/wp-json\/wp\/v2\/media\/2369"}],"wp:attachment":[{"href":"https:\/\/startrico.com.br\/noticias\/wp-json\/wp\/v2\/media?parent=2370"}],"wp:term":[{"taxonomy":"category","embeddable":true,"href":"https:\/\/startrico.com.br\/noticias\/wp-json\/wp\/v2\/categories?post=2370"},{"taxonomy":"post_tag","embeddable":true,"href":"https:\/\/startrico.com.br\/noticias\/wp-json\/wp\/v2\/tags?post=2370"}],"curies":[{"name":"wp","href":"https:\/\/api.w.org\/{rel}","templated":true}]}}