{"id":2372,"date":"2025-12-02T07:41:21","date_gmt":"2025-12-02T10:41:21","guid":{"rendered":"https:\/\/startrico.com.br\/noticias\/ibovespa-b3-recai-em\/"},"modified":"2025-12-02T07:41:21","modified_gmt":"2025-12-02T10:41:21","slug":"ibovespa-b3-recai-em","status":"publish","type":"post","link":"https:\/\/startrico.com.br\/noticias\/ibovespa-b3-recai-em\/","title":{"rendered":"Ibovespa B3 Reca\u00ed Em Dia De Realiza\u00e7\u00e3o De Lucros Com D\u00f3lar A R$ 5,35"},"content":{"rendered":"<h2>Ibovespa B3 sofre queda de 0,29% em dia marcado por realiza\u00e7\u00e3o de lucros; d\u00f3lar alcan\u00e7a R$ 5,35<\/h2>\n<p>O Ibovespa B3 iniciou dezembro com baixa de 0,29%, finalizando o preg\u00e3o de segunda-feira (1\u00ba) aos 158.611,01 pontos. Ap\u00f3s alcan\u00e7ar um recorde de fechamento no dia anterior, o principal \u00edndice acion\u00e1rio brasileiro registrou uma rodada de realiza\u00e7\u00e3o de lucros, refletindo tamb\u00e9m a postura cautelosa adotada nos mercados internacionais.<\/p>\n<p>No cen\u00e1rio externo, os investidores aguardam a divulga\u00e7\u00e3o de importantes indicadores econ\u00f4micos ainda nesta semana para confirmar as expectativas acerca de uma poss\u00edvel nova redu\u00e7\u00e3o dos juros nos Estados Unidos.<\/p>\n<p>No \u00e2mbito dom\u00e9stico, a eleva\u00e7\u00e3o dos pre\u00e7os do min\u00e9rio de ferro e do petr\u00f3leo sustentou as valoriza\u00e7\u00f5es das a\u00e7\u00f5es da Vale e da Petrobras, respectivamente, embora tais avan\u00e7os n\u00e3o tenham sido suficientes para evitar que o Ibovespa fechasse em queda.<\/p>\n<h3>Atualiza\u00e7\u00f5es do Boletim Focus e cen\u00e1rio econ\u00f4mico<\/h3>\n<p>Os agentes do mercado tamb\u00e9m analisaram o mais recente Boletim Focus divulgado pelo Banco Central, que apontou redu\u00e7\u00e3o nas proje\u00e7\u00f5es para a infla\u00e7\u00e3o do ano. Conforme o levantamento, a expectativa para o IPCA de 2025 foi revisada de 4,45% para 4,43%, enquanto para 2026 a previs\u00e3o diminuiu de 4,18% para 4,17%.<\/p>\n<h3>Movimenta\u00e7\u00e3o do Ibovespa e volume negociado<\/h3>\n<p>Durante o preg\u00e3o, o \u00edndice oscilou entre a m\u00e1xima de 159.223,92 pontos e a m\u00ednima de 158.029,48 pontos, com movimenta\u00e7\u00e3o financeira total de aproximadamente R$ 22 bilh\u00f5es.<\/p>\n<h3>A\u00e7\u00f5es com maiores varia\u00e7\u00f5es no preg\u00e3o<\/h3>\n<p>Os pap\u00e9is que registraram as maiores eleva\u00e7\u00f5es foram:<\/p>\n<p><strong>ENEV3<\/strong> com alta de 3,42%, cotada a R$ 20,55;<\/p>\n<p><strong>WEGE3<\/strong> subindo 2,10%, negociada a R$ 45,18;<\/p>\n<p><strong>BBSE3<\/strong> avan\u00e7ando 1,47%, valendo R$ 34,16;<\/p>\n<p><strong>TOTS3<\/strong> com ganho de 1,21%, cotada a R$ 43,32.<\/p>\n<p>Por outro lado, as maiores quedas ficaram com os seguintes ativos:<\/p>\n<p><strong>MBRF3<\/strong> recuando 5,02%, ao pre\u00e7o de R$ 18,36;<\/p>\n<p><strong>CEAB3<\/strong> caindo 4,28%, negociada a R$ 17,00;<\/p>\n<p><strong>CVCB3<\/strong> com baixa de 3,72%, cotada a R$ 1,81;<\/p>\n<p><strong>TIMS3<\/strong> despencando 3,67%, a R$ 24,40.<\/p>\n<h3>Desempenho do d\u00f3lar no dia<\/h3>\n<p>O d\u00f3lar comercial corrigiu parte dos ganhos obtidos na sexta-feira anterior, fechando em alta de 0,45% e sendo negociado a R$ 5,35, devolvendo os avan\u00e7os recentes diante do real.<\/p>\n<h3>Bolsas americanas iniciam semana no negativo<\/h3>\n<p>Nos Estados Unidos, os \u00edndices acion\u00e1rios abriram a semana com perdas, em meio \u00e0 prud\u00eancia dos investidores que aguardam os pr\u00f3ximos dados macroecon\u00f4micos. O Dow Jones caiu 0,89%, o S&#038;P 500 teve retra\u00e7\u00e3o de 0,53% e o Nasdaq recuou 0,38%.<\/p>\n<p><a href=\"https:\/\/borainvestir.b3.com.br\/noticias\/mercado\/ibovespa-b3-recua-029-em-dia-de-realizacao-de-lucros-dolar-vai-a-r-535\/\" target=\"_blank\" rel=\"noopener\">Fonte<\/a><\/p>\n","protected":false},"excerpt":{"rendered":"<p>Ibovespa B3 sofreu queda de 0,29% em dia de realiza\u00e7\u00e3o de lucros, com o d\u00f3lar alcan\u00e7ando R$ 5,35. O mercado reflete cautela por indicadores econ\u00f4micos e ajustes nas expectativas de infla\u00e7\u00e3o, enquanto as a\u00e7\u00f5es da Vale e Petrobras mant\u00eam algum suporte frente \u00e0 volatilidade.<\/p>\n","protected":false},"author":1,"featured_media":2371,"comment_status":"open","ping_status":"open","sticky":false,"template":"","format":"standard","meta":{"site-sidebar-layout":"default","site-content-layout":"","ast-site-content-layout":"default","site-content-style":"default","site-sidebar-style":"default","ast-global-header-display":"","ast-banner-title-visibility":"","ast-main-header-display":"","ast-hfb-above-header-display":"","ast-hfb-below-header-display":"","ast-hfb-mobile-header-display":"","site-post-title":"","ast-breadcrumbs-content":"","ast-featured-img":"","footer-sml-layout":"","theme-transparent-header-meta":"","adv-header-id-meta":"","stick-header-meta":"","header-above-stick-meta":"","header-main-stick-meta":"","header-below-stick-meta":"","astra-migrate-meta-layouts":"default","ast-page-background-enabled":"default","ast-page-background-meta":{"desktop":{"background-color":"var(--ast-global-color-5)","background-image":"","background-repeat":"repeat","background-position":"center center","background-size":"auto","background-attachment":"scroll","background-type":"","background-media":"","overlay-type":"","overlay-color":"","overlay-opacity":"","overlay-gradient":""},"tablet":{"background-color":"","background-image":"","background-repeat":"repeat","background-position":"center center","background-size":"auto","background-attachment":"scroll","background-type":"","background-media":"","overlay-type":"","overlay-color":"","overlay-opacity":"","overlay-gradient":""},"mobile":{"background-color":"","background-image":"","background-repeat":"repeat","background-position":"center center","background-size":"auto","background-attachment":"scroll","background-type":"","background-media":"","overlay-type":"","overlay-color":"","overlay-opacity":"","overlay-gradient":""}},"ast-content-background-meta":{"desktop":{"background-color":"var(--ast-global-color-4)","background-image":"","background-repeat":"repeat","background-position":"center center","background-size":"auto","background-attachment":"scroll","background-type":"","background-media":"","overlay-type":"","overlay-color":"","overlay-opacity":"","overlay-gradient":""},"tablet":{"background-color":"var(--ast-global-color-4)","background-image":"","background-repeat":"repeat","background-position":"center center","background-size":"auto","background-attachment":"scroll","background-type":"","background-media":"","overlay-type":"","overlay-color":"","overlay-opacity":"","overlay-gradient":""},"mobile":{"background-color":"var(--ast-global-color-4)","background-image":"","background-repeat":"repeat","background-position":"center center","background-size":"auto","background-attachment":"scroll","background-type":"","background-media":"","overlay-type":"","overlay-color":"","overlay-opacity":"","overlay-gradient":""}},"footnotes":""},"categories":[1],"tags":[],"class_list":["post-2372","post","type-post","status-publish","format-standard","has-post-thumbnail","hentry","category-ultimas"],"_links":{"self":[{"href":"https:\/\/startrico.com.br\/noticias\/wp-json\/wp\/v2\/posts\/2372","targetHints":{"allow":["GET"]}}],"collection":[{"href":"https:\/\/startrico.com.br\/noticias\/wp-json\/wp\/v2\/posts"}],"about":[{"href":"https:\/\/startrico.com.br\/noticias\/wp-json\/wp\/v2\/types\/post"}],"author":[{"embeddable":true,"href":"https:\/\/startrico.com.br\/noticias\/wp-json\/wp\/v2\/users\/1"}],"replies":[{"embeddable":true,"href":"https:\/\/startrico.com.br\/noticias\/wp-json\/wp\/v2\/comments?post=2372"}],"version-history":[{"count":0,"href":"https:\/\/startrico.com.br\/noticias\/wp-json\/wp\/v2\/posts\/2372\/revisions"}],"wp:featuredmedia":[{"embeddable":true,"href":"https:\/\/startrico.com.br\/noticias\/wp-json\/wp\/v2\/media\/2371"}],"wp:attachment":[{"href":"https:\/\/startrico.com.br\/noticias\/wp-json\/wp\/v2\/media?parent=2372"}],"wp:term":[{"taxonomy":"category","embeddable":true,"href":"https:\/\/startrico.com.br\/noticias\/wp-json\/wp\/v2\/categories?post=2372"},{"taxonomy":"post_tag","embeddable":true,"href":"https:\/\/startrico.com.br\/noticias\/wp-json\/wp\/v2\/tags?post=2372"}],"curies":[{"name":"wp","href":"https:\/\/api.w.org\/{rel}","templated":true}]}}