{"id":2838,"date":"2025-12-22T07:11:11","date_gmt":"2025-12-22T10:11:11","guid":{"rendered":"https:\/\/startrico.com.br\/noticias\/escala-de-natal-e\/"},"modified":"2025-12-22T07:11:11","modified_gmt":"2025-12-22T10:11:11","slug":"escala-de-natal-e","status":"publish","type":"post","link":"https:\/\/startrico.com.br\/noticias\/escala-de-natal-e\/","title":{"rendered":"Escala De Natal E R\u00e9veillon: Direitos Do Trabalhador Esclarecidos"},"content":{"rendered":"<h2>Direitos e deveres do trabalhador escalado para Natal e R\u00e9veillon<\/h2>\n<p>O Natal, comemorado em 25 de dezembro, e o Ano Novo, celebrado em 1\u00ba de janeiro, s\u00e3o os \u00faltimos feriados nacionais do ano. Em 2026, o feriado da Confraterniza\u00e7\u00e3o Universal marca o in\u00edcio do ano. Essas datas asseguram descanso para os trabalhadores e, para quem n\u00e3o atua nas v\u00e9speras, a possibilidade de emendar os feriados, contribuindo para um per\u00edodo prolongado de folga.<\/p>\n<p>Conforme divulgado pelo governo federal, os dias 24 e 31 de dezembro n\u00e3o s\u00e3o considerados feriados nacionais. Entretanto, eles s\u00e3o apontados como pontos facultativos a partir das 13h, o que significa que a presen\u00e7a no trabalho nestes dias depende de decis\u00e3o da empresa ou institui\u00e7\u00e3o.<\/p>\n<p>O calend\u00e1rio oficial para o per\u00edodo \u00e9 o seguinte:<\/p>\n<ul class=\"myul\">\n<li><strong>24 de dezembro<\/strong>: v\u00e9spera de Natal, ponto facultativo ap\u00f3s as 13h;<\/li>\n<li><strong>25 de dezembro<\/strong>: Natal, feriado nacional;<\/li>\n<li><strong>31 de dezembro<\/strong>: v\u00e9spera do Ano Novo, ponto facultativo ap\u00f3s as 13h;<\/li>\n<li><strong>1\u00ba de janeiro<\/strong>: Confraterniza\u00e7\u00e3o Universal, feriado nacional.<\/li>\n<\/ul>\n<p>Mesmo que haja dois feriados oficiais, diversos trabalhadores s\u00e3o requisitados a atuar nessas datas, principalmente em \u00e1reas consideradas essenciais para o funcionamento do pa\u00eds, como sa\u00fade, seguran\u00e7a e transporte.<\/p>\n<p>Para esses profissionais que foram convocados para trabalhar durante os feriados, a legisla\u00e7\u00e3o brasileira assegura direitos como pagamento em dobro ou concess\u00e3o de folga compensat\u00f3ria.<\/p>\n<h2>Esclarecimentos sobre trabalho em feriados e pontos facultativos<\/h2>\n<h3>1. O que significa ponto facultativo?<\/h3>\n<p>O ponto facultativo \u00e9 uma determina\u00e7\u00e3o que pode ser aplicada a servidores p\u00fablicos, dispensando-os de cumprir expediente sem perda de remunera\u00e7\u00e3o, geralmente em dias \u00fateis que antecedem feriados ou fins de semana. Os benef\u00edcios, incluindo folgas e pagamento em dobro, s\u00e3o restritos a funcion\u00e1rios p\u00fablicos.<\/p>\n<p>No setor privado, diferentemente dos feriados, os empregadores n\u00e3o s\u00e3o obrigados a pagar em dobro ou garantir folga compensat\u00f3ria quando o dia \u00e9 considerado ponto facultativo.<\/p>\n<h3>2. A obrigatoriedade de trabalhar no Natal e no Ano Novo<\/h3>\n<p>Os feriados nacionais em 25 de dezembro e 1\u00ba de janeiro imp\u00f5em descanso, por\u00e9m certas fun\u00e7\u00f5es e setores continuam operacionalmente ativos. Caso o empregado seja escalado para atuar nessas datas, ele tem o direito ao pagamento dobrado ou ao recebimento de uma folga em outro momento.<\/p>\n<p>De acordo com a advogada trabalhista Carolina Cabral, o empregador deve remunerar o trabalho no feriado em dobro, conforme estabelece a S\u00famula 146 do Tribunal Superior do Trabalho, sem preju\u00edzo do repouso semanal remunerado.<\/p>\n<p>Al\u00e9m disso, a legisla\u00e7\u00e3o pode variar com a categoria profissional, pois normas coletivas definem regras espec\u00edficas para o trabalho em feriados.<\/p>\n<h3>3. O empregador pode exigir que o funcion\u00e1rio trabalhe durante feriados?<\/h3>\n<p>Sim, em determinadas situa\u00e7\u00f5es. A Consolida\u00e7\u00e3o das Leis do Trabalho (CLT) em seu artigo 70 pro\u00edbe trabalho em feriados nacionais, com exce\u00e7\u00e3o dos servi\u00e7os essenciais, como setores industriais, com\u00e9rcio, comunica\u00e7\u00e3o, transporte, seguran\u00e7a e outros considerados necess\u00e1rios.<\/p>\n<p>Tamb\u00e9m \u00e9 poss\u00edvel que o trabalhador precise atuar nos feriados caso haja acordo ou conven\u00e7\u00e3o coletiva entre sindicatos e empregadores que regulamente essa necessidade.<\/p>\n<h3>4. Direitos do trabalhador escalado para feriados<\/h3>\n<p>Quem trabalha em feriado tem direito de receber o dobro pela jornada ou, alternativamente, ter uma folga compensat\u00f3ria, que poder\u00e1 ser usufru\u00edda em outro dia.<\/p>\n<p>Se existir banco de horas, essas horas extras podem ser contabilizadas para compensa\u00e7\u00e3o posterior, conforme acordos individuais ou coletivos, esclarece a advogada Ana Gabriela Burlamaqui.<\/p>\n<h3>5. Remunera\u00e7\u00e3o em dobro ou folga: quem determina?<\/h3>\n<p>A op\u00e7\u00e3o entre o pagamento em dobro ou a concess\u00e3o de folga depende, geralmente, de acordo firmado entre o empregador e o sindicato da categoria. Na aus\u00eancia de conven\u00e7\u00e3o coletiva, essa decis\u00e3o pode ser negociada diretamente entre empregado e empregador, desde que haja consenso.<\/p>\n<p>Segundo a advogada Elisa Alonso, o empregador n\u00e3o tem autonomia para definir unilateralmente essa quest\u00e3o. Caso exista conven\u00e7\u00e3o coletiva prevendo folga compensat\u00f3ria, essa regra deve ser seguida; do contr\u00e1rio, o pagamento em dobro \u00e9 obrigat\u00f3rio.<\/p>\n<h3>6. Faltar ao trabalho no feriado quando escalado pode gerar demiss\u00e3o por justa causa?<\/h3>\n<p>Esse cen\u00e1rio depende da avalia\u00e7\u00e3o do caso. A aus\u00eancia ao trabalho quando o profissional est\u00e1 escalado pode ser encarada como insubordina\u00e7\u00e3o, que \u00e9 a recusa em cumprir uma ordem leg\u00edtima do empregador.<\/p>\n<p>Entretanto, conforme explica Ana Gabriela Burlamaqui, a dispensa por justa causa costuma ocorrer mediante recorr\u00eancia de faltas e n\u00e3o por fato isolado.<\/p>\n<p>Antes da demiss\u00e3o por justa causa, o trabalhador geralmente passa por advert\u00eancias e tentativas de corre\u00e7\u00e3o do comportamento.<\/p>\n<p>Em casos normais de jornada, a falta injustificada pode resultar em desconto no sal\u00e1rio, caracterizando aus\u00eancia sem justificativa.<\/p>\n<p>Elisa Alonso complementa que para demitir por justa causa \u00e9 necess\u00e1rio analisar a repeti\u00e7\u00e3o da atitude, o preju\u00edzo \u00e0 empresa e a fun\u00e7\u00e3o do empregado.<\/p>\n<h3>7. Diferen\u00e7as para empregados fixos e tempor\u00e1rios<\/h3>\n<p>Os direitos sobre o trabalho em feriados valem tanto para funcion\u00e1rios contratados de forma fixa quanto tempor\u00e1ria, incluindo o pagamento em dobro ou folga compensat\u00f3ria.<\/p>\n<p>No caso dos tempor\u00e1rios, os termos podem estar detalhados no contrato individual ou em acordo coletivo da categoria.<\/p>\n<h3>8. Trabalho intermitente e feriados<\/h3>\n<p>O trabalhador contratado sob regime intermitente deve ter definidos no contrato de admiss\u00e3o os valores que receber\u00e1 pelo trabalho, incluindo as remunera\u00e7\u00f5es para feriados e horas extras.<\/p>\n<p>Assim, o pagamento pelo trabalho realizado em feriados j\u00e1 est\u00e1 previamente estabelecido no momento do contrato, esclarece o advogado Lu\u00eds Nicoli.<\/p>\n<p><a href=\"https:\/\/g1.globo.com\/trabalho-e-carreira\/noticia\/2025\/12\/22\/escalado-para-o-natal-ou-reveillon-o-que-o-trabalhador-precisa-saber.ghtml\" target=\"_blank\" rel=\"noopener\">Fonte<\/a><\/p>\n","protected":false},"excerpt":{"rendered":"<p>Escala de Natal e R\u00e9veillon explica direitos do trabalhador quanto a folgas e remunera\u00e7\u00e3o em feriados para atua\u00e7\u00e3o em \u00e1reas essenciais.<\/p>\n","protected":false},"author":1,"featured_media":2837,"comment_status":"open","ping_status":"open","sticky":false,"template":"","format":"standard","meta":{"site-sidebar-layout":"default","site-content-layout":"","ast-site-content-layout":"default","site-content-style":"default","site-sidebar-style":"default","ast-global-header-display":"","ast-banner-title-visibility":"","ast-main-header-display":"","ast-hfb-above-header-display":"","ast-hfb-below-header-display":"","ast-hfb-mobile-header-display":"","site-post-title":"","ast-breadcrumbs-content":"","ast-featured-img":"","footer-sml-layout":"","theme-transparent-header-meta":"","adv-header-id-meta":"","stick-header-meta":"","header-above-stick-meta":"","header-main-stick-meta":"","header-below-stick-meta":"","astra-migrate-meta-layouts":"default","ast-page-background-enabled":"default","ast-page-background-meta":{"desktop":{"background-color":"var(--ast-global-color-5)","background-image":"","background-repeat":"repeat","background-position":"center center","background-size":"auto","background-attachment":"scroll","background-type":"","background-media":"","overlay-type":"","overlay-color":"","overlay-opacity":"","overlay-gradient":""},"tablet":{"background-color":"","background-image":"","background-repeat":"repeat","background-position":"center center","background-size":"auto","background-attachment":"scroll","background-type":"","background-media":"","overlay-type":"","overlay-color":"","overlay-opacity":"","overlay-gradient":""},"mobile":{"background-color":"","background-image":"","background-repeat":"repeat","background-position":"center center","background-size":"auto","background-attachment":"scroll","background-type":"","background-media":"","overlay-type":"","overlay-color":"","overlay-opacity":"","overlay-gradient":""}},"ast-content-background-meta":{"desktop":{"background-color":"var(--ast-global-color-4)","background-image":"","background-repeat":"repeat","background-position":"center center","background-size":"auto","background-attachment":"scroll","background-type":"","background-media":"","overlay-type":"","overlay-color":"","overlay-opacity":"","overlay-gradient":""},"tablet":{"background-color":"var(--ast-global-color-4)","background-image":"","background-repeat":"repeat","background-position":"center center","background-size":"auto","background-attachment":"scroll","background-type":"","background-media":"","overlay-type":"","overlay-color":"","overlay-opacity":"","overlay-gradient":""},"mobile":{"background-color":"var(--ast-global-color-4)","background-image":"","background-repeat":"repeat","background-position":"center center","background-size":"auto","background-attachment":"scroll","background-type":"","background-media":"","overlay-type":"","overlay-color":"","overlay-opacity":"","overlay-gradient":""}},"footnotes":""},"categories":[1],"tags":[],"class_list":["post-2838","post","type-post","status-publish","format-standard","has-post-thumbnail","hentry","category-ultimas"],"_links":{"self":[{"href":"https:\/\/startrico.com.br\/noticias\/wp-json\/wp\/v2\/posts\/2838","targetHints":{"allow":["GET"]}}],"collection":[{"href":"https:\/\/startrico.com.br\/noticias\/wp-json\/wp\/v2\/posts"}],"about":[{"href":"https:\/\/startrico.com.br\/noticias\/wp-json\/wp\/v2\/types\/post"}],"author":[{"embeddable":true,"href":"https:\/\/startrico.com.br\/noticias\/wp-json\/wp\/v2\/users\/1"}],"replies":[{"embeddable":true,"href":"https:\/\/startrico.com.br\/noticias\/wp-json\/wp\/v2\/comments?post=2838"}],"version-history":[{"count":0,"href":"https:\/\/startrico.com.br\/noticias\/wp-json\/wp\/v2\/posts\/2838\/revisions"}],"wp:featuredmedia":[{"embeddable":true,"href":"https:\/\/startrico.com.br\/noticias\/wp-json\/wp\/v2\/media\/2837"}],"wp:attachment":[{"href":"https:\/\/startrico.com.br\/noticias\/wp-json\/wp\/v2\/media?parent=2838"}],"wp:term":[{"taxonomy":"category","embeddable":true,"href":"https:\/\/startrico.com.br\/noticias\/wp-json\/wp\/v2\/categories?post=2838"},{"taxonomy":"post_tag","embeddable":true,"href":"https:\/\/startrico.com.br\/noticias\/wp-json\/wp\/v2\/tags?post=2838"}],"curies":[{"name":"wp","href":"https:\/\/api.w.org\/{rel}","templated":true}]}}