{"id":2888,"date":"2025-12-24T07:26:44","date_gmt":"2025-12-24T10:26:44","guid":{"rendered":"https:\/\/startrico.com.br\/noticias\/oportunidade-na-selic-e\/"},"modified":"2025-12-24T07:26:44","modified_gmt":"2025-12-24T10:26:44","slug":"oportunidade-na-selic-e","status":"publish","type":"post","link":"https:\/\/startrico.com.br\/noticias\/oportunidade-na-selic-e\/","title":{"rendered":"Oportunidade na Selic e Fundos Imobili\u00e1rios em Destaque"},"content":{"rendered":"<h2>Expectativa em torno da Selic: por que 2026 ser\u00e1 decisivo para os fundos imobili\u00e1rios<\/h2>\n<p>O mercado de fundos imobili\u00e1rios est\u00e1 vivendo um momento de grande expectativa, algo que n\u00e3o se via h\u00e1 pelo menos quatro anos, motivado pela perspectiva da queda da taxa Selic em 2026. Essa redu\u00e7\u00e3o na taxa b\u00e1sica de juros, promovida pelo Banco Central, influencia diretamente o pre\u00e7o das cotas desses fundos.<\/p>\n<p>Para os fundos imobili\u00e1rios negociados na bolsa, a rea\u00e7\u00e3o a cortes de juros tende a ser mais imediata e pronunciada em compara\u00e7\u00e3o com o mercado imobili\u00e1rio f\u00edsico. Enquanto na constru\u00e7\u00e3o civil a queda da Selic estimula a demanda por cr\u00e9dito, reduzindo os custos de financiamento, nos fundos o efeito acontece de modo distinto.<\/p>\n<p>Os rendimentos desses fundos se assemelham, na pr\u00e1tica, aos t\u00edtulos p\u00fablicos indexados \u00e0 infla\u00e7\u00e3o, como as NTN-B (Tesouro IPCA+). Em linhas gerais, a valoriza\u00e7\u00e3o do im\u00f3vel ao longo do tempo cobre a infla\u00e7\u00e3o, e o pagamento mensal de rendimentos pelo fundo representa a remunera\u00e7\u00e3o real, acima da infla\u00e7\u00e3o.<\/p>\n<p>Por se tratar de um investimento com risco maior do que os t\u00edtulos p\u00fablicos, os investidores exigem um pr\u00eamio em rela\u00e7\u00e3o aos rendimentos das NTN-B com vencimentos mais distantes. Quando a curva de juros futuros longos sobe, como ocorreu em 2025, o mercado ajusta-se, provocando a queda do pre\u00e7o das cotas e o aumento do yield, que \u00e9 a rela\u00e7\u00e3o entre o retorno via dividendos e o valor da cota.<\/p>\n<p>J\u00e1 quando os juros caem, o movimento oposto acontece: as cotas se valorizam e os yields diminuem. Embora a Selic seja uma taxa de curto prazo, sua redu\u00e7\u00e3o tende a rebaixar tamb\u00e9m os juros de longo prazo, pois ajusta as expectativas para custos menores de financiamento e melhora na atividade econ\u00f4mica, dentro de um cen\u00e1rio de infla\u00e7\u00e3o controlada \u2014 cen\u00e1rio esperado para 2026.<\/p>\n<h2>A perspectiva de valoriza\u00e7\u00e3o das cotas<\/h2>\n<p>Para quem deseja capitalizar com a alta dos pre\u00e7os das cotas, 2026 apresenta uma oportunidade atraente. Segundo Vitor Bidetti, CEO da Integral Brei, o pr\u00f3ximo ano pode marcar uma mudan\u00e7a importante para esse setor. Historicamente, os fundos imobili\u00e1rios costumam apresentar uma valoriza\u00e7\u00e3o significativa logo ap\u00f3s o in\u00edcio do ciclo de queda nas taxas de juros.<\/p>\n<p>Anita Scal, s\u00f3cia e diretora de Investimentos Imobili\u00e1rios da Rio Bravo, refor\u00e7a que este momento \u00e9 prop\u00edcio para os investidores entrarem no mercado, aproveitando tanto a valoriza\u00e7\u00e3o das cotas quanto o rendimento dos dividendos, que ainda est\u00e1 elevado. No entanto, ela alerta que aguardar a confirma\u00e7\u00e3o da melhora macroecon\u00f4mica ou esperar at\u00e9 o Banco Central iniciar os cortes pode significar perder essa janela de oportunidade.<\/p>\n<h2>Perspectivas para o Ifix<\/h2>\n<p>Embora o \u00cdndice de Fundos Imobili\u00e1rios da B3 (Ifix) j\u00e1 tenha apresentado valoriza\u00e7\u00e3o de 19,65% at\u00e9 22 de dezembro de 2025, considerando a soma das altas das cotas e os dividendos, os especialistas ainda enxergam um potencial para um rali em 2026. Esse desempenho superou o CDI, mas ficou atr\u00e1s do Ibovespa, que avan\u00e7ou 31,7% no mesmo per\u00edodo.<\/p>\n<p>Conforme a diretora da Rio Bravo, a alta do ano praticamente eliminou os descontos m\u00e9dios que se viam nas negocia\u00e7\u00f5es das cotas na bolsa. Outro aspecto relevante \u00e9 que os fundos imobili\u00e1rios t\u00eam pouca participa\u00e7\u00e3o de investidores estrangeiros, diferentemente das a\u00e7\u00f5es, que t\u00eam sido impulsionadas por capital externo.<\/p>\n<p>Assim, se a queda da taxa de juros seduzir investidores a deixarem a renda fixa, espera-se que parte desse capital migre para os fundos imobili\u00e1rios, fortalecendo a alta do Ifix ao longo do ano seguinte.<\/p>\n<h2>Retorno das emiss\u00f5es de cotas e IPOs<\/h2>\n<p>Al\u00e9m da redu\u00e7\u00e3o esperada da Selic para 12,25% ao final de 2026 segundo a mediana das proje\u00e7\u00f5es do Focus, o que implica um corte de 2,75 pontos percentuais no ano, h\u00e1 um otimismo entre gestores quanto \u00e0 retomada das ofertas p\u00fablicas de novos fundos e aumento das emiss\u00f5es de cotas, o que pode dinamizar o mercado.<\/p>\n<p>Scal observa que muitos fundos j\u00e1 est\u00e3o preparando follow-ons (ofertas subsequentes de cotas) ou planejando abrir capital na bolsa. J\u00e1 Bidetti, da Integral, projeta que o mercado possa destravar as ofertas iniciais de fundos imobili\u00e1rios (IPOs) j\u00e1 no primeiro semestre de 2026, ap\u00f3s mais de tr\u00eas anos de pausa nas aberturas de capital.<\/p>\n<h2>Efeito das elei\u00e7\u00f5es no mercado<\/h2>\n<p>Por\u00e9m, com as elei\u00e7\u00f5es previstas para o segundo semestre, \u00e9 poss\u00edvel que o ritmo de IPOs desacelere, devido \u00e0 maior volatilidade. Segundo a diretora da Rio Bravo, embora essa instabilidade seja pontual, ela pode frear o mercado, causando cautela e dificultando a capta\u00e7\u00e3o de recursos enquanto a incerteza eleitoral persistir.<\/p>\n<p>Bidetti destaca que, apesar da volatilidade maior no ano eleitoral, o ciclo de juros continuar\u00e1 sendo o fator mais determinante e duradouro para os fundos imobili\u00e1rios, possivelmente estendendo sua influ\u00eancia at\u00e9 2027. Ap\u00f3s as elei\u00e7\u00f5es, o principal ser\u00e1 entender se os juros ir\u00e3o realmente cair para d\u00edgitos mais baixos.<\/p>\n<p><a href=\"https:\/\/investnews.com.br\/investimentos\/a-espera-da-selic-por-que-2026-virou-o-ano-chave-dos-fundos-imobiliarios\/\" target=\"_blank\" rel=\"noopener\">Fonte<\/a><\/p>\n","protected":false},"excerpt":{"rendered":"<p>Fundos Imobili\u00e1rios ganham destaque com expectativa de queda da Selic e valoriza\u00e7\u00e3o das cotas, atraindo investidores para 2026.<\/p>\n","protected":false},"author":1,"featured_media":2887,"comment_status":"open","ping_status":"open","sticky":false,"template":"","format":"standard","meta":{"site-sidebar-layout":"default","site-content-layout":"","ast-site-content-layout":"default","site-content-style":"default","site-sidebar-style":"default","ast-global-header-display":"","ast-banner-title-visibility":"","ast-main-header-display":"","ast-hfb-above-header-display":"","ast-hfb-below-header-display":"","ast-hfb-mobile-header-display":"","site-post-title":"","ast-breadcrumbs-content":"","ast-featured-img":"","footer-sml-layout":"","theme-transparent-header-meta":"","adv-header-id-meta":"","stick-header-meta":"","header-above-stick-meta":"","header-main-stick-meta":"","header-below-stick-meta":"","astra-migrate-meta-layouts":"default","ast-page-background-enabled":"default","ast-page-background-meta":{"desktop":{"background-color":"var(--ast-global-color-5)","background-image":"","background-repeat":"repeat","background-position":"center center","background-size":"auto","background-attachment":"scroll","background-type":"","background-media":"","overlay-type":"","overlay-color":"","overlay-opacity":"","overlay-gradient":""},"tablet":{"background-color":"","background-image":"","background-repeat":"repeat","background-position":"center center","background-size":"auto","background-attachment":"scroll","background-type":"","background-media":"","overlay-type":"","overlay-color":"","overlay-opacity":"","overlay-gradient":""},"mobile":{"background-color":"","background-image":"","background-repeat":"repeat","background-position":"center center","background-size":"auto","background-attachment":"scroll","background-type":"","background-media":"","overlay-type":"","overlay-color":"","overlay-opacity":"","overlay-gradient":""}},"ast-content-background-meta":{"desktop":{"background-color":"var(--ast-global-color-4)","background-image":"","background-repeat":"repeat","background-position":"center center","background-size":"auto","background-attachment":"scroll","background-type":"","background-media":"","overlay-type":"","overlay-color":"","overlay-opacity":"","overlay-gradient":""},"tablet":{"background-color":"var(--ast-global-color-4)","background-image":"","background-repeat":"repeat","background-position":"center center","background-size":"auto","background-attachment":"scroll","background-type":"","background-media":"","overlay-type":"","overlay-color":"","overlay-opacity":"","overlay-gradient":""},"mobile":{"background-color":"var(--ast-global-color-4)","background-image":"","background-repeat":"repeat","background-position":"center center","background-size":"auto","background-attachment":"scroll","background-type":"","background-media":"","overlay-type":"","overlay-color":"","overlay-opacity":"","overlay-gradient":""}},"footnotes":""},"categories":[1],"tags":[],"class_list":["post-2888","post","type-post","status-publish","format-standard","has-post-thumbnail","hentry","category-ultimas"],"_links":{"self":[{"href":"https:\/\/startrico.com.br\/noticias\/wp-json\/wp\/v2\/posts\/2888","targetHints":{"allow":["GET"]}}],"collection":[{"href":"https:\/\/startrico.com.br\/noticias\/wp-json\/wp\/v2\/posts"}],"about":[{"href":"https:\/\/startrico.com.br\/noticias\/wp-json\/wp\/v2\/types\/post"}],"author":[{"embeddable":true,"href":"https:\/\/startrico.com.br\/noticias\/wp-json\/wp\/v2\/users\/1"}],"replies":[{"embeddable":true,"href":"https:\/\/startrico.com.br\/noticias\/wp-json\/wp\/v2\/comments?post=2888"}],"version-history":[{"count":0,"href":"https:\/\/startrico.com.br\/noticias\/wp-json\/wp\/v2\/posts\/2888\/revisions"}],"wp:featuredmedia":[{"embeddable":true,"href":"https:\/\/startrico.com.br\/noticias\/wp-json\/wp\/v2\/media\/2887"}],"wp:attachment":[{"href":"https:\/\/startrico.com.br\/noticias\/wp-json\/wp\/v2\/media?parent=2888"}],"wp:term":[{"taxonomy":"category","embeddable":true,"href":"https:\/\/startrico.com.br\/noticias\/wp-json\/wp\/v2\/categories?post=2888"},{"taxonomy":"post_tag","embeddable":true,"href":"https:\/\/startrico.com.br\/noticias\/wp-json\/wp\/v2\/tags?post=2888"}],"curies":[{"name":"wp","href":"https:\/\/api.w.org\/{rel}","templated":true}]}}