{"id":2916,"date":"2025-12-25T07:41:13","date_gmt":"2025-12-25T10:41:13","guid":{"rendered":"https:\/\/startrico.com.br\/noticias\/salario-minimo-oficializado-em\/"},"modified":"2025-12-25T07:41:13","modified_gmt":"2025-12-25T10:41:13","slug":"salario-minimo-oficializado-em","status":"publish","type":"post","link":"https:\/\/startrico.com.br\/noticias\/salario-minimo-oficializado-em\/","title":{"rendered":"Sal\u00e1rio M\u00ednimo Oficializado em R$ 1.621,00 a Partir de Janeiro"},"content":{"rendered":"<h2>Governo oficializa reajuste do sal\u00e1rio m\u00ednimo para R$ 1.621,00 a partir de janeiro<\/h2>\n<p>O governo federal publicou no Di\u00e1rio Oficial da Uni\u00e3o, na quarta-feira, 24 de dezembro de 2025, o decreto que oficializa o novo valor do sal\u00e1rio m\u00ednimo, fixado em R$ 1.621,00 a vigorar a partir de 1\u00ba de janeiro de 2026.<\/p>\n<p>Segundo o decreto assinado pelo presidente Luiz In\u00e1cio Lula da Silva, o sal\u00e1rio m\u00ednimo ter\u00e1 um valor di\u00e1rio de R$ 54,04 e uma remunera\u00e7\u00e3o por hora de R$ 7,37.<\/p>\n<p>O reajuste equivale a um aumento de R$ 103,00, ou 6,79%, em rela\u00e7\u00e3o ao atual piso salarial, que \u00e9 de R$ 1.518,00. Esse novo sal\u00e1rio m\u00ednimo fica um pouco abaixo dos R$ 1.627 previstos no Projeto de Lei de Diretrizes Or\u00e7ament\u00e1rias (LDO) para 2026, o que traz um al\u00edvio para o or\u00e7amento p\u00fablico do pr\u00f3ximo ano.<\/p>\n<h3>Crit\u00e9rios do reajuste<\/h3>\n<p>O aumento do sal\u00e1rio m\u00ednimo foi calculado considerando o \u00cdndice Nacional de Pre\u00e7os ao Consumidor (INPC) referente aos 12 meses encerrados em novembro, que ficou em 4,18%, acrescido de uma eleva\u00e7\u00e3o real de 2,5%, baseada no crescimento do Produto Interno Bruto (PIB) de 2024, limitado a esse percentual.<\/p>\n<p>O INPC, divulgado pelo IBGE, monitora a infla\u00e7\u00e3o para fam\u00edlias com renda de at\u00e9 cinco sal\u00e1rios m\u00ednimos.<\/p>\n<p><a href=\"https:\/\/borainvestir.b3.com.br\/noticias\/governo-oficializa-salario-minimo-de-r-1-62100-a-partir-de-1o-de-janeiro\/\" target=\"_blank\" rel=\"noopener\">Fonte<\/a><\/p>\n","protected":false},"excerpt":{"rendered":"<p>Sal\u00e1rio m\u00ednimo foi reajustado para R$ 1.621,00 a partir de janeiro, com aumento baseado no INPC e crescimento econ\u00f4mico, refletindo benef\u00edcios sociais.<\/p>\n","protected":false},"author":1,"featured_media":2915,"comment_status":"open","ping_status":"open","sticky":false,"template":"","format":"standard","meta":{"site-sidebar-layout":"default","site-content-layout":"","ast-site-content-layout":"default","site-content-style":"default","site-sidebar-style":"default","ast-global-header-display":"","ast-banner-title-visibility":"","ast-main-header-display":"","ast-hfb-above-header-display":"","ast-hfb-below-header-display":"","ast-hfb-mobile-header-display":"","site-post-title":"","ast-breadcrumbs-content":"","ast-featured-img":"","footer-sml-layout":"","theme-transparent-header-meta":"","adv-header-id-meta":"","stick-header-meta":"","header-above-stick-meta":"","header-main-stick-meta":"","header-below-stick-meta":"","astra-migrate-meta-layouts":"default","ast-page-background-enabled":"default","ast-page-background-meta":{"desktop":{"background-color":"var(--ast-global-color-5)","background-image":"","background-repeat":"repeat","background-position":"center center","background-size":"auto","background-attachment":"scroll","background-type":"","background-media":"","overlay-type":"","overlay-color":"","overlay-opacity":"","overlay-gradient":""},"tablet":{"background-color":"","background-image":"","background-repeat":"repeat","background-position":"center center","background-size":"auto","background-attachment":"scroll","background-type":"","background-media":"","overlay-type":"","overlay-color":"","overlay-opacity":"","overlay-gradient":""},"mobile":{"background-color":"","background-image":"","background-repeat":"repeat","background-position":"center center","background-size":"auto","background-attachment":"scroll","background-type":"","background-media":"","overlay-type":"","overlay-color":"","overlay-opacity":"","overlay-gradient":""}},"ast-content-background-meta":{"desktop":{"background-color":"var(--ast-global-color-4)","background-image":"","background-repeat":"repeat","background-position":"center center","background-size":"auto","background-attachment":"scroll","background-type":"","background-media":"","overlay-type":"","overlay-color":"","overlay-opacity":"","overlay-gradient":""},"tablet":{"background-color":"var(--ast-global-color-4)","background-image":"","background-repeat":"repeat","background-position":"center center","background-size":"auto","background-attachment":"scroll","background-type":"","background-media":"","overlay-type":"","overlay-color":"","overlay-opacity":"","overlay-gradient":""},"mobile":{"background-color":"var(--ast-global-color-4)","background-image":"","background-repeat":"repeat","background-position":"center center","background-size":"auto","background-attachment":"scroll","background-type":"","background-media":"","overlay-type":"","overlay-color":"","overlay-opacity":"","overlay-gradient":""}},"footnotes":""},"categories":[1],"tags":[],"class_list":["post-2916","post","type-post","status-publish","format-standard","has-post-thumbnail","hentry","category-ultimas"],"_links":{"self":[{"href":"https:\/\/startrico.com.br\/noticias\/wp-json\/wp\/v2\/posts\/2916","targetHints":{"allow":["GET"]}}],"collection":[{"href":"https:\/\/startrico.com.br\/noticias\/wp-json\/wp\/v2\/posts"}],"about":[{"href":"https:\/\/startrico.com.br\/noticias\/wp-json\/wp\/v2\/types\/post"}],"author":[{"embeddable":true,"href":"https:\/\/startrico.com.br\/noticias\/wp-json\/wp\/v2\/users\/1"}],"replies":[{"embeddable":true,"href":"https:\/\/startrico.com.br\/noticias\/wp-json\/wp\/v2\/comments?post=2916"}],"version-history":[{"count":0,"href":"https:\/\/startrico.com.br\/noticias\/wp-json\/wp\/v2\/posts\/2916\/revisions"}],"wp:featuredmedia":[{"embeddable":true,"href":"https:\/\/startrico.com.br\/noticias\/wp-json\/wp\/v2\/media\/2915"}],"wp:attachment":[{"href":"https:\/\/startrico.com.br\/noticias\/wp-json\/wp\/v2\/media?parent=2916"}],"wp:term":[{"taxonomy":"category","embeddable":true,"href":"https:\/\/startrico.com.br\/noticias\/wp-json\/wp\/v2\/categories?post=2916"},{"taxonomy":"post_tag","embeddable":true,"href":"https:\/\/startrico.com.br\/noticias\/wp-json\/wp\/v2\/tags?post=2916"}],"curies":[{"name":"wp","href":"https:\/\/api.w.org\/{rel}","templated":true}]}}