{"id":3351,"date":"2026-01-14T07:56:06","date_gmt":"2026-01-14T10:56:06","guid":{"rendered":"https:\/\/startrico.com.br\/noticias\/plataforma-digital-da-reforma\/"},"modified":"2026-01-14T07:56:06","modified_gmt":"2026-01-14T10:56:06","slug":"plataforma-digital-da-reforma","status":"publish","type":"post","link":"https:\/\/startrico.com.br\/noticias\/plataforma-digital-da-reforma\/","title":{"rendered":"Plataforma Digital da Reforma Tribut\u00e1ria: Guia Completo de Funcionamento"},"content":{"rendered":"<h2>Governo Lula lan\u00e7a plataforma digital para a Reforma Tribut\u00e1ria; entenda seu funcionamento<\/h2>\n<p>Na ter\u00e7a-feira, 13 de janeiro, o presidente Luiz In\u00e1cio Lula da Silva implementou a Plataforma Digital da Reforma Tribut\u00e1ria, uma iniciativa que visa facilitar a transi\u00e7\u00e3o gradativa para as novas regras relativas \u00e0 Contribui\u00e7\u00e3o sobre Bens e Servi\u00e7os (CBS), componente fundamental da Reforma Tribut\u00e1ria aprovada pelo Congresso Nacional.<\/p>\n<p>O objetivo dessa ferramenta \u00e9 oferecer a contribuintes, profissionais e desenvolvedores a possibilidade de acompanhar na pr\u00e1tica o novo sistema fiscal, permitindo experimenta\u00e7\u00f5es e adapta\u00e7\u00f5es antes de sua vig\u00eancia oficial.<\/p>\n<h3>Lan\u00e7amento e contexto<\/h3>\n<p>Durante o evento de lan\u00e7amento, Lula ressaltou que a nova plataforma marca um momento hist\u00f3rico para a Reforma Tribut\u00e1ria, que passar\u00e1 a valer a partir de 1\u00ba de janeiro de 2027. O presidente destacou que a ferramenta funcionar\u00e1 como um teste para que, quando a reforma entrar em vigor, a sociedade brasileira possa usufruir integralmente dos seus benef\u00edcios.<\/p>\n<p>Na mesma data, foi sancionada a lei complementar que cria o Comit\u00ea Gestor do Imposto sobre Bens e Servi\u00e7os (IBS), \u00f3rg\u00e3o respons\u00e1vel por administrar e coordenar o imposto compartilhado entre os estados, o Distrito Federal e os munic\u00edpios.<\/p>\n<p>\u201cEste \u00e9 um momento hist\u00f3rico que demonstra que, quando se tem f\u00e9 nas ideias, elas se tornam realidade. O fundamental \u00e9 superar os obst\u00e1culos\u201d, afirmou Lula.<\/p>\n<h3>Import\u00e2ncia e impacto da Reforma Tribut\u00e1ria<\/h3>\n<p>Wilton Mota, presidente do Serpro, enfatizou durante a solenidade que a Reforma do consumo representa uma das mais significativas transforma\u00e7\u00f5es estruturais no sistema tribut\u00e1rio brasileiro. Ele salientou que as mudan\u00e7as v\u00e3o al\u00e9m da simples reorganiza\u00e7\u00e3o de impostos, promovendo justi\u00e7a social, fiscal e transpar\u00eancia entre cidad\u00e3os, empresas e governos estaduais.<\/p>\n<p>Mota acrescentou que todo o processo s\u00f3 \u00e9 poss\u00edvel gra\u00e7as a um ambiente tecnol\u00f3gico seguro, robusto e de soberania nacional. Segundo ele, a reforma amplia significativamente a capacidade de atua\u00e7\u00e3o na redu\u00e7\u00e3o da evas\u00e3o fiscal e das desigualdades, tornando a plataforma um instrumento essencial para esse avan\u00e7o.<\/p>\n<p>O presidente do Serpro refor\u00e7ou que com a constru\u00e7\u00e3o dessa base de dados integrada e confi\u00e1vel, o governo poder\u00e1 tomar decis\u00f5es estrat\u00e9gicas mais eficazes, impulsionando pol\u00edticas p\u00fablicas eficientes.<\/p>\n<p>J\u00e1 o ministro da Fazenda, Fernando Haddad, afirmou que o sistema ser\u00e1 um dos mais modernos do mundo, servindo de base para a cria\u00e7\u00e3o de pol\u00edticas p\u00fablicas ao oferecer uma vis\u00e3o detalhada da economia local, dos pre\u00e7os e da arrecada\u00e7\u00e3o tribut\u00e1ria.<\/p>\n<h2>Como funcionar\u00e1 a plataforma digital<\/h2>\n<p>Desenvolvida pela Receita Federal em parceria com o Serpro, a plataforma \u00e9 fundamentada em tr\u00eas eixos principais: transforma\u00e7\u00e3o fiscal, inova\u00e7\u00e3o tecnol\u00f3gica e soberania digital, conforme divulgado pelo Planalto. A ferramenta tem capacidade para processar at\u00e9 200 milh\u00f5es de opera\u00e7\u00f5es por dia e movimentar cerca de 5 petabytes de dados anualmente.<\/p>\n<p>Durante os seis meses anteriores ao lan\u00e7amento, o sistema foi testado por mais de 400 empresas, garantindo sua funcionalidade e robustez.<\/p>\n<p>Entre as funcionalidades destacam-se a calculadora de tributos, ferramentas para apura\u00e7\u00e3o assistida e recursos que monitoram em tempo real os valores a pagar e cr\u00e9ditos a receber.<\/p>\n<p>A plataforma disponibiliza ambientes para testes e simula\u00e7\u00f5es que auxiliam na valida\u00e7\u00e3o de processos, sistemas e integra\u00e7\u00f5es, al\u00e9m de facilitarem a gest\u00e3o e o controle tribut\u00e1rio das companhias. Esses testes n\u00e3o implicam cobran\u00e7as tribut\u00e1rias, servindo apenas para capacita\u00e7\u00e3o e verifica\u00e7\u00e3o t\u00e9cnica.<\/p>\n<p>Robinson Barreirinhas, secret\u00e1rio da Receita Federal, ressaltou que a ferramenta ser\u00e1 fundamental para auxiliar os contribuintes que cumprem com suas obriga\u00e7\u00f5es, proporcionando orienta\u00e7\u00e3o, seguran\u00e7a e tratamento justo. Ele destacou que a nova legisla\u00e7\u00e3o, concretizada com a cria\u00e7\u00e3o do comit\u00ea gestor, torna o Fisco um parceiro dos contribuintes.<\/p>\n<p>Al\u00e9m disso, Barreirinhas explicou que a plataforma eliminar\u00e1 erros no preenchimento dos documentos fiscais, automatizando as declara\u00e7\u00f5es, e que a apura\u00e7\u00e3o assistida reduzir\u00e1 custos com manuten\u00e7\u00e3o de sistemas, processos e lit\u00edgios.<\/p>\n<p>\u201cO sistema oferece a calculadora oficial da Receita Federal, que pode ser integrada aos sistemas internos das empresas, garantindo alinhamento e evitando d\u00favidas sobre o comportamento fiscal. Caso haja erro no preenchimento da nota fiscal, o sistema notificar\u00e1 e orientar\u00e1 a corre\u00e7\u00e3o\u201d, esclareceu.<\/p>\n<h3>Como acessar a plataforma<\/h3>\n<p>O sistema est\u00e1 dispon\u00edvel no endere\u00e7o eletr\u00f4nico consumo.tributos.gov.br.<\/p>\n<h3>Funcionamento para as empresas<\/h3>\n<p>O governo federal informa que as empresas contar\u00e3o com um prazo de at\u00e9 quatro meses ap\u00f3s a regulamenta\u00e7\u00e3o da Reforma Tribut\u00e1ria para testarem os sistemas, adaptarem seus documentos fiscais e se ajustarem, sem risco de sofrer penalidades.<\/p>\n<p>Ap\u00f3s esse per\u00edodo, as empresas de grande porte dever\u00e3o informar nas notas fiscais os valores referentes \u00e0s al\u00edquotas-teste da CBS (0,9%) e do IBS (0,1%). Esses valores t\u00eam car\u00e1ter meramente informativo, e o simples destaque nas notas evita qualquer cobran\u00e7a de tributos. O objetivo \u00e9 validar os sistemas, consolidar os processos e subsidiar o c\u00e1lculo das al\u00edquotas definitivas que manter\u00e3o a carga tribut\u00e1ria atual.<\/p>\n<h3>Impacto para os consumidores<\/h3>\n<p>Para o consumidor, os pre\u00e7os n\u00e3o ter\u00e3o altera\u00e7\u00e3o. As novas informa\u00e7\u00f5es inseridas nas notas fiscais t\u00eam apenas finalidade informativa, ampliando a transpar\u00eancia sobre a composi\u00e7\u00e3o dos tributos.<\/p>\n<p>Empresas do Simples Nacional e microempreendedores individuais est\u00e3o inicialmente dispensados dessa obriga\u00e7\u00e3o. A implanta\u00e7\u00e3o possui car\u00e1ter educativo, n\u00e3o havendo aplica\u00e7\u00e3o de multas durante o per\u00edodo de adapta\u00e7\u00e3o. Notas fiscais que n\u00e3o possu\u00edrem os novos campos n\u00e3o ser\u00e3o recusadas, enquanto as administra\u00e7\u00f5es tribut\u00e1rias continuam se adaptando \u00e0 plataforma nacional.<\/p>\n<h2>Comit\u00ea Gestor do IBS<\/h2>\n<p>O Comit\u00ea Gestor ser\u00e1 encarregado da arrecada\u00e7\u00e3o, compensa\u00e7\u00e3o e distribui\u00e7\u00e3o do IBS, al\u00e9m de padronizar a aplica\u00e7\u00e3o da legisla\u00e7\u00e3o e centralizar as obriga\u00e7\u00f5es acess\u00f3rias relacionadas a esse imposto. A estrutura do \u00f3rg\u00e3o prev\u00ea autonomia t\u00e9cnica e financeira, altern\u00e2ncia da presid\u00eancia entre representantes estaduais e municipais, e participa\u00e7\u00e3o m\u00ednima de 30% de mulheres na diretoria executiva.<\/p>\n<p>O comit\u00ea contar\u00e1 com um Conselho Superior, Secretaria-Geral, corregedoria, auditoria interna e uma diretoria executiva dividida em nove \u00e1reas, incluindo Fiscaliza\u00e7\u00e3o, Tributa\u00e7\u00e3o e Tesouraria.<\/p>\n<p>A composi\u00e7\u00e3o total ser\u00e1 de 54 membros, metade indicada pelos governadores e a outra metade pelos munic\u00edpios, com mandatos de quatro anos. Durante a fase inicial, as 27 cadeiras municipais ser\u00e3o repartidas provisoriamente entre a Frente Nacional de Prefeitas e Prefeitos (FNP), com 13 vagas, e a Confedera\u00e7\u00e3o Nacional de Munic\u00edpios (CNM), com 14 vagas.<\/p>\n<h3>Reuni\u00f5es e processo decis\u00f3rio<\/h3>\n<p>A partir de 2026, os representantes municipais passar\u00e3o a ser escolhidos por meio de elei\u00e7\u00f5es. As reuni\u00f5es do comit\u00ea dever\u00e3o ocorrer trimestralmente, com possibilidade de convoca\u00e7\u00e3o extraordin\u00e1ria.<\/p>\n<p>Para que as decis\u00f5es sejam aprovadas, \u00e9 necess\u00e1rio voto da maioria absoluta dos integrantes, apoio dos estados que representem mais da metade da popula\u00e7\u00e3o brasileira e aprova\u00e7\u00e3o da maioria dos representantes municipais.<\/p>\n<h3>Outros aspectos da regulamenta\u00e7\u00e3o<\/h3>\n<p>A lei tamb\u00e9m trata da compensa\u00e7\u00e3o dos cr\u00e9ditos acumulados de ICMS at\u00e9 31 de dezembro de 2032, que poder\u00e3o ser utilizados para abater d\u00e9bitos futuros do IBS ou devolvidos em parcelas aos contribuintes.<\/p>\n<p>Em rela\u00e7\u00e3o aos servi\u00e7os financeiros, como opera\u00e7\u00f5es de cr\u00e9dito, c\u00e2mbio e seguros, foi estabelecido um regime tribut\u00e1rio pr\u00f3prio, com al\u00edquota inicial de 10,85% em 2027, que ser\u00e1 elevada progressivamente at\u00e9 atingir 12,5% em 2033.<\/p>\n<p>Durante o per\u00edodo de transi\u00e7\u00e3o, enquanto o ISS for mantido pelos munic\u00edpios, a al\u00edquota do imposto ser\u00e1 ajustada de forma proporcional \u00e0 implementa\u00e7\u00e3o do IBS.<\/p>\n<p><a href=\"https:\/\/exame.com\/economia\/governo-lula-lanca-plataforma-digital-da-reforma-tributaria-veja-como-vai-funcionar\/\" target=\"_blank\" rel=\"noopener\">Fonte<\/a><\/p>\n","protected":false},"excerpt":{"rendered":"<p>Plataforma Digital da Reforma Tribut\u00e1ria oferece ferramentas para testes e simula\u00e7\u00f5es antes da implementa\u00e7\u00e3o oficial das novas regras fiscais.<\/p>\n","protected":false},"author":1,"featured_media":3350,"comment_status":"open","ping_status":"open","sticky":false,"template":"","format":"standard","meta":{"site-sidebar-layout":"default","site-content-layout":"","ast-site-content-layout":"default","site-content-style":"default","site-sidebar-style":"default","ast-global-header-display":"","ast-banner-title-visibility":"","ast-main-header-display":"","ast-hfb-above-header-display":"","ast-hfb-below-header-display":"","ast-hfb-mobile-header-display":"","site-post-title":"","ast-breadcrumbs-content":"","ast-featured-img":"","footer-sml-layout":"","theme-transparent-header-meta":"","adv-header-id-meta":"","stick-header-meta":"","header-above-stick-meta":"","header-main-stick-meta":"","header-below-stick-meta":"","astra-migrate-meta-layouts":"default","ast-page-background-enabled":"default","ast-page-background-meta":{"desktop":{"background-color":"var(--ast-global-color-5)","background-image":"","background-repeat":"repeat","background-position":"center center","background-size":"auto","background-attachment":"scroll","background-type":"","background-media":"","overlay-type":"","overlay-color":"","overlay-opacity":"","overlay-gradient":""},"tablet":{"background-color":"","background-image":"","background-repeat":"repeat","background-position":"center center","background-size":"auto","background-attachment":"scroll","background-type":"","background-media":"","overlay-type":"","overlay-color":"","overlay-opacity":"","overlay-gradient":""},"mobile":{"background-color":"","background-image":"","background-repeat":"repeat","background-position":"center center","background-size":"auto","background-attachment":"scroll","background-type":"","background-media":"","overlay-type":"","overlay-color":"","overlay-opacity":"","overlay-gradient":""}},"ast-content-background-meta":{"desktop":{"background-color":"var(--ast-global-color-4)","background-image":"","background-repeat":"repeat","background-position":"center center","background-size":"auto","background-attachment":"scroll","background-type":"","background-media":"","overlay-type":"","overlay-color":"","overlay-opacity":"","overlay-gradient":""},"tablet":{"background-color":"var(--ast-global-color-4)","background-image":"","background-repeat":"repeat","background-position":"center center","background-size":"auto","background-attachment":"scroll","background-type":"","background-media":"","overlay-type":"","overlay-color":"","overlay-opacity":"","overlay-gradient":""},"mobile":{"background-color":"var(--ast-global-color-4)","background-image":"","background-repeat":"repeat","background-position":"center center","background-size":"auto","background-attachment":"scroll","background-type":"","background-media":"","overlay-type":"","overlay-color":"","overlay-opacity":"","overlay-gradient":""}},"footnotes":""},"categories":[1],"tags":[],"class_list":["post-3351","post","type-post","status-publish","format-standard","has-post-thumbnail","hentry","category-ultimas"],"_links":{"self":[{"href":"https:\/\/startrico.com.br\/noticias\/wp-json\/wp\/v2\/posts\/3351","targetHints":{"allow":["GET"]}}],"collection":[{"href":"https:\/\/startrico.com.br\/noticias\/wp-json\/wp\/v2\/posts"}],"about":[{"href":"https:\/\/startrico.com.br\/noticias\/wp-json\/wp\/v2\/types\/post"}],"author":[{"embeddable":true,"href":"https:\/\/startrico.com.br\/noticias\/wp-json\/wp\/v2\/users\/1"}],"replies":[{"embeddable":true,"href":"https:\/\/startrico.com.br\/noticias\/wp-json\/wp\/v2\/comments?post=3351"}],"version-history":[{"count":0,"href":"https:\/\/startrico.com.br\/noticias\/wp-json\/wp\/v2\/posts\/3351\/revisions"}],"wp:featuredmedia":[{"embeddable":true,"href":"https:\/\/startrico.com.br\/noticias\/wp-json\/wp\/v2\/media\/3350"}],"wp:attachment":[{"href":"https:\/\/startrico.com.br\/noticias\/wp-json\/wp\/v2\/media?parent=3351"}],"wp:term":[{"taxonomy":"category","embeddable":true,"href":"https:\/\/startrico.com.br\/noticias\/wp-json\/wp\/v2\/categories?post=3351"},{"taxonomy":"post_tag","embeddable":true,"href":"https:\/\/startrico.com.br\/noticias\/wp-json\/wp\/v2\/tags?post=3351"}],"curies":[{"name":"wp","href":"https:\/\/api.w.org\/{rel}","templated":true}]}}