{"id":3355,"date":"2026-01-15T07:06:32","date_gmt":"2026-01-15T10:06:32","guid":{"rendered":"https:\/\/startrico.com.br\/noticias\/europa-envia-tropas-a\/"},"modified":"2026-01-15T07:06:32","modified_gmt":"2026-01-15T10:06:32","slug":"europa-envia-tropas-a","status":"publish","type":"post","link":"https:\/\/startrico.com.br\/noticias\/europa-envia-tropas-a\/","title":{"rendered":"Europa Envia Tropas \u00c0 Groen\u00adl\u00e2ndia Ap\u00f3s Amea\u00e7as Dos EUA"},"content":{"rendered":"<h2>Europa envia tropas \u00e0 Groen\u00adl\u00e2ndia em resposta a amea\u00e7as de anexa\u00e7\u00e3o feitas pelos EUA<\/h2>\n<p>Diante das recentes declara\u00e7\u00f5es do presidente dos Estados Unidos, Donald Trump, de que pretende anexar a Groenl\u00e2ndia, mesmo que seja necess\u00e1rio recorrer \u00e0 for\u00e7a, pa\u00edses europeus resolveram refor\u00e7ar sua presen\u00e7a militar na ilha \u00e1rtica. Essa iniciativa ocorre para demonstrar solidariedade \u00e0 Dinamarca, que possui responsabilidade pela defesa do territ\u00f3rio.<\/p>\n<p>Na quarta-feira (14), a Dinamarca anunciou que intensificar\u00e1 seu contingente militar em colabora\u00e7\u00e3o estreita com os aliados da Organiza\u00e7\u00e3o do Tratado do Atl\u00e2ntico Norte (OTAN). Logo ap\u00f3s essa confirma\u00e7\u00e3o, Alemanha, Su\u00e9cia, Fran\u00e7a e Noruega declararam o envio imediato de tropas para participar de exerc\u00edcios militares conjuntos previstos para ocorrer na regi\u00e3o.<\/p>\n<h3>Detalhes do refor\u00e7o europeu na Groenl\u00e2ndia<\/h3>\n<p>O Minist\u00e9rio da Defesa da Alemanha comunicou que enviar\u00e1 um pelot\u00e3o de reconhecimento composto por 13 soldados para uma miss\u00e3o explorat\u00f3ria a convite da Dinamarca, em parceria com outros pa\u00edses aliados. A Su\u00e9cia, por sua vez, destinou um n\u00famero n\u00e3o divulgado de militares para colaborar na prepara\u00e7\u00e3o do exerc\u00edcio militar denominado Operation Arctic Endurance, conforme divulgado pelo primeiro-ministro Ulf Kristersson.<\/p>\n<p>A Fran\u00e7a tamb\u00e9m confirmou sua participa\u00e7\u00e3o no treinamento, e o presidente Emmanuel Macron ressaltou que as primeiras unidades militares francesas j\u00e1 est\u00e3o a caminho, com contingentes adicionais planeados para seguir em breve. A Noruega enviou dois militares para o local, refor\u00e7ando ainda mais a presen\u00e7a europeia na regi\u00e3o.<\/p>\n<h3>Contexto e rea\u00e7\u00f5es \u00e0s amea\u00e7as dos EUA<\/h3>\n<p>Embora a realiza\u00e7\u00e3o de exerc\u00edcios militares na regi\u00e3o do C\u00edrculo Polar \u00c1rtico seja comum e fa\u00e7a parte de uma estrat\u00e9gia para fortalecer a coopera\u00e7\u00e3o entre os pa\u00edses aliados ao longo dos anos, as recentes movimenta\u00e7\u00f5es ganharam destaque simb\u00f3lico devido ao cen\u00e1rio pol\u00edtico tenso causado pelas declara\u00e7\u00f5es dos Estados Unidos.<\/p>\n<p>Os EUA mant\u00eam cerca de 150 militares na base espacial de Pituffik, localizada no noroeste da Groenl\u00e2ndia. O pr\u00f3prio Donald Trump afirmou que pretende &#8220;fazer algo na Groenl\u00e2ndia, gostem ou n\u00e3o&#8221;, admitindo a possibilidade de usar a for\u00e7a, o que elevou a tens\u00e3o dentro da OTAN, visto que o territ\u00f3rio \u00e9 protegido pela Dinamarca, membro da alian\u00e7a.<\/p>\n<p>O ministro da Defesa da Dinamarca, Troels Lund Poulsen, definiu a possibilidade de um ataque americano contra a Groenl\u00e2ndia como &#8221; totalmente hipot\u00e9tica&#8221;, ressaltando que \u00e9 &#8220;improv\u00e1vel que um pa\u00eds da OTAN ataque outro&#8221;.<\/p>\n<h3>Negocia\u00e7\u00f5es e diplomacia em meio \u00e0 crise<\/h3>\n<p>No mesmo dia em que os pa\u00edses europeus anunciaram o aumento da presen\u00e7a militar, autoridades dinamarquesas e groenlandesas se reuniram em Washington com representantes dos Estados Unidos, como o secret\u00e1rio de Estado Marco Rubio e o vice-presidente JD Vance. A reuni\u00e3o foi descrita pelo chanceler dinamarqu\u00eas Lars L\u00f8kke Rasmussen como &#8220;franca, por\u00e9m construtiva&#8221;, apesar de haver uma &#8220;diverg\u00eancia fundamental&#8221; entre as partes.<\/p>\n<p>Durante a conversa, ficou acordada a cria\u00e7\u00e3o de um grupo de trabalho de alto n\u00edvel para buscar um consenso e definir uma estrat\u00e9gia conjunta nas pr\u00f3ximas semanas.<\/p>\n<h3>Expans\u00e3o diplom\u00e1tica na Groenl\u00e2ndia<\/h3>\n<p>Al\u00e9m do refor\u00e7o militar, o Canad\u00e1 e a Fran\u00e7a anunciaram a abertura de consulados em Nuuk, capital da Groenl\u00e2ndia, numa demonstra\u00e7\u00e3o clara de apoio \u00e0 soberania do territ\u00f3rio. A ministra das Rela\u00e7\u00f5es Exteriores do Canad\u00e1, Anita Anand, revelou que planeja visitar a ilha nas pr\u00f3ximas semanas para inaugurar a representa\u00e7\u00e3o consular e reafirmar o compromisso canadense com a integridade territorial da Groenl\u00e2ndia.<\/p>\n<p>A Fran\u00e7a programou a abertura de seu consulado para o dia 6 de fevereiro. Em entrevista \u00e0 r\u00e1dio RTL, o chanceler franc\u00eas Jean-No\u00ebl Barrot pediu que os Estados Unidos cessem as amea\u00e7as, afirmando que um ataque contra outro membro da OTAN &#8220;seria contraproducente e contr\u00e1rio aos interesses americanos, portanto essa press\u00e3o deve parar&#8221;.<\/p>\n<p><a href=\"https:\/\/www.infomoney.com.br\/mundo\/europa-envia-tropas-a-groenlandia-apos-ameacas-de-anexacao-dos-eua\/\" target=\"_blank\" rel=\"noopener\">Fonte<\/a><\/p>\n","protected":false},"excerpt":{"rendered":"<p>Europa envia tropas \u00e0 Groen\u00adl\u00e2ndia para refor\u00e7ar a defesa ap\u00f3s amea\u00e7as de anexa\u00e7\u00e3o dos EUA, evidenciando uni\u00e3o militar europeia no \u00c1rtico.<\/p>\n","protected":false},"author":1,"featured_media":3354,"comment_status":"open","ping_status":"open","sticky":false,"template":"","format":"standard","meta":{"site-sidebar-layout":"default","site-content-layout":"","ast-site-content-layout":"default","site-content-style":"default","site-sidebar-style":"default","ast-global-header-display":"","ast-banner-title-visibility":"","ast-main-header-display":"","ast-hfb-above-header-display":"","ast-hfb-below-header-display":"","ast-hfb-mobile-header-display":"","site-post-title":"","ast-breadcrumbs-content":"","ast-featured-img":"","footer-sml-layout":"","theme-transparent-header-meta":"","adv-header-id-meta":"","stick-header-meta":"","header-above-stick-meta":"","header-main-stick-meta":"","header-below-stick-meta":"","astra-migrate-meta-layouts":"default","ast-page-background-enabled":"default","ast-page-background-meta":{"desktop":{"background-color":"var(--ast-global-color-5)","background-image":"","background-repeat":"repeat","background-position":"center center","background-size":"auto","background-attachment":"scroll","background-type":"","background-media":"","overlay-type":"","overlay-color":"","overlay-opacity":"","overlay-gradient":""},"tablet":{"background-color":"","background-image":"","background-repeat":"repeat","background-position":"center center","background-size":"auto","background-attachment":"scroll","background-type":"","background-media":"","overlay-type":"","overlay-color":"","overlay-opacity":"","overlay-gradient":""},"mobile":{"background-color":"","background-image":"","background-repeat":"repeat","background-position":"center center","background-size":"auto","background-attachment":"scroll","background-type":"","background-media":"","overlay-type":"","overlay-color":"","overlay-opacity":"","overlay-gradient":""}},"ast-content-background-meta":{"desktop":{"background-color":"var(--ast-global-color-4)","background-image":"","background-repeat":"repeat","background-position":"center center","background-size":"auto","background-attachment":"scroll","background-type":"","background-media":"","overlay-type":"","overlay-color":"","overlay-opacity":"","overlay-gradient":""},"tablet":{"background-color":"var(--ast-global-color-4)","background-image":"","background-repeat":"repeat","background-position":"center center","background-size":"auto","background-attachment":"scroll","background-type":"","background-media":"","overlay-type":"","overlay-color":"","overlay-opacity":"","overlay-gradient":""},"mobile":{"background-color":"var(--ast-global-color-4)","background-image":"","background-repeat":"repeat","background-position":"center center","background-size":"auto","background-attachment":"scroll","background-type":"","background-media":"","overlay-type":"","overlay-color":"","overlay-opacity":"","overlay-gradient":""}},"footnotes":""},"categories":[1],"tags":[],"class_list":["post-3355","post","type-post","status-publish","format-standard","has-post-thumbnail","hentry","category-ultimas"],"_links":{"self":[{"href":"https:\/\/startrico.com.br\/noticias\/wp-json\/wp\/v2\/posts\/3355","targetHints":{"allow":["GET"]}}],"collection":[{"href":"https:\/\/startrico.com.br\/noticias\/wp-json\/wp\/v2\/posts"}],"about":[{"href":"https:\/\/startrico.com.br\/noticias\/wp-json\/wp\/v2\/types\/post"}],"author":[{"embeddable":true,"href":"https:\/\/startrico.com.br\/noticias\/wp-json\/wp\/v2\/users\/1"}],"replies":[{"embeddable":true,"href":"https:\/\/startrico.com.br\/noticias\/wp-json\/wp\/v2\/comments?post=3355"}],"version-history":[{"count":0,"href":"https:\/\/startrico.com.br\/noticias\/wp-json\/wp\/v2\/posts\/3355\/revisions"}],"wp:featuredmedia":[{"embeddable":true,"href":"https:\/\/startrico.com.br\/noticias\/wp-json\/wp\/v2\/media\/3354"}],"wp:attachment":[{"href":"https:\/\/startrico.com.br\/noticias\/wp-json\/wp\/v2\/media?parent=3355"}],"wp:term":[{"taxonomy":"category","embeddable":true,"href":"https:\/\/startrico.com.br\/noticias\/wp-json\/wp\/v2\/categories?post=3355"},{"taxonomy":"post_tag","embeddable":true,"href":"https:\/\/startrico.com.br\/noticias\/wp-json\/wp\/v2\/tags?post=3355"}],"curies":[{"name":"wp","href":"https:\/\/api.w.org\/{rel}","templated":true}]}}