{"id":3373,"date":"2026-01-15T07:55:41","date_gmt":"2026-01-15T10:55:41","guid":{"rendered":"https:\/\/startrico.com.br\/noticias\/perdas-no-comercio-paulista\/"},"modified":"2026-01-15T07:55:41","modified_gmt":"2026-01-15T10:55:41","slug":"perdas-no-comercio-paulista","status":"publish","type":"post","link":"https:\/\/startrico.com.br\/noticias\/perdas-no-comercio-paulista\/","title":{"rendered":"Perdas No Com\u00e9rcio Paulista Devido A Feriados Impactam R$ 17 Bilh\u00f5es"},"content":{"rendered":"<h2>Feriados de 2026 podem reduzir em R$ 17 bilh\u00f5es o faturamento do com\u00e9rcio paulista<\/h2>\n<p>O com\u00e9rcio no estado de S\u00e3o Paulo pode enfrentar uma perda de receita estimada em R$ 17 bilh\u00f5es em 2026 devido ao calend\u00e1rio de feriados, pontos facultativos e dias \u00fateis com folgas prolongadas. Esse valor representa um aumento de 13,9% em rela\u00e7\u00e3o a 2025, ano em que as perdas calculadas foram de R$ 14,9 bilh\u00f5es.<\/p>\n<p>De acordo com pesquisa realizada pela Federa\u00e7\u00e3o do Com\u00e9rcio de Bens, Servi\u00e7os e Turismo do Estado de S\u00e3o Paulo (FecomercioSP) e divulgada pelo jornal Valor Econ\u00f4mico, o setor varejista paulista apresentou um faturamento total de aproximadamente R$ 1,5 trilh\u00e3o em 2025, tornando as perdas previstas para o pr\u00f3ximo ano cerca de 1,1% desse montante.<\/p>\n<h3>Impactos na circula\u00e7\u00e3o e nos setores de consumo<\/h3>\n<p>O levantamento da FecomercioSP indica que a diminui\u00e7\u00e3o da circula\u00e7\u00e3o de pessoas nos dias \u00fateis afetados pelos feriados \u00e9 a principal causa das perdas financeiras. Os segmentos mais prejudicados s\u00e3o aqueles que dependem de consumo mais imediato, como supermercados, farm\u00e1cias, postos de combust\u00edveis, lojas de roupas e artigos para casa.<\/p>\n<p>Embora o efeito negativo seja relativamente modesto quando considerado globalmente, a federa\u00e7\u00e3o destaca que o impacto \u00e9 mais significativo para pequenos comerciantes que n\u00e3o conseguem abrir nos feriados ou que arcam com custos extras para manter as portas abertas nesses dias.<\/p>\n<h3>Setores com maiores quedas no faturamento<\/h3>\n<p>Entre os setores analisados, os supermercados devem ser os mais prejudicados, com uma redu\u00e7\u00e3o de cerca de R$ 8,2 bilh\u00f5es no faturamento, o que representa quase metade (48,4%) da perda total estimada para o com\u00e9rcio e um aumento de 15% em compara\u00e7\u00e3o a 2025.<\/p>\n<p>O segmento de farm\u00e1cias e perfumarias est\u00e1 previsto para registar a maior alta percentual nas perdas, com uma eleva\u00e7\u00e3o de 15,8%, totalizando R$ 2,3 bilh\u00f5es.<\/p>\n<p>O grupo denominado \u201coutras atividades\u201d, predominantemente lojas de combust\u00edveis, dever\u00e1 sofrer perdas na ordem de R$ 4,2 bilh\u00f5es, um crescimento de 11,1% frente ao ano anterior. J\u00e1 as lojas de vestu\u00e1rio, tecidos e cal\u00e7ados podem registrar uma redu\u00e7\u00e3o de quase R$ 2 bilh\u00f5es, um aumento de 14,9% nas perdas estimadas. Por fim, o setor de m\u00f3veis e decora\u00e7\u00e3o deve ser o menos impactado, com preju\u00edzos de aproximadamente R$ 280 milh\u00f5es, correspondendo a um crescimento de 5,8%.<\/p>\n<h3>Benef\u00edcios para turismo e servi\u00e7os durante os feriados prolongados<\/h3>\n<p>Enquanto o varejo sofre perdas, o prolongamento dos feriados pode favorecer o turismo e o setor de servi\u00e7os. Munic\u00edpios com apelo tur\u00edstico devem receber um maior n\u00famero de visitantes, promovendo ganhos para segmentos como transporte, bares e restaurantes.<\/p>\n<p>Al\u00e9m disso, segmentos que trabalham com compras planejadas, como o de ve\u00edculos e eletrodom\u00e9sticos, n\u00e3o dever\u00e3o ser afetados negativamente, j\u00e1 que os consumidores tendem a adiar essas aquisi\u00e7\u00f5es para outros dias \u00fateis.<\/p>\n<p><a href=\"https:\/\/exame.com\/economia\/feriados-de-2026-podem-tirar-r-17-bilhoes-do-comercio-paulista\/\" target=\"_blank\" rel=\"noopener\">Fonte<\/a><\/p>\n","protected":false},"excerpt":{"rendered":"<p>Perdas no com\u00e9rcio paulista podem alcan\u00e7ar R$ 17 bilh\u00f5es em 2026, impactando principalmente supermercados, farm\u00e1cias e lojas de vestu\u00e1rio.<\/p>\n","protected":false},"author":1,"featured_media":3372,"comment_status":"open","ping_status":"open","sticky":false,"template":"","format":"standard","meta":{"site-sidebar-layout":"default","site-content-layout":"","ast-site-content-layout":"default","site-content-style":"default","site-sidebar-style":"default","ast-global-header-display":"","ast-banner-title-visibility":"","ast-main-header-display":"","ast-hfb-above-header-display":"","ast-hfb-below-header-display":"","ast-hfb-mobile-header-display":"","site-post-title":"","ast-breadcrumbs-content":"","ast-featured-img":"","footer-sml-layout":"","theme-transparent-header-meta":"","adv-header-id-meta":"","stick-header-meta":"","header-above-stick-meta":"","header-main-stick-meta":"","header-below-stick-meta":"","astra-migrate-meta-layouts":"default","ast-page-background-enabled":"default","ast-page-background-meta":{"desktop":{"background-color":"var(--ast-global-color-5)","background-image":"","background-repeat":"repeat","background-position":"center center","background-size":"auto","background-attachment":"scroll","background-type":"","background-media":"","overlay-type":"","overlay-color":"","overlay-opacity":"","overlay-gradient":""},"tablet":{"background-color":"","background-image":"","background-repeat":"repeat","background-position":"center center","background-size":"auto","background-attachment":"scroll","background-type":"","background-media":"","overlay-type":"","overlay-color":"","overlay-opacity":"","overlay-gradient":""},"mobile":{"background-color":"","background-image":"","background-repeat":"repeat","background-position":"center center","background-size":"auto","background-attachment":"scroll","background-type":"","background-media":"","overlay-type":"","overlay-color":"","overlay-opacity":"","overlay-gradient":""}},"ast-content-background-meta":{"desktop":{"background-color":"var(--ast-global-color-4)","background-image":"","background-repeat":"repeat","background-position":"center center","background-size":"auto","background-attachment":"scroll","background-type":"","background-media":"","overlay-type":"","overlay-color":"","overlay-opacity":"","overlay-gradient":""},"tablet":{"background-color":"var(--ast-global-color-4)","background-image":"","background-repeat":"repeat","background-position":"center center","background-size":"auto","background-attachment":"scroll","background-type":"","background-media":"","overlay-type":"","overlay-color":"","overlay-opacity":"","overlay-gradient":""},"mobile":{"background-color":"var(--ast-global-color-4)","background-image":"","background-repeat":"repeat","background-position":"center center","background-size":"auto","background-attachment":"scroll","background-type":"","background-media":"","overlay-type":"","overlay-color":"","overlay-opacity":"","overlay-gradient":""}},"footnotes":""},"categories":[1],"tags":[],"class_list":["post-3373","post","type-post","status-publish","format-standard","has-post-thumbnail","hentry","category-ultimas"],"_links":{"self":[{"href":"https:\/\/startrico.com.br\/noticias\/wp-json\/wp\/v2\/posts\/3373","targetHints":{"allow":["GET"]}}],"collection":[{"href":"https:\/\/startrico.com.br\/noticias\/wp-json\/wp\/v2\/posts"}],"about":[{"href":"https:\/\/startrico.com.br\/noticias\/wp-json\/wp\/v2\/types\/post"}],"author":[{"embeddable":true,"href":"https:\/\/startrico.com.br\/noticias\/wp-json\/wp\/v2\/users\/1"}],"replies":[{"embeddable":true,"href":"https:\/\/startrico.com.br\/noticias\/wp-json\/wp\/v2\/comments?post=3373"}],"version-history":[{"count":0,"href":"https:\/\/startrico.com.br\/noticias\/wp-json\/wp\/v2\/posts\/3373\/revisions"}],"wp:featuredmedia":[{"embeddable":true,"href":"https:\/\/startrico.com.br\/noticias\/wp-json\/wp\/v2\/media\/3372"}],"wp:attachment":[{"href":"https:\/\/startrico.com.br\/noticias\/wp-json\/wp\/v2\/media?parent=3373"}],"wp:term":[{"taxonomy":"category","embeddable":true,"href":"https:\/\/startrico.com.br\/noticias\/wp-json\/wp\/v2\/categories?post=3373"},{"taxonomy":"post_tag","embeddable":true,"href":"https:\/\/startrico.com.br\/noticias\/wp-json\/wp\/v2\/tags?post=3373"}],"curies":[{"name":"wp","href":"https:\/\/api.w.org\/{rel}","templated":true}]}}