{"id":3375,"date":"2026-01-15T08:01:38","date_gmt":"2026-01-15T11:01:38","guid":{"rendered":"https:\/\/startrico.com.br\/noticias\/btg-mantem-otimismo-com\/"},"modified":"2026-01-15T08:01:38","modified_gmt":"2026-01-15T11:01:38","slug":"btg-mantem-otimismo-com","status":"publish","type":"post","link":"https:\/\/startrico.com.br\/noticias\/btg-mantem-otimismo-com\/","title":{"rendered":"BTG Mant\u00e9m Otimismo Com Embraer Pela Exposi\u00e7\u00e3o Cambial E Crescimento"},"content":{"rendered":"<h2>BTG mant\u00e9m otimismo em Embraer (EMBR3) para 2026; entenda os motivos<\/h2>\n<p>O BTG Pactual refor\u00e7a sua perspectiva positiva para as a\u00e7\u00f5es da Embraer (EMBR3) em 2026, destacando a combina\u00e7\u00e3o entre a exposi\u00e7\u00e3o cambial, a demanda crescente por aeronaves e o avan\u00e7o s\u00f3lido no segmento de defesa. De acordo com o banco, a fabricante brasileira se posiciona como uma escolha de destaque para investidores que desejam prote\u00e7\u00e3o contra a valoriza\u00e7\u00e3o do d\u00f3lar, sem abrir m\u00e3o de empresas com execu\u00e7\u00e3o consistente e um backlog robusto.<\/p>\n<p>Em 2025, a Embraer registrou resultados expressivos, alcan\u00e7ando recordes em vendas na avia\u00e7\u00e3o comercial e assegurando contratos relevantes na \u00e1rea de defesa. As entregas realizadas superaram as expectativas iniciais, demonstrando efici\u00eancia operacional, mesmo diante de limita\u00e7\u00f5es de oferta que impactaram o setor. Esse desempenho refor\u00e7a a confian\u00e7a do mercado na disciplina financeira da empresa e na habilidade de converter seu backlog em receita efetiva.<\/p>\n<p>O panorama para 2026 permanece favor\u00e1vel. No segmento comercial, a escassez mundial de aeronaves do tipo narrowbody cria um cen\u00e1rio privilegiado, beneficiando pre\u00e7os e margens. Quanto \u00e0 \u00e1rea de defesa, as tens\u00f5es geopol\u00edticas ampliam os or\u00e7amentos militares em regi\u00f5es estrat\u00e9gicas, o que pode gerar novas oportunidades para programas j\u00e1 existentes e para projetos em desenvolvimento.<\/p>\n<p>Atualmente, as a\u00e7\u00f5es da Embraer s\u00e3o negociadas a um m\u00faltiplo de 12 vezes o EV\/Ebitda projetado para 2026, apresentando um desconto de aproximadamente 30% em rela\u00e7\u00e3o a seus pares internacionais. Al\u00e9m disso, a rela\u00e7\u00e3o EV\/Backlog de 0,4 vez sugere potencial para reavalia\u00e7\u00e3o positiva, na medida em que aumenta a visibilidade das entregas e avan\u00e7a a normaliza\u00e7\u00e3o da cadeia produtiva. Essa conjuntura evidencia uma assimetria favor\u00e1vel no curto e m\u00e9dio prazo.<\/p>\n<p>Os fatores que podem impulsionar a valoriza\u00e7\u00e3o incluem novos pedidos, acelera\u00e7\u00e3o nas entregas associados \u00e0 recupera\u00e7\u00e3o industrial e progressos em programas de defesa e mobilidade a\u00e9rea. Por outro lado, o relat\u00f3rio do BTG destaca riscos como poss\u00edveis atrasos na produ\u00e7\u00e3o, a concorr\u00eancia do Airbus A220 e incertezas geopol\u00edticas que podem influenciar cronogramas e margens. A d\u00edvida l\u00edquida da empresa, equivalente a 0,5 vez o Ebitda, oferece uma posi\u00e7\u00e3o financeira confort\u00e1vel e flexibilidade para investimentos em capacidade produtiva e inova\u00e7\u00e3o.<\/p>\n<p>Com fundamentos em evolu\u00e7\u00e3o, o BTG argumenta que a avalia\u00e7\u00e3o das a\u00e7\u00f5es da Embraer poder\u00e1 manter m\u00faltiplos superiores \u00e0 m\u00e9dia hist\u00f3rica, sustentada por um retorno sobre capital mais elevado e crescimento estruturado. \u201cConsideramos a Embraer como uma refer\u00eancia para exposi\u00e7\u00e3o em d\u00f3lar no Brasil, dada sua combina\u00e7\u00e3o de produtos de alto valor agregado e sua import\u00e2ncia crescente no setor de defesa global\u201d, finaliza o banco.<\/p>\n<p><a href=\"https:\/\/www.statusinvest.com.br\/noticias\/embraer-embr3-btg-otimismo-2026\/\" target=\"_blank\" rel=\"noopener\">Fonte<\/a><\/p>\n","protected":false},"excerpt":{"rendered":"<p>Otimismo Embraer do BTG baseia-se na exposi\u00e7\u00e3o cambial e crescimento s\u00f3lido da Embraer, com demanda forte e avan\u00e7o no setor de defesa.<\/p>\n","protected":false},"author":1,"featured_media":3374,"comment_status":"open","ping_status":"open","sticky":false,"template":"","format":"standard","meta":{"site-sidebar-layout":"default","site-content-layout":"","ast-site-content-layout":"default","site-content-style":"default","site-sidebar-style":"default","ast-global-header-display":"","ast-banner-title-visibility":"","ast-main-header-display":"","ast-hfb-above-header-display":"","ast-hfb-below-header-display":"","ast-hfb-mobile-header-display":"","site-post-title":"","ast-breadcrumbs-content":"","ast-featured-img":"","footer-sml-layout":"","theme-transparent-header-meta":"","adv-header-id-meta":"","stick-header-meta":"","header-above-stick-meta":"","header-main-stick-meta":"","header-below-stick-meta":"","astra-migrate-meta-layouts":"default","ast-page-background-enabled":"default","ast-page-background-meta":{"desktop":{"background-color":"var(--ast-global-color-5)","background-image":"","background-repeat":"repeat","background-position":"center center","background-size":"auto","background-attachment":"scroll","background-type":"","background-media":"","overlay-type":"","overlay-color":"","overlay-opacity":"","overlay-gradient":""},"tablet":{"background-color":"","background-image":"","background-repeat":"repeat","background-position":"center center","background-size":"auto","background-attachment":"scroll","background-type":"","background-media":"","overlay-type":"","overlay-color":"","overlay-opacity":"","overlay-gradient":""},"mobile":{"background-color":"","background-image":"","background-repeat":"repeat","background-position":"center center","background-size":"auto","background-attachment":"scroll","background-type":"","background-media":"","overlay-type":"","overlay-color":"","overlay-opacity":"","overlay-gradient":""}},"ast-content-background-meta":{"desktop":{"background-color":"var(--ast-global-color-4)","background-image":"","background-repeat":"repeat","background-position":"center center","background-size":"auto","background-attachment":"scroll","background-type":"","background-media":"","overlay-type":"","overlay-color":"","overlay-opacity":"","overlay-gradient":""},"tablet":{"background-color":"var(--ast-global-color-4)","background-image":"","background-repeat":"repeat","background-position":"center center","background-size":"auto","background-attachment":"scroll","background-type":"","background-media":"","overlay-type":"","overlay-color":"","overlay-opacity":"","overlay-gradient":""},"mobile":{"background-color":"var(--ast-global-color-4)","background-image":"","background-repeat":"repeat","background-position":"center center","background-size":"auto","background-attachment":"scroll","background-type":"","background-media":"","overlay-type":"","overlay-color":"","overlay-opacity":"","overlay-gradient":""}},"footnotes":""},"categories":[1],"tags":[],"class_list":["post-3375","post","type-post","status-publish","format-standard","has-post-thumbnail","hentry","category-ultimas"],"_links":{"self":[{"href":"https:\/\/startrico.com.br\/noticias\/wp-json\/wp\/v2\/posts\/3375","targetHints":{"allow":["GET"]}}],"collection":[{"href":"https:\/\/startrico.com.br\/noticias\/wp-json\/wp\/v2\/posts"}],"about":[{"href":"https:\/\/startrico.com.br\/noticias\/wp-json\/wp\/v2\/types\/post"}],"author":[{"embeddable":true,"href":"https:\/\/startrico.com.br\/noticias\/wp-json\/wp\/v2\/users\/1"}],"replies":[{"embeddable":true,"href":"https:\/\/startrico.com.br\/noticias\/wp-json\/wp\/v2\/comments?post=3375"}],"version-history":[{"count":0,"href":"https:\/\/startrico.com.br\/noticias\/wp-json\/wp\/v2\/posts\/3375\/revisions"}],"wp:featuredmedia":[{"embeddable":true,"href":"https:\/\/startrico.com.br\/noticias\/wp-json\/wp\/v2\/media\/3374"}],"wp:attachment":[{"href":"https:\/\/startrico.com.br\/noticias\/wp-json\/wp\/v2\/media?parent=3375"}],"wp:term":[{"taxonomy":"category","embeddable":true,"href":"https:\/\/startrico.com.br\/noticias\/wp-json\/wp\/v2\/categories?post=3375"},{"taxonomy":"post_tag","embeddable":true,"href":"https:\/\/startrico.com.br\/noticias\/wp-json\/wp\/v2\/tags?post=3375"}],"curies":[{"name":"wp","href":"https:\/\/api.w.org\/{rel}","templated":true}]}}