{"id":3397,"date":"2026-01-17T07:06:19","date_gmt":"2026-01-17T10:06:19","guid":{"rendered":"https:\/\/startrico.com.br\/noticias\/delegada-do-pcc-utilizou\/"},"modified":"2026-01-17T07:06:19","modified_gmt":"2026-01-17T10:06:19","slug":"delegada-do-pcc-utilizou","status":"publish","type":"post","link":"https:\/\/startrico.com.br\/noticias\/delegada-do-pcc-utilizou\/","title":{"rendered":"Delegada Do PCC Utilizou Padaria Em Itaquera Para Lavagem De Dinheiro"},"content":{"rendered":"<h2>Delegada do PCC adquiriu padaria em Itaquera para ocultar dinheiro, informam autoridades<\/h2>\n<p>A delegada da Pol\u00edcia Civil de S\u00e3o Paulo, Layla Lima Ayub, de 36 anos, foi presa na manh\u00e3 de sexta-feira, 16, suspeita de envolvimento com o Primeiro Comando da Capital (PCC). Segundo apura\u00e7\u00f5es do Minist\u00e9rio P\u00fablico e da Corregedoria da Pol\u00edcia Civil, Layla adquiriu, em parceria com seu namorado e tamb\u00e9m membro da fac\u00e7\u00e3o, Jardel Neto Pereira da Cruz, conhecido como \u2018Dedel\u2019, uma padaria na regi\u00e3o de Itaquera, na zona leste da capital paulista, com a finalidade de lavar recursos provenientes do tr\u00e1fico de drogas. O com\u00e9rcio, chamado \u2018Bom Jesus\u2019, teria sido gerido por uma pessoa de fachada indicada pelo casal.<\/p>\n<p>A defesa de Layla ainda n\u00e3o se manifestou. Ao ser detida, a delegada n\u00e3o negou a rela\u00e7\u00e3o com o PCC e confirmou que Jardel, seu parceiro, \u00e9 oficialmente ligado \u00e0 organiza\u00e7\u00e3o criminosa.<\/p>\n<h3>Detalhes da aquisi\u00e7\u00e3o e fun\u00e7\u00e3o do estabelecimento<\/h3>\n<p>Segundo relat\u00f3rio da Corregedoria da Pol\u00edcia Civil, \u201cLayla e Jardel, vulgo \u2018Dedel\u2019, ligados a grupos criminosos, teriam firmado o contrato para compra do estabelecimento comercial Padaria Bom Jesus, localizado na Avenida Jos\u00e9 Diogo Machado, n\u00ba 700, Jardim Itapemirim, Itaquera, S\u00e3o Paulo. O local serviria para a lavagem e oculta\u00e7\u00e3o de valores provenientes do tr\u00e1fico de drogas\u201d. O documento aponta que o contrato de venda est\u00e1 registrado em nome de Jos\u00e9 Geronilson da Silva e Silva, suspeito de ser o laranja da opera\u00e7\u00e3o.<\/p>\n<h3>Pris\u00e3o durante Opera\u00e7\u00e3o Serpens e apreens\u00f5es<\/h3>\n<p>A pris\u00e3o dos dois ocorreu dentro da Opera\u00e7\u00e3o Serpens, conduzida pela Corregedoria-Geral da Pol\u00edcia Civil de S\u00e3o Paulo e pelo Grupo de Atua\u00e7\u00e3o Especial de Combate ao Crime Organizado (Gaeco), em parceira com o Gaeco do Par\u00e1. A investiga\u00e7\u00e3o busca elucidar o papel da delegada, que foi recentemente empossada, no aux\u00edlio \u00e0 fac\u00e7\u00e3o, analisando seus la\u00e7os pessoais e profissionais com membros do PCC.<\/p>\n<p>Durante as a\u00e7\u00f5es, foram apreendidos dois celulares, e ap\u00f3s ser detida, Layla entregou voluntariamente um terceiro chip telef\u00f4nico. A Pol\u00edcia detalha em seu relat\u00f3rio que o local chamado Padaria Bom Jesus est\u00e1 sendo investigado como destino dos recursos il\u00edcitos do tr\u00e1fico.<\/p>\n<p>Layla ser\u00e1 formalmente acusada pelos crimes de exerc\u00edcio ilegal da profiss\u00e3o, participa\u00e7\u00e3o em organiza\u00e7\u00e3o criminosa, falsidade ideol\u00f3gica e associa\u00e7\u00e3o para o tr\u00e1fico de drogas.<\/p>\n<h3>Contexto e antecedentes da delegada<\/h3>\n<p>A delegada tomou posse em 19 de dezembro, em cerim\u00f4nia realizada no Pal\u00e1cio dos Bandeirantes, que contou com a presen\u00e7a do governador paulista Tarc\u00edsio de Freitas. Na ocasi\u00e3o, Jardel, apontado como lideran\u00e7a do PCC no Par\u00e1 e seu namorado, acompanhou o evento.<\/p>\n<p>De acordo com o Minist\u00e9rio P\u00fablico, antes mesmo de assumir a fun\u00e7\u00e3o na Pol\u00edcia Civil, Layla mantinha rela\u00e7\u00f5es pessoais e profissionais com integrantes da organiza\u00e7\u00e3o criminosa. Al\u00e9m disso, teria atuado irregularmente como advogada em audi\u00eancias de cust\u00f3dia para presos ligados ao PCC, mesmo j\u00e1 exercendo o cargo.<\/p>\n<h3>Mandados e medidas judiciais<\/h3>\n<p>Foram expedidos sete mandados de busca e apreens\u00e3o em S\u00e3o Paulo e em Marab\u00e1, cidade localizada no sudeste do Par\u00e1, a 564 km da capital Bel\u00e9m, al\u00e9m de dois mandados de pris\u00e3o tempor\u00e1ria. As ordens foram emitidas pela 2\u00aa Vara Especializada em Crime Organizado da capital, direcionadas contra a delegada investigada e Jardel.<\/p>\n<p>Anteriormente policial militar no Esp\u00edrito Santo, Layla mant\u00e9m um relacionamento amoroso com Jardel Neto Pereira da Cruz. No dia 28 de dezembro, j\u00e1 na condi\u00e7\u00e3o de delegada, ela teria exercido ilegalmente a advocacia ao atuar numa audi\u00eancia de cust\u00f3dia em Marab\u00e1, buscando a liberta\u00e7\u00e3o de um integrante da fac\u00e7\u00e3o naquela localidade.<\/p>\n<p>Outra descoberta \u00e9 que Layla \u00e9 formalmente casada com um delegado da Pol\u00edcia Civil do Par\u00e1, que atua na regi\u00e3o de Marab\u00e1.<\/p>\n<h3>Resid\u00eancia do casal e lavagem de dinheiro<\/h3>\n<p>Durante as apura\u00e7\u00f5es baseadas numa den\u00fancia an\u00f4nima, constataram que Layla e Jardel passaram a morar juntos em S\u00e3o Paulo ap\u00f3s ela assumir o cargo. Nesse per\u00edodo, ela esteve realizando o curso de forma\u00e7\u00e3o na Academia da Pol\u00edcia Civil. Tamb\u00e9m h\u00e1 ind\u00edcios de que logo ap\u00f3s a mudan\u00e7a adquiriram a padaria na zona leste da capital como forma de lavar dinheiro oriundo do crime organizado.<\/p>\n<h3>Decis\u00e3o judicial e antecedentes da pris\u00e3o<\/h3>\n<p>A pris\u00e3o preventiva da delegada foi decretada pelo juiz Paulo Fernando Deroma De Mello, da 2\u00aa Vara de Crimes Tribut\u00e1rios, Organiza\u00e7\u00e3o Criminosa e Lavagem de Bens e Valores da capital paulista. A decis\u00e3o contou com representa\u00e7\u00e3o do delegado Kleber de Oliveira Granja, da Divis\u00e3o de Crimes Funcionais da Corregedoria da Pol\u00edcia Civil de S\u00e3o Paulo.<\/p>\n<p><a href=\"https:\/\/www.infomoney.com.br\/brasil\/delegada-do-pcc-comprou-padaria-em-itaquera-para-lavar-dinheiro-diz-policia\/\" target=\"_blank\" rel=\"noopener\">Fonte<\/a><\/p>\n","protected":false},"excerpt":{"rendered":"<p>Lavagem de dinheiro ocorreu em padaria adquirida por delegada do PCC em Itaquera para ocultar recursos il\u00edcitos, segundo investiga\u00e7\u00e3o.<\/p>\n","protected":false},"author":1,"featured_media":3396,"comment_status":"open","ping_status":"open","sticky":false,"template":"","format":"standard","meta":{"site-sidebar-layout":"default","site-content-layout":"","ast-site-content-layout":"default","site-content-style":"default","site-sidebar-style":"default","ast-global-header-display":"","ast-banner-title-visibility":"","ast-main-header-display":"","ast-hfb-above-header-display":"","ast-hfb-below-header-display":"","ast-hfb-mobile-header-display":"","site-post-title":"","ast-breadcrumbs-content":"","ast-featured-img":"","footer-sml-layout":"","theme-transparent-header-meta":"","adv-header-id-meta":"","stick-header-meta":"","header-above-stick-meta":"","header-main-stick-meta":"","header-below-stick-meta":"","astra-migrate-meta-layouts":"default","ast-page-background-enabled":"default","ast-page-background-meta":{"desktop":{"background-color":"var(--ast-global-color-5)","background-image":"","background-repeat":"repeat","background-position":"center center","background-size":"auto","background-attachment":"scroll","background-type":"","background-media":"","overlay-type":"","overlay-color":"","overlay-opacity":"","overlay-gradient":""},"tablet":{"background-color":"","background-image":"","background-repeat":"repeat","background-position":"center center","background-size":"auto","background-attachment":"scroll","background-type":"","background-media":"","overlay-type":"","overlay-color":"","overlay-opacity":"","overlay-gradient":""},"mobile":{"background-color":"","background-image":"","background-repeat":"repeat","background-position":"center center","background-size":"auto","background-attachment":"scroll","background-type":"","background-media":"","overlay-type":"","overlay-color":"","overlay-opacity":"","overlay-gradient":""}},"ast-content-background-meta":{"desktop":{"background-color":"var(--ast-global-color-4)","background-image":"","background-repeat":"repeat","background-position":"center center","background-size":"auto","background-attachment":"scroll","background-type":"","background-media":"","overlay-type":"","overlay-color":"","overlay-opacity":"","overlay-gradient":""},"tablet":{"background-color":"var(--ast-global-color-4)","background-image":"","background-repeat":"repeat","background-position":"center center","background-size":"auto","background-attachment":"scroll","background-type":"","background-media":"","overlay-type":"","overlay-color":"","overlay-opacity":"","overlay-gradient":""},"mobile":{"background-color":"var(--ast-global-color-4)","background-image":"","background-repeat":"repeat","background-position":"center center","background-size":"auto","background-attachment":"scroll","background-type":"","background-media":"","overlay-type":"","overlay-color":"","overlay-opacity":"","overlay-gradient":""}},"footnotes":""},"categories":[1],"tags":[],"class_list":["post-3397","post","type-post","status-publish","format-standard","has-post-thumbnail","hentry","category-ultimas"],"_links":{"self":[{"href":"https:\/\/startrico.com.br\/noticias\/wp-json\/wp\/v2\/posts\/3397","targetHints":{"allow":["GET"]}}],"collection":[{"href":"https:\/\/startrico.com.br\/noticias\/wp-json\/wp\/v2\/posts"}],"about":[{"href":"https:\/\/startrico.com.br\/noticias\/wp-json\/wp\/v2\/types\/post"}],"author":[{"embeddable":true,"href":"https:\/\/startrico.com.br\/noticias\/wp-json\/wp\/v2\/users\/1"}],"replies":[{"embeddable":true,"href":"https:\/\/startrico.com.br\/noticias\/wp-json\/wp\/v2\/comments?post=3397"}],"version-history":[{"count":0,"href":"https:\/\/startrico.com.br\/noticias\/wp-json\/wp\/v2\/posts\/3397\/revisions"}],"wp:featuredmedia":[{"embeddable":true,"href":"https:\/\/startrico.com.br\/noticias\/wp-json\/wp\/v2\/media\/3396"}],"wp:attachment":[{"href":"https:\/\/startrico.com.br\/noticias\/wp-json\/wp\/v2\/media?parent=3397"}],"wp:term":[{"taxonomy":"category","embeddable":true,"href":"https:\/\/startrico.com.br\/noticias\/wp-json\/wp\/v2\/categories?post=3397"},{"taxonomy":"post_tag","embeddable":true,"href":"https:\/\/startrico.com.br\/noticias\/wp-json\/wp\/v2\/tags?post=3397"}],"curies":[{"name":"wp","href":"https:\/\/api.w.org\/{rel}","templated":true}]}}