{"id":3413,"date":"2026-01-17T07:55:38","date_gmt":"2026-01-17T10:55:38","guid":{"rendered":"https:\/\/startrico.com.br\/noticias\/uniao-europeia-e-brasil\/"},"modified":"2026-01-17T07:55:38","modified_gmt":"2026-01-17T10:55:38","slug":"uniao-europeia-e-brasil","status":"publish","type":"post","link":"https:\/\/startrico.com.br\/noticias\/uniao-europeia-e-brasil\/","title":{"rendered":"Uni\u00e3o Europeia e Brasil Avan\u00e7am Em Acordo Sobre Terras Raras"},"content":{"rendered":"<h2>Uni\u00e3o Europeia e Brasil avan\u00e7am em acordo sobre terras raras, afirma presidente da Comiss\u00e3o Europeia<\/h2>\n<p>A presidente da Comiss\u00e3o Europeia, Ursula von der Leyen, anunciou nesta sexta-feira no Rio de Janeiro que a Uni\u00e3o Europeia est\u00e1 pr\u00f3xima de firmar um acordo com o Brasil para investimentos em minerais cr\u00edticos como l\u00edtio, n\u00edquel e terras raras, considerados fundamentais para a transi\u00e7\u00e3o energ\u00e9tica e para a soberania estrat\u00e9gica do bloco europeu.<\/p>\n<p>Essa declara\u00e7\u00e3o foi feita durante uma cerim\u00f4nia que comemorou o acordo comercial entre o Mercosul e a Uni\u00e3o Europeia, negociado por 25 anos e que representa uma parceria ampla entre os blocos econ\u00f4micos.<\/p>\n<p>Segundo Ursula von der Leyen, o entendimento pol\u00edtico entre Brasil e UE sobre mat\u00e9rias-primas estrat\u00e9gicas est\u00e1 avan\u00e7ado e contempla investimentos conjuntos para garantir n\u00e3o apenas a transi\u00e7\u00e3o para uma economia mais digital e sustent\u00e1vel, mas tamb\u00e9m a independ\u00eancia estrat\u00e9gica em um cen\u00e1rio mundial onde minerais acabam sendo usados como instrumentos de press\u00e3o geopol\u00edtica.<\/p>\n<p>Embora os eventos envolvendo o acordo comercial do Mercosul sejam paralelos, a coopera\u00e7\u00e3o em minerais cr\u00edticos tem um foco limitado \u00e0s cadeias de fornecimento essenciais, buscando assegurar um relacionamento de benef\u00edcio m\u00fatuo. A l\u00edder europeia destacou que o modelo europeu para esses neg\u00f3cios envolve padr\u00f5es elevados de transpar\u00eancia, respeito ambiental e garantias de que as comunidades locais ser\u00e3o as maiores beneficiadas pelos valores gerados.<\/p>\n<h3>Interesse estrat\u00e9gico nos recursos do Brasil<\/h3>\n<p>O movimento da Uni\u00e3o Europeia para assegurar parceria com o Brasil vem em um momento de intensifica\u00e7\u00e3o da competi\u00e7\u00e3o global por minerais estrat\u00e9gicos. Os Estados Unidos tamb\u00e9m v\u00eam demonstrando interesse nas reservas brasileiras, especialmente nas terras raras, cujo Brasil det\u00e9m a segunda maior reserva mundial, atr\u00e1s apenas da China.<\/p>\n<p>As terras raras envolvem um grupo de 17 elementos qu\u00edmicos amplamente utilizados na fabrica\u00e7\u00e3o de turbinas e\u00f3licas, ve\u00edculos el\u00e9tricos, semicondutores, equipamentos m\u00e9dicos e aplica\u00e7\u00f5es militares. Apesar disso, a maior parte da extra\u00e7\u00e3o brasileira ainda \u00e9 exportada sem a ind\u00fastria de processamento local, limitando o valor agregado no pa\u00eds.<\/p>\n<p>UE e Estados Unidos buscam diversificar fornecedores para reduzir depend\u00eancias, especialmente em rela\u00e7\u00e3o \u00e0 China, que lidera o mercado de refino e processamento desses minerais. Dessa forma, o subsolo brasileiro ganhou destaque na geopol\u00edtica contempor\u00e2nea.<\/p>\n<p>Durante o evento, Ursula von der Leyen classificou o acordo comercial entre Mercosul e Uni\u00e3o Europeia como uma parceria vantajosa para todas as partes, expressando otimismo ao final, ao dizer em portugu\u00eas: \u201cTodo mundo beneficiado \u00e9 realmente um ganha-ganha. Esse \u00e9 o jeito europeu de fazer neg\u00f3cio. E quero dizer, do fundo do meu cora\u00e7\u00e3o: obrigada, amigo. O melhor est\u00e1 por vir.\u201d<\/p>\n<p><a href=\"https:\/\/exame.com\/economia\/ue-e-brasil-se-aproximam-de-acordo-sobre-terras-raras-diz-presidente-da-comissao-europeia\/\" target=\"_blank\" rel=\"noopener\">Fonte<\/a><\/p>\n","protected":false},"excerpt":{"rendered":"<p>Acordo sobre terras raras entre UE e Brasil visa fortalecer investimentos em minerais estrat\u00e9gicos para transi\u00e7\u00e3o energ\u00e9tica e soberania.<\/p>\n","protected":false},"author":1,"featured_media":3412,"comment_status":"open","ping_status":"open","sticky":false,"template":"","format":"standard","meta":{"site-sidebar-layout":"default","site-content-layout":"","ast-site-content-layout":"default","site-content-style":"default","site-sidebar-style":"default","ast-global-header-display":"","ast-banner-title-visibility":"","ast-main-header-display":"","ast-hfb-above-header-display":"","ast-hfb-below-header-display":"","ast-hfb-mobile-header-display":"","site-post-title":"","ast-breadcrumbs-content":"","ast-featured-img":"","footer-sml-layout":"","theme-transparent-header-meta":"","adv-header-id-meta":"","stick-header-meta":"","header-above-stick-meta":"","header-main-stick-meta":"","header-below-stick-meta":"","astra-migrate-meta-layouts":"default","ast-page-background-enabled":"default","ast-page-background-meta":{"desktop":{"background-color":"var(--ast-global-color-5)","background-image":"","background-repeat":"repeat","background-position":"center center","background-size":"auto","background-attachment":"scroll","background-type":"","background-media":"","overlay-type":"","overlay-color":"","overlay-opacity":"","overlay-gradient":""},"tablet":{"background-color":"","background-image":"","background-repeat":"repeat","background-position":"center center","background-size":"auto","background-attachment":"scroll","background-type":"","background-media":"","overlay-type":"","overlay-color":"","overlay-opacity":"","overlay-gradient":""},"mobile":{"background-color":"","background-image":"","background-repeat":"repeat","background-position":"center center","background-size":"auto","background-attachment":"scroll","background-type":"","background-media":"","overlay-type":"","overlay-color":"","overlay-opacity":"","overlay-gradient":""}},"ast-content-background-meta":{"desktop":{"background-color":"var(--ast-global-color-4)","background-image":"","background-repeat":"repeat","background-position":"center center","background-size":"auto","background-attachment":"scroll","background-type":"","background-media":"","overlay-type":"","overlay-color":"","overlay-opacity":"","overlay-gradient":""},"tablet":{"background-color":"var(--ast-global-color-4)","background-image":"","background-repeat":"repeat","background-position":"center center","background-size":"auto","background-attachment":"scroll","background-type":"","background-media":"","overlay-type":"","overlay-color":"","overlay-opacity":"","overlay-gradient":""},"mobile":{"background-color":"var(--ast-global-color-4)","background-image":"","background-repeat":"repeat","background-position":"center center","background-size":"auto","background-attachment":"scroll","background-type":"","background-media":"","overlay-type":"","overlay-color":"","overlay-opacity":"","overlay-gradient":""}},"footnotes":""},"categories":[1],"tags":[],"class_list":["post-3413","post","type-post","status-publish","format-standard","has-post-thumbnail","hentry","category-ultimas"],"_links":{"self":[{"href":"https:\/\/startrico.com.br\/noticias\/wp-json\/wp\/v2\/posts\/3413","targetHints":{"allow":["GET"]}}],"collection":[{"href":"https:\/\/startrico.com.br\/noticias\/wp-json\/wp\/v2\/posts"}],"about":[{"href":"https:\/\/startrico.com.br\/noticias\/wp-json\/wp\/v2\/types\/post"}],"author":[{"embeddable":true,"href":"https:\/\/startrico.com.br\/noticias\/wp-json\/wp\/v2\/users\/1"}],"replies":[{"embeddable":true,"href":"https:\/\/startrico.com.br\/noticias\/wp-json\/wp\/v2\/comments?post=3413"}],"version-history":[{"count":0,"href":"https:\/\/startrico.com.br\/noticias\/wp-json\/wp\/v2\/posts\/3413\/revisions"}],"wp:featuredmedia":[{"embeddable":true,"href":"https:\/\/startrico.com.br\/noticias\/wp-json\/wp\/v2\/media\/3412"}],"wp:attachment":[{"href":"https:\/\/startrico.com.br\/noticias\/wp-json\/wp\/v2\/media?parent=3413"}],"wp:term":[{"taxonomy":"category","embeddable":true,"href":"https:\/\/startrico.com.br\/noticias\/wp-json\/wp\/v2\/categories?post=3413"},{"taxonomy":"post_tag","embeddable":true,"href":"https:\/\/startrico.com.br\/noticias\/wp-json\/wp\/v2\/tags?post=3413"}],"curies":[{"name":"wp","href":"https:\/\/api.w.org\/{rel}","templated":true}]}}