{"id":3417,"date":"2026-01-18T07:06:46","date_gmt":"2026-01-18T10:06:46","guid":{"rendered":"https:\/\/startrico.com.br\/noticias\/ofensiva-de-trump-sobre\/"},"modified":"2026-01-18T07:06:46","modified_gmt":"2026-01-18T10:06:46","slug":"ofensiva-de-trump-sobre","status":"publish","type":"post","link":"https:\/\/startrico.com.br\/noticias\/ofensiva-de-trump-sobre\/","title":{"rendered":"Ofensiva De Trump Sobre Tarifas Reabre Tens\u00f5es Na Europa"},"content":{"rendered":"<h2>Ofensiva de Trump sobre a Groenl\u00e2ndia reacende tens\u00f5es tarif\u00e1rias na Europa<\/h2>\n<p>A insist\u00eancia do presidente Donald Trump em rela\u00e7\u00e3o \u00e0 Groenl\u00e2ndia trouxe um alerta significativo para l\u00edderes europeus e de outras regi\u00f5es sobre a instabilidade nas negocia\u00e7\u00f5es diplom\u00e1ticas e comerciais. Mesmo sem garantias de que as tarifas ser\u00e3o aplicadas, a amea\u00e7a configurou uma escalada not\u00e1vel e foi interpretada como um insulto aos aliados hist\u00f3ricos dos Estados Unidos.<\/p>\n<p>Trump anunciou a imposi\u00e7\u00e3o de uma tarifa inicial de 10%, que poderia subir para 25% em junho, contra oito pa\u00edses europeus, entre eles a Dinamarca, devido \u00e0 decis\u00e3o destas na\u00e7\u00f5es de executar exerc\u00edcios militares simb\u00f3licos da Otan na Groenl\u00e2ndia, uma resposta que eles definiram como provoca\u00e7\u00e3o por parte dos EUA.<\/p>\n<p>Essa medida vai contra o acordo comercial entre Estados Unidos e Uni\u00e3o Europeia, firmado apenas seis meses antes no resort de Turnberry, na Esc\u00f3cia, pertencente a Trump. A fixa\u00e7\u00e3o das tarifas, embora incerta quanto \u00e0 sua efetiva implementa\u00e7\u00e3o, levou a uma rea\u00e7\u00e3o imediata na Europa.<\/p>\n<h3>Rea\u00e7\u00f5es europeias<\/h3>\n<p>Os pa\u00edses afetados reagiram rapidamente e de forma contundente. O primeiro-ministro do Reino Unido, Keir Starmer, repudiou a amea\u00e7a, dizendo que ela est\u00e1 \u201ccompletamente equivocada\u201d. O presidente franc\u00eas, Emmanuel Macron, classificou a a\u00e7\u00e3o como \u201cinaceit\u00e1vel\u201d, e o primeiro-ministro da Su\u00e9cia, Ulf Kristersson, declarou que seu pa\u00eds n\u00e3o se deixaria \u201cchantagear\u201d.<\/p>\n<p>Al\u00e9m disso, um importante legislador europeu sugeriu a suspens\u00e3o da tr\u00e9gua comercial firmada em Turnberry, e embaixadores dos pa\u00edses da Uni\u00e3o Europeia se reunir\u00e3o para discutir como responder \u00e0 situa\u00e7\u00e3o.<\/p>\n<p>A ofensiva de Trump exp\u00f5e diversas li\u00e7\u00f5es sobre seu segundo mandato: negocia\u00e7\u00f5es podem atingir qualquer fronteira, alian\u00e7as tradicionais s\u00e3o encaradas com desconfian\u00e7a e o poder de influ\u00eancia \u00e9 fundamental.<\/p>\n<p>Josh Lipsky, presidente de economia internacional do Atlantic Council, comentou que, ao contr\u00e1rio do esperado, o segundo ano de governo tem se mostrado t\u00e3o turbulento quanto o primeiro, prevendo uma rea\u00e7\u00e3o unificada da Europa, especialmente porque o bloco j\u00e1 sofreu politicamente com o acordo firmado em Turnberry.<\/p>\n<h3>Implica\u00e7\u00f5es das tarifas e contexto pol\u00edtico<\/h3>\n<p>As tarifas contemplam a Dinamarca, Noruega, Su\u00e9cia, Fran\u00e7a, Alemanha, Reino Unido, Holanda e Finl\u00e2ndia. O an\u00fancio foi feito em meio a protestos na Dinamarca, que se op\u00f5e veementemente a qualquer interven\u00e7\u00e3o dos EUA na Groenl\u00e2ndia.<\/p>\n<p>Curiosamente, a decis\u00e3o de aplicar tarifas veio ap\u00f3s esses pa\u00edses anunciarem o envio apenas de um contingente simb\u00f3lico de soldados para um exerc\u00edcio militar conjunto na Groenl\u00e2ndia.<\/p>\n<p>Scott Lincicome, analista do Instituto Cato, ressaltou que a medida ir\u00e1 irritar muitos, j\u00e1 que n\u00e3o se trata de uma rea\u00e7\u00e3o contra um advers\u00e1rio, como o Ir\u00e3, mas sim contra a Dinamarca, um aliado hist\u00f3rico.<\/p>\n<p>Senadores americanos de ambos os partidos solicitaram ao governo Trump que abandone as amea\u00e7as e opte pela diplomacia, destacando que a continuidade desse caminho prejudicaria os Estados Unidos, suas empresas e seus aliados.<\/p>\n<h3>Possibilidade de invas\u00e3o da Groenl\u00e2ndia e for\u00e7as em tens\u00e3o<\/h3>\n<p>Nenhuma confirma\u00e7\u00e3o foi dada sobre uma eventual invas\u00e3o da Groenl\u00e2ndia, mas Trump n\u00e3o descartou a hip\u00f3tese em repetidas ocasi\u00f5es. Um de seus assessores afirmou em entrevista que a Europa estaria se beneficiando injustamente dos EUA, e que a Groenl\u00e2ndia deveria ser controlada por quem realmente pode defend\u00ea-la.<\/p>\n<p>O vice-chefe de gabinete, Stephen Miller, afirmou que a Dinamarca, por sua economia e for\u00e7as militares reduzidas, n\u00e3o conseguiria proteger adequadamente a Groenl\u00e2ndia, sugerindo que seria necess\u00e1ria uma autoridade com maior capacidade para gerir, defender e desenvolver o territ\u00f3rio.<\/p>\n<p>Desde o ponto de vista da Uni\u00e3o Europeia, a Groenl\u00e2ndia, como parte da Dinamarca, est\u00e1 protegida pela cl\u00e1usula de solidariedade m\u00fatua do Artigo 42.7 do Tratado da UE. Mesmo assim, os pa\u00edses da Otan enfrentam agora press\u00f5es econ\u00f4micas de um membro do pr\u00f3prio bloco, que busca a anexa\u00e7\u00e3o for\u00e7ada do territ\u00f3rio, algo que surpreende at\u00e9 mesmo os padr\u00f5es do governo Trump.<\/p>\n<h3>Repercuss\u00f5es na pol\u00edtica europeia e americana<\/h3>\n<p>At\u00e9 agora, as lideran\u00e7as europeias t\u00eam tentado evitar um confronto direto com Trump para preservar o apoio dos EUA no conflito contra a R\u00fassia na Ucr\u00e2nia. Contudo, o epis\u00f3dio da Groenl\u00e2ndia pode alterar essa postura.<\/p>\n<p>Lincicome afirma que antes havia um consenso de que a melhor estrat\u00e9gia seria apaziguar Trump para garantir certa estabilidade econ\u00f4mica e pol\u00edtica, por\u00e9m essa abordagem se tornou ineficaz e contraproducente.<\/p>\n<p>Embora haja dificuldades legais e pol\u00edticas para a implementa\u00e7\u00e3o das tarifas \u2014 incluindo um caso na Suprema Corte americana que pode limitar os poderes presidenciais para impor tarifas rapidamente \u2014 a possibilidade permanece, ainda que com baixa probabilidade de concretiza\u00e7\u00e3o no dia 1\u00ba de fevereiro, data mencionada para o in\u00edcio da aplica\u00e7\u00e3o.<\/p>\n<p>Alguns pol\u00edticos americanos, incluindo o deputado republicano Don Bacon, condenaram as amea\u00e7as tarif\u00e1rias e alertaram para as consequ\u00eancias pol\u00edticas caso Trump cogite seriamente uma invas\u00e3o da Groenl\u00e2ndia, defendendo inclusive medidas legislativas para frear tais a\u00e7\u00f5es.<\/p>\n<p>L\u00edderes democratas no Senado qualificaram as amea\u00e7as como fantasias imperiais sem sentido e est\u00e3o trabalhando para barrar juridicamente a imposi\u00e7\u00e3o das tarifas.<\/p>\n<p>Essa crise evidencia como a pol\u00edtica externa e comercial dos EUA sob Trump desafia normas estabelecidas e gera tens\u00f5es com seus pr\u00f3prios aliados estrat\u00e9gicos.<\/p>\n<p><a href=\"https:\/\/www.infomoney.com.br\/mundo\/ofensiva-de-trump-sobre-a-groenlandia-reabre-feridas-tarifarias-na-europa\/\" target=\"_blank\" rel=\"noopener\">Fonte<\/a><\/p>\n","protected":false},"excerpt":{"rendered":"<p>Ofensiva de Trump sobre tarifas reacende tens\u00f5es comerciais na Europa, impactando rela\u00e7\u00f5es e acordos hist\u00f3ricos entre EUA e Uni\u00e3o Europeia.<\/p>\n","protected":false},"author":1,"featured_media":3416,"comment_status":"open","ping_status":"open","sticky":false,"template":"","format":"standard","meta":{"site-sidebar-layout":"default","site-content-layout":"","ast-site-content-layout":"default","site-content-style":"default","site-sidebar-style":"default","ast-global-header-display":"","ast-banner-title-visibility":"","ast-main-header-display":"","ast-hfb-above-header-display":"","ast-hfb-below-header-display":"","ast-hfb-mobile-header-display":"","site-post-title":"","ast-breadcrumbs-content":"","ast-featured-img":"","footer-sml-layout":"","theme-transparent-header-meta":"","adv-header-id-meta":"","stick-header-meta":"","header-above-stick-meta":"","header-main-stick-meta":"","header-below-stick-meta":"","astra-migrate-meta-layouts":"default","ast-page-background-enabled":"default","ast-page-background-meta":{"desktop":{"background-color":"var(--ast-global-color-5)","background-image":"","background-repeat":"repeat","background-position":"center center","background-size":"auto","background-attachment":"scroll","background-type":"","background-media":"","overlay-type":"","overlay-color":"","overlay-opacity":"","overlay-gradient":""},"tablet":{"background-color":"","background-image":"","background-repeat":"repeat","background-position":"center center","background-size":"auto","background-attachment":"scroll","background-type":"","background-media":"","overlay-type":"","overlay-color":"","overlay-opacity":"","overlay-gradient":""},"mobile":{"background-color":"","background-image":"","background-repeat":"repeat","background-position":"center center","background-size":"auto","background-attachment":"scroll","background-type":"","background-media":"","overlay-type":"","overlay-color":"","overlay-opacity":"","overlay-gradient":""}},"ast-content-background-meta":{"desktop":{"background-color":"var(--ast-global-color-4)","background-image":"","background-repeat":"repeat","background-position":"center center","background-size":"auto","background-attachment":"scroll","background-type":"","background-media":"","overlay-type":"","overlay-color":"","overlay-opacity":"","overlay-gradient":""},"tablet":{"background-color":"var(--ast-global-color-4)","background-image":"","background-repeat":"repeat","background-position":"center center","background-size":"auto","background-attachment":"scroll","background-type":"","background-media":"","overlay-type":"","overlay-color":"","overlay-opacity":"","overlay-gradient":""},"mobile":{"background-color":"var(--ast-global-color-4)","background-image":"","background-repeat":"repeat","background-position":"center center","background-size":"auto","background-attachment":"scroll","background-type":"","background-media":"","overlay-type":"","overlay-color":"","overlay-opacity":"","overlay-gradient":""}},"footnotes":""},"categories":[1],"tags":[],"class_list":["post-3417","post","type-post","status-publish","format-standard","has-post-thumbnail","hentry","category-ultimas"],"_links":{"self":[{"href":"https:\/\/startrico.com.br\/noticias\/wp-json\/wp\/v2\/posts\/3417","targetHints":{"allow":["GET"]}}],"collection":[{"href":"https:\/\/startrico.com.br\/noticias\/wp-json\/wp\/v2\/posts"}],"about":[{"href":"https:\/\/startrico.com.br\/noticias\/wp-json\/wp\/v2\/types\/post"}],"author":[{"embeddable":true,"href":"https:\/\/startrico.com.br\/noticias\/wp-json\/wp\/v2\/users\/1"}],"replies":[{"embeddable":true,"href":"https:\/\/startrico.com.br\/noticias\/wp-json\/wp\/v2\/comments?post=3417"}],"version-history":[{"count":0,"href":"https:\/\/startrico.com.br\/noticias\/wp-json\/wp\/v2\/posts\/3417\/revisions"}],"wp:featuredmedia":[{"embeddable":true,"href":"https:\/\/startrico.com.br\/noticias\/wp-json\/wp\/v2\/media\/3416"}],"wp:attachment":[{"href":"https:\/\/startrico.com.br\/noticias\/wp-json\/wp\/v2\/media?parent=3417"}],"wp:term":[{"taxonomy":"category","embeddable":true,"href":"https:\/\/startrico.com.br\/noticias\/wp-json\/wp\/v2\/categories?post=3417"},{"taxonomy":"post_tag","embeddable":true,"href":"https:\/\/startrico.com.br\/noticias\/wp-json\/wp\/v2\/tags?post=3417"}],"curies":[{"name":"wp","href":"https:\/\/api.w.org\/{rel}","templated":true}]}}