{"id":3439,"date":"2026-01-19T07:06:29","date_gmt":"2026-01-19T10:06:29","guid":{"rendered":"https:\/\/startrico.com.br\/noticias\/3439-2\/"},"modified":"2026-01-19T07:06:29","modified_gmt":"2026-01-19T10:06:29","slug":"3439-2","status":"publish","type":"post","link":"https:\/\/startrico.com.br\/noticias\/3439-2\/","title":{"rendered":""},"content":{"rendered":"<h2>Trump menciona Nobel e afirma \u00e0 Noruega que n\u00e3o se sente mais obrigado a focar na paz<\/h2>\n<p>O presidente dos Estados Unidos, Donald Trump, comunicou ao primeiro-ministro da Noruega, Jonas Gahr St\u00f8re, que n\u00e3o se v\u00ea mais na obriga\u00e7\u00e3o de \u201cpensar exclusivamente na paz\u201d ap\u00f3s n\u00e3o ter sido contemplado com o Pr\u00eamio Nobel da Paz. A declara\u00e7\u00e3o foi divulgada nesta segunda-feira, 19 de janeiro de 2026.<\/p>\n<p>Trump escreveu a St\u00f8re: \u201cConsiderando que seu pa\u00eds decidiu n\u00e3o me conceder o Pr\u00eamio Nobel da Paz por ter encerrado oito conflitos e outros, eu n\u00e3o sinto mais obriga\u00e7\u00e3o de focar puramente na paz\u201d. A autenticidade dessa mensagem foi confirmada pela ag\u00eancia AFP por uma fonte pr\u00f3xima \u00e0 situa\u00e7\u00e3o e tamb\u00e9m pelo pr\u00f3prio premi\u00ea noruegu\u00eas em entrevista ao jornal VG.<\/p>\n<p>O motivo pelo qual Trump optou por enviar essa mensagem diretamente ao primeiro-ministro da Noruega n\u00e3o ficou claro, uma vez que o Nobel da Paz \u00e9 outorgado por um comit\u00ea independente, o Comit\u00ea Nobel Noruegu\u00eas, e n\u00e3o pelo governo noruegu\u00eas.<\/p>\n<h3>Esclarecimento do primeiro-ministro noruegu\u00eas<\/h3>\n<p>Em resposta por escrito, Jonas Gahr St\u00f8re afirmou ter explicado a Trump que a decis\u00e3o do pr\u00eamio n\u00e3o depende do Executivo da Noruega. O premi\u00ea destacou que \u201cexpliquei de forma clara, inclusive ao presidente Trump, o que \u00e9 amplamente conhecido: o pr\u00eamio \u00e9 concedido por um Comit\u00ea Nobel independente\u201d.<\/p>\n<h3>Contexto da reivindica\u00e7\u00e3o de Trump<\/h3>\n<p>Donald Trump tem declarado publicamente que acredita merecer o Nobel da Paz. Recentemente, ele recebeu no Sal\u00e3o Oval a l\u00edder da oposi\u00e7\u00e3o venezuelana, Mar\u00eda Corina Machado, vencedora do Nobel da Paz em 2025, que entregou simbolicamente sua medalha ao ex-presidente americano.<\/p>\n<p>Machado ganhou o pr\u00eamio por sua lideran\u00e7a frente \u00e0 oposi\u00e7\u00e3o na Venezuela, em meio \u00e0 repress\u00e3o do governo de Nicol\u00e1s Maduro, especialmente ap\u00f3s as elei\u00e7\u00f5es presidenciais de 2023. Durante a visita, a l\u00edder venezuelana afirmou que a entrega da medalha a Trump foi um \u201creconhecimento pelo compromisso singular com a nossa liberdade\u201d.<\/p>\n<p>O presidente Trump confirmou em suas redes sociais que, de fato, ficou com a medalha e declarou ter sido uma honra receber Machado. Contudo, o Instituto Nobel noruegu\u00eas j\u00e1 havia esclarecido antes da visita que o Pr\u00eamio Nobel da Paz n\u00e3o pode ser retirado, transferido ou compartilhado ap\u00f3s a sua concess\u00e3o, conforme estipulado no estatuto da funda\u00e7\u00e3o e no testamento de Alfred Nobel.<\/p>\n<h3>Tens\u00e3o pela Groenl\u00e2ndia<\/h3>\n<p>Essa nova manifesta\u00e7\u00e3o de Trump ocorre ainda em um cen\u00e1rio de press\u00e3o pela anexa\u00e7\u00e3o da Groenl\u00e2ndia, acompanhada de amea\u00e7a de tarifas a diversas na\u00e7\u00f5es europeias, incluindo a Noruega, caso n\u00e3o atendam a suas exig\u00eancias.<\/p>\n<p>Nesta mesma segunda-feira, o ex-presidente afirmou que a Dinamarca falhou em lidar com a \u201camea\u00e7a russa\u201d na Groenl\u00e2ndia e declarou que \u201cagora chegou a hora\u201d de afastar essa amea\u00e7a.<\/p>\n<p><i>Com informa\u00e7\u00f5es da AFP<\/i><\/p>\n<p><a href=\"https:\/\/www.infomoney.com.br\/mundo\/trump-cita-nobel-e-diz-a-noruega-que-nao-sente-mais-obrigacao-de-pensar-na-paz\/\" target=\"_blank\" rel=\"noopener\">Fonte<\/a><\/p>\n","protected":false},"excerpt":{"rendered":"<p>Trump menciona Nobel e afirma \u00e0 Noruega que n\u00e3o se sente mais obrigado a focar na paz O presidente dos [&hellip;]<\/p>\n","protected":false},"author":1,"featured_media":3438,"comment_status":"open","ping_status":"open","sticky":false,"template":"","format":"standard","meta":{"site-sidebar-layout":"default","site-content-layout":"","ast-site-content-layout":"default","site-content-style":"default","site-sidebar-style":"default","ast-global-header-display":"","ast-banner-title-visibility":"","ast-main-header-display":"","ast-hfb-above-header-display":"","ast-hfb-below-header-display":"","ast-hfb-mobile-header-display":"","site-post-title":"","ast-breadcrumbs-content":"","ast-featured-img":"","footer-sml-layout":"","theme-transparent-header-meta":"","adv-header-id-meta":"","stick-header-meta":"","header-above-stick-meta":"","header-main-stick-meta":"","header-below-stick-meta":"","astra-migrate-meta-layouts":"default","ast-page-background-enabled":"default","ast-page-background-meta":{"desktop":{"background-color":"var(--ast-global-color-5)","background-image":"","background-repeat":"repeat","background-position":"center center","background-size":"auto","background-attachment":"scroll","background-type":"","background-media":"","overlay-type":"","overlay-color":"","overlay-opacity":"","overlay-gradient":""},"tablet":{"background-color":"","background-image":"","background-repeat":"repeat","background-position":"center center","background-size":"auto","background-attachment":"scroll","background-type":"","background-media":"","overlay-type":"","overlay-color":"","overlay-opacity":"","overlay-gradient":""},"mobile":{"background-color":"","background-image":"","background-repeat":"repeat","background-position":"center center","background-size":"auto","background-attachment":"scroll","background-type":"","background-media":"","overlay-type":"","overlay-color":"","overlay-opacity":"","overlay-gradient":""}},"ast-content-background-meta":{"desktop":{"background-color":"var(--ast-global-color-4)","background-image":"","background-repeat":"repeat","background-position":"center center","background-size":"auto","background-attachment":"scroll","background-type":"","background-media":"","overlay-type":"","overlay-color":"","overlay-opacity":"","overlay-gradient":""},"tablet":{"background-color":"var(--ast-global-color-4)","background-image":"","background-repeat":"repeat","background-position":"center center","background-size":"auto","background-attachment":"scroll","background-type":"","background-media":"","overlay-type":"","overlay-color":"","overlay-opacity":"","overlay-gradient":""},"mobile":{"background-color":"var(--ast-global-color-4)","background-image":"","background-repeat":"repeat","background-position":"center center","background-size":"auto","background-attachment":"scroll","background-type":"","background-media":"","overlay-type":"","overlay-color":"","overlay-opacity":"","overlay-gradient":""}},"footnotes":""},"categories":[1],"tags":[],"class_list":["post-3439","post","type-post","status-publish","format-standard","has-post-thumbnail","hentry","category-ultimas"],"_links":{"self":[{"href":"https:\/\/startrico.com.br\/noticias\/wp-json\/wp\/v2\/posts\/3439","targetHints":{"allow":["GET"]}}],"collection":[{"href":"https:\/\/startrico.com.br\/noticias\/wp-json\/wp\/v2\/posts"}],"about":[{"href":"https:\/\/startrico.com.br\/noticias\/wp-json\/wp\/v2\/types\/post"}],"author":[{"embeddable":true,"href":"https:\/\/startrico.com.br\/noticias\/wp-json\/wp\/v2\/users\/1"}],"replies":[{"embeddable":true,"href":"https:\/\/startrico.com.br\/noticias\/wp-json\/wp\/v2\/comments?post=3439"}],"version-history":[{"count":0,"href":"https:\/\/startrico.com.br\/noticias\/wp-json\/wp\/v2\/posts\/3439\/revisions"}],"wp:featuredmedia":[{"embeddable":true,"href":"https:\/\/startrico.com.br\/noticias\/wp-json\/wp\/v2\/media\/3438"}],"wp:attachment":[{"href":"https:\/\/startrico.com.br\/noticias\/wp-json\/wp\/v2\/media?parent=3439"}],"wp:term":[{"taxonomy":"category","embeddable":true,"href":"https:\/\/startrico.com.br\/noticias\/wp-json\/wp\/v2\/categories?post=3439"},{"taxonomy":"post_tag","embeddable":true,"href":"https:\/\/startrico.com.br\/noticias\/wp-json\/wp\/v2\/tags?post=3439"}],"curies":[{"name":"wp","href":"https:\/\/api.w.org\/{rel}","templated":true}]}}