{"id":3441,"date":"2026-01-19T07:11:34","date_gmt":"2026-01-19T10:11:34","guid":{"rendered":"https:\/\/startrico.com.br\/noticias\/ministro-frances-convoca-reuniao\/"},"modified":"2026-01-19T07:11:34","modified_gmt":"2026-01-19T10:11:34","slug":"ministro-frances-convoca-reuniao","status":"publish","type":"post","link":"https:\/\/startrico.com.br\/noticias\/ministro-frances-convoca-reuniao\/","title":{"rendered":"Ministro Franc\u00eas Convoca Reuni\u00e3o do G7 Sobre Impasse com Groenl\u00e2ndia"},"content":{"rendered":"<h2>Ministro franc\u00eas vai convocar reuni\u00e3o dos Ministros das Finan\u00e7as do G7 devido a impasse sobre a Groenl\u00e2ndia<\/h2>\n<p>O ministro das Finan\u00e7as da Fran\u00e7a, Roland Lescure, declarou nesta segunda-feira (19) que planeja reunir em breve seus colegas do Grupo dos Sete (G7) para discutir quest\u00f5es relacionadas ao com\u00e9rcio e \u00e0 soberania, em meio \u00e0s tens\u00f5es geradas ap\u00f3s o presidente dos Estados Unidos, Donald Trump, amea\u00e7ar impor tarifas adicionais at\u00e9 que a compra da Groenl\u00e2ndia pelos EUA fosse aprovada.<\/p>\n<p>\u201cEstamos em total apoio \u00e0 Groenl\u00e2ndia e \u00e0 Dinamarca\u201d, afirmou Lescure. \u201cIntimida\u00e7\u00e3o entre na\u00e7\u00f5es amigas \u00e9 completamente inaceit\u00e1vel.\u201d<\/p>\n<p>O ministro lamentou a escalada do conflito e ressaltou a necessidade de a Europa desenvolver meios para agir de maneira independente diante dessas circunst\u00e2ncias.<\/p>\n<p>A iniciativa de Lescure surge em resposta ao plano americano, que tem sido alvo de cr\u00edticas na Europa, especialmente ap\u00f3s Trump anunciar uma tarifa de 10% contra a Dinamarca e outros pa\u00edses considerados contr\u00e1rios \u00e0 tentativa dos EUA de adquirir a Groenl\u00e2ndia.<\/p>\n<p>Roland Lescure, que tamb\u00e9m \u00e9 respons\u00e1vel pela Soberania Industrial, Energ\u00e9tica e Digital da Fran\u00e7a, destacou a import\u00e2ncia da solidariedade entre os membros do G7 para enfrentar este cen\u00e1rio delicado.<\/p>\n<p><a href=\"https:\/\/g1.globo.com\/economia\/noticia\/2026\/01\/19\/ministro-frances-reuniao-g7-impasse-groenlandia.ghtml\" target=\"_blank\" rel=\"noopener\">Fonte<\/a><\/p>\n","protected":false},"excerpt":{"rendered":"<p>Impasse sobre a Groenl\u00e2ndia gera convoca\u00e7\u00e3o de reuni\u00e3o do G7 para discutir com\u00e9rcio e soberania, buscando solidariedade entre as na\u00e7\u00f5es envolvidas.<\/p>\n","protected":false},"author":1,"featured_media":3440,"comment_status":"open","ping_status":"open","sticky":false,"template":"","format":"standard","meta":{"site-sidebar-layout":"default","site-content-layout":"","ast-site-content-layout":"default","site-content-style":"default","site-sidebar-style":"default","ast-global-header-display":"","ast-banner-title-visibility":"","ast-main-header-display":"","ast-hfb-above-header-display":"","ast-hfb-below-header-display":"","ast-hfb-mobile-header-display":"","site-post-title":"","ast-breadcrumbs-content":"","ast-featured-img":"","footer-sml-layout":"","theme-transparent-header-meta":"","adv-header-id-meta":"","stick-header-meta":"","header-above-stick-meta":"","header-main-stick-meta":"","header-below-stick-meta":"","astra-migrate-meta-layouts":"default","ast-page-background-enabled":"default","ast-page-background-meta":{"desktop":{"background-color":"var(--ast-global-color-5)","background-image":"","background-repeat":"repeat","background-position":"center center","background-size":"auto","background-attachment":"scroll","background-type":"","background-media":"","overlay-type":"","overlay-color":"","overlay-opacity":"","overlay-gradient":""},"tablet":{"background-color":"","background-image":"","background-repeat":"repeat","background-position":"center center","background-size":"auto","background-attachment":"scroll","background-type":"","background-media":"","overlay-type":"","overlay-color":"","overlay-opacity":"","overlay-gradient":""},"mobile":{"background-color":"","background-image":"","background-repeat":"repeat","background-position":"center center","background-size":"auto","background-attachment":"scroll","background-type":"","background-media":"","overlay-type":"","overlay-color":"","overlay-opacity":"","overlay-gradient":""}},"ast-content-background-meta":{"desktop":{"background-color":"var(--ast-global-color-4)","background-image":"","background-repeat":"repeat","background-position":"center center","background-size":"auto","background-attachment":"scroll","background-type":"","background-media":"","overlay-type":"","overlay-color":"","overlay-opacity":"","overlay-gradient":""},"tablet":{"background-color":"var(--ast-global-color-4)","background-image":"","background-repeat":"repeat","background-position":"center center","background-size":"auto","background-attachment":"scroll","background-type":"","background-media":"","overlay-type":"","overlay-color":"","overlay-opacity":"","overlay-gradient":""},"mobile":{"background-color":"var(--ast-global-color-4)","background-image":"","background-repeat":"repeat","background-position":"center center","background-size":"auto","background-attachment":"scroll","background-type":"","background-media":"","overlay-type":"","overlay-color":"","overlay-opacity":"","overlay-gradient":""}},"footnotes":""},"categories":[1],"tags":[],"class_list":["post-3441","post","type-post","status-publish","format-standard","has-post-thumbnail","hentry","category-ultimas"],"_links":{"self":[{"href":"https:\/\/startrico.com.br\/noticias\/wp-json\/wp\/v2\/posts\/3441","targetHints":{"allow":["GET"]}}],"collection":[{"href":"https:\/\/startrico.com.br\/noticias\/wp-json\/wp\/v2\/posts"}],"about":[{"href":"https:\/\/startrico.com.br\/noticias\/wp-json\/wp\/v2\/types\/post"}],"author":[{"embeddable":true,"href":"https:\/\/startrico.com.br\/noticias\/wp-json\/wp\/v2\/users\/1"}],"replies":[{"embeddable":true,"href":"https:\/\/startrico.com.br\/noticias\/wp-json\/wp\/v2\/comments?post=3441"}],"version-history":[{"count":0,"href":"https:\/\/startrico.com.br\/noticias\/wp-json\/wp\/v2\/posts\/3441\/revisions"}],"wp:featuredmedia":[{"embeddable":true,"href":"https:\/\/startrico.com.br\/noticias\/wp-json\/wp\/v2\/media\/3440"}],"wp:attachment":[{"href":"https:\/\/startrico.com.br\/noticias\/wp-json\/wp\/v2\/media?parent=3441"}],"wp:term":[{"taxonomy":"category","embeddable":true,"href":"https:\/\/startrico.com.br\/noticias\/wp-json\/wp\/v2\/categories?post=3441"},{"taxonomy":"post_tag","embeddable":true,"href":"https:\/\/startrico.com.br\/noticias\/wp-json\/wp\/v2\/tags?post=3441"}],"curies":[{"name":"wp","href":"https:\/\/api.w.org\/{rel}","templated":true}]}}