{"id":3455,"date":"2026-01-19T07:55:48","date_gmt":"2026-01-19T10:55:48","guid":{"rendered":"https:\/\/startrico.com.br\/noticias\/3455-2\/"},"modified":"2026-01-19T07:55:48","modified_gmt":"2026-01-19T10:55:48","slug":"3455-2","status":"publish","type":"post","link":"https:\/\/startrico.com.br\/noticias\/3455-2\/","title":{"rendered":""},"content":{"rendered":"<h2>Trump retorna a Davos em meio a novos conflitos globais<\/h2>\n<p>Donald Trump estar\u00e1 presente no F\u00f3rum Econ\u00f4mico Mundial em Davos, na Su\u00ed\u00e7a, entre os dias 19 e 23 de janeiro, ap\u00f3s provocar um novo epis\u00f3dio de instabilidade na ordem internacional. Embora suas a\u00e7\u00f5es tenham repercuss\u00e3o mundial, seu principal p\u00fablico permanece sendo a audi\u00eancia americana.<\/p>\n<p>Ser\u00e1 sua primeira participa\u00e7\u00e3o nesta confer\u00eancia em seis anos, em um momento delicado, marcado pela crescente crise gerada por sua tentativa de controlar a Groenl\u00e2ndia, territ\u00f3rio aut\u00f4nomo da Dinamarca. Os l\u00edderes presentes no evento planejam discutir temas envolvendo o retorno de Trump \u00e0 presid\u00eancia, incluindo tarifas comerciais, al\u00e9m dos conflitos na Venezuela, Ucr\u00e2nia, Gaza e Ir\u00e3.<\/p>\n<h3>Foco interno em meio a descontentamento dom\u00e9stico<\/h3>\n<p>Para Trump, a prioridade em Davos ser\u00e1 centrada nos assuntos dos Estados Unidos. O aumento do custo de vida tem provocado insatisfa\u00e7\u00e3o popular, contrariando as promessas da chamada \u201cera dourada\u201d. Essa realidade aumenta os riscos para o partido Republicano nas elei\u00e7\u00f5es legislativas de meio de mandato, previstas para novembro.<\/p>\n<p>Assim, parte da agenda do ex-presidente no f\u00f3rum dever\u00e1 destacar a quest\u00e3o da habita\u00e7\u00e3o no pa\u00eds. Um oficial da Casa Branca revelou \u00e0 ag\u00eancia AFP que Trump deve apresentar medidas para diminuir os pre\u00e7os da moradia e defender sua pol\u00edtica econ\u00f4mica, que ele afirma ter impulsionado o crescimento dos EUA.<\/p>\n<p>Espera-se que sejam propostas op\u00e7\u00f5es para que compradores possam utilizar fundos de poupan\u00e7a para aposentadoria na quita\u00e7\u00e3o do sinal de im\u00f3veis, reconhecendo a acessibilidade \u00e0 habita\u00e7\u00e3o como um ponto fr\u00e1gil em seu mandato atual.<\/p>\n<p>Pesquisa recente da CNN indicou que 58% dos americanos consideram o primeiro ano de Trump ap\u00f3s o retorno \u00e0 presid\u00eancia como um fracasso, especialmente na \u00e1rea econ\u00f4mica. Inclusive, o apoio ao slogan \u201cEstados Unidos em primeiro lugar\u201d est\u00e1 enfraquecendo entre seus pr\u00f3prios seguidores.<\/p>\n<h3>Conviv\u00eancia tensa com l\u00edderes da Otan e desafios diplom\u00e1ticos<\/h3>\n<p>No encontro, Trump dividir\u00e1 o espa\u00e7o com l\u00edderes dos pa\u00edses aliados da Otan na Europa, que recentemente receberam a amea\u00e7a do presidente americano em aplicar tarifas se apoiarem suas pretens\u00f5es sobre a Groenl\u00e2ndia.<\/p>\n<p>As tarifas impostas no in\u00edcio de sua segunda gest\u00e3o elevaram a tens\u00e3o internacional. Um representante da Casa Branca indicou que Trump argumentar\u00e1 que Estados Unidos e Europa precisam superar o que chama de \u201cestagna\u00e7\u00e3o econ\u00f4mica\u201d e as pol\u00edticas que a provocaram.<\/p>\n<p>O conflito na Ucr\u00e2nia tamb\u00e9m ser\u00e1 um tema chave da confer\u00eancia. O presidente ucraniano Volodimir Zelensky busca agenda para firmar novas garantias de seguran\u00e7a junto a Trump, no contexto das negocia\u00e7\u00f5es de cessar-fogo com a R\u00fassia, ao lado de l\u00edderes do G7. Entretanto, n\u00e3o h\u00e1 reuni\u00f5es bilaterais previstas segundo informa\u00e7\u00f5es oficiais.<\/p>\n<p>Outro poss\u00edvel destaque durante o f\u00f3rum ser\u00e1 a convoca\u00e7\u00e3o de uma reuni\u00e3o do chamado \u201cConselho de Paz\u201d para Gaza, um grupo que Trump vem formando para tratar da regi\u00e3o devastada pela guerra, ap\u00f3s ter anunciado recentemente os primeiros participantes.<\/p>\n<p>A situa\u00e7\u00e3o da Venezuela permanece na pauta, sobretudo diante da recente a\u00e7\u00e3o militar americana que dep\u00f4s Nicol\u00e1s Maduro, parte da mudan\u00e7a de postura do governo Trump para a Am\u00e9rica Latina.<\/p>\n<h3>O hist\u00f3rico de Trump em Davos<\/h3>\n<p>Tradicionalmente, o f\u00f3rum representa uma combina\u00e7\u00e3o particular para Trump, ex-magnata imobili\u00e1rio e estrela de reality shows, que durante anos criticou as elites globais, mas tamb\u00e9m valoriza a companhia de figuras influentes.<\/p>\n<p>Em sua estreia em 2018, chegou a ser vaiado em alguns momentos. Em 2020 retornou com um discurso contundente contra os \u201cprofetas da fatalidade\u201d em temas clim\u00e1ticos e econ\u00f4micos.<\/p>\n<p>Agora, Trump volta ao evento com um poder pol\u00edtico, tanto interno quanto externo, mais robusto do que jamais teve.<\/p>\n<p><em>Informa\u00e7\u00f5es da AFP<\/em><\/p>\n<p><a href=\"https:\/\/exame.com\/economia\/trump-volta-a-davos-com-nova-turbulencia-global\/\" target=\"_blank\" rel=\"noopener\">Fonte<\/a><\/p>\n","protected":false},"excerpt":{"rendered":"<p>Trump retorna a Davos em meio a novos conflitos globais Donald Trump estar\u00e1 presente no F\u00f3rum Econ\u00f4mico Mundial em Davos, [&hellip;]<\/p>\n","protected":false},"author":1,"featured_media":3454,"comment_status":"open","ping_status":"open","sticky":false,"template":"","format":"standard","meta":{"site-sidebar-layout":"default","site-content-layout":"","ast-site-content-layout":"default","site-content-style":"default","site-sidebar-style":"default","ast-global-header-display":"","ast-banner-title-visibility":"","ast-main-header-display":"","ast-hfb-above-header-display":"","ast-hfb-below-header-display":"","ast-hfb-mobile-header-display":"","site-post-title":"","ast-breadcrumbs-content":"","ast-featured-img":"","footer-sml-layout":"","theme-transparent-header-meta":"","adv-header-id-meta":"","stick-header-meta":"","header-above-stick-meta":"","header-main-stick-meta":"","header-below-stick-meta":"","astra-migrate-meta-layouts":"default","ast-page-background-enabled":"default","ast-page-background-meta":{"desktop":{"background-color":"var(--ast-global-color-5)","background-image":"","background-repeat":"repeat","background-position":"center center","background-size":"auto","background-attachment":"scroll","background-type":"","background-media":"","overlay-type":"","overlay-color":"","overlay-opacity":"","overlay-gradient":""},"tablet":{"background-color":"","background-image":"","background-repeat":"repeat","background-position":"center center","background-size":"auto","background-attachment":"scroll","background-type":"","background-media":"","overlay-type":"","overlay-color":"","overlay-opacity":"","overlay-gradient":""},"mobile":{"background-color":"","background-image":"","background-repeat":"repeat","background-position":"center center","background-size":"auto","background-attachment":"scroll","background-type":"","background-media":"","overlay-type":"","overlay-color":"","overlay-opacity":"","overlay-gradient":""}},"ast-content-background-meta":{"desktop":{"background-color":"var(--ast-global-color-4)","background-image":"","background-repeat":"repeat","background-position":"center center","background-size":"auto","background-attachment":"scroll","background-type":"","background-media":"","overlay-type":"","overlay-color":"","overlay-opacity":"","overlay-gradient":""},"tablet":{"background-color":"var(--ast-global-color-4)","background-image":"","background-repeat":"repeat","background-position":"center center","background-size":"auto","background-attachment":"scroll","background-type":"","background-media":"","overlay-type":"","overlay-color":"","overlay-opacity":"","overlay-gradient":""},"mobile":{"background-color":"var(--ast-global-color-4)","background-image":"","background-repeat":"repeat","background-position":"center center","background-size":"auto","background-attachment":"scroll","background-type":"","background-media":"","overlay-type":"","overlay-color":"","overlay-opacity":"","overlay-gradient":""}},"footnotes":""},"categories":[1],"tags":[],"class_list":["post-3455","post","type-post","status-publish","format-standard","has-post-thumbnail","hentry","category-ultimas"],"_links":{"self":[{"href":"https:\/\/startrico.com.br\/noticias\/wp-json\/wp\/v2\/posts\/3455","targetHints":{"allow":["GET"]}}],"collection":[{"href":"https:\/\/startrico.com.br\/noticias\/wp-json\/wp\/v2\/posts"}],"about":[{"href":"https:\/\/startrico.com.br\/noticias\/wp-json\/wp\/v2\/types\/post"}],"author":[{"embeddable":true,"href":"https:\/\/startrico.com.br\/noticias\/wp-json\/wp\/v2\/users\/1"}],"replies":[{"embeddable":true,"href":"https:\/\/startrico.com.br\/noticias\/wp-json\/wp\/v2\/comments?post=3455"}],"version-history":[{"count":0,"href":"https:\/\/startrico.com.br\/noticias\/wp-json\/wp\/v2\/posts\/3455\/revisions"}],"wp:featuredmedia":[{"embeddable":true,"href":"https:\/\/startrico.com.br\/noticias\/wp-json\/wp\/v2\/media\/3454"}],"wp:attachment":[{"href":"https:\/\/startrico.com.br\/noticias\/wp-json\/wp\/v2\/media?parent=3455"}],"wp:term":[{"taxonomy":"category","embeddable":true,"href":"https:\/\/startrico.com.br\/noticias\/wp-json\/wp\/v2\/categories?post=3455"},{"taxonomy":"post_tag","embeddable":true,"href":"https:\/\/startrico.com.br\/noticias\/wp-json\/wp\/v2\/tags?post=3455"}],"curies":[{"name":"wp","href":"https:\/\/api.w.org\/{rel}","templated":true}]}}