{"id":3463,"date":"2026-01-20T07:15:47","date_gmt":"2026-01-20T10:15:47","guid":{"rendered":"https:\/\/startrico.com.br\/noticias\/reforma-tributaria-e-dialogo\/"},"modified":"2026-01-20T07:15:47","modified_gmt":"2026-01-20T10:15:47","slug":"reforma-tributaria-e-dialogo","status":"publish","type":"post","link":"https:\/\/startrico.com.br\/noticias\/reforma-tributaria-e-dialogo\/","title":{"rendered":"Reforma Tribut\u00e1ria e Di\u00e1logo Sobre Impactos no Setor A\u00e9reo Brasil"},"content":{"rendered":"<h2>Silvio Costa Filho confirma di\u00e1logo com o Minist\u00e9rio da Fazenda sobre impactos da reforma tribut\u00e1ria no setor a\u00e9reo<\/h2>\n<p>O ministro de Portos e Aeroportos, Silvio Costa Filho, declarou que mant\u00e9m negocia\u00e7\u00f5es com o Minist\u00e9rio da Fazenda para realizar ajustes na regulamenta\u00e7\u00e3o da reforma tribut\u00e1ria, visando evitar preju\u00edzos ao segmento a\u00e9reo. A afirma\u00e7\u00e3o foi feita durante entrevista coletiva em que foi divulgado o balan\u00e7o do setor de avia\u00e7\u00e3o civil.<\/p>\n<p>Costa Filho ressaltou que o governo est\u00e1 atento \u00e0s proje\u00e7\u00f5es feitas pelo setor a\u00e9reo a respeito dos efeitos da nova tributa\u00e7\u00e3o, principalmente no que se refere ao aumento no custo das passagens e \u00e0 poss\u00edvel diminui\u00e7\u00e3o da demanda por voos. O intuito dessas conversas \u00e9 encontrar solu\u00e7\u00f5es que mantenham a competitividade das companhias a\u00e9reas, evitando impactos negativos na conectividade e no desenvolvimento do mercado interno.<\/p>\n<p>Estudos promovidos pela Associa\u00e7\u00e3o Internacional de Transporte A\u00e9reo (Iata) apontam que a reforma tribut\u00e1ria pode acarretar uma redu\u00e7\u00e3o de at\u00e9 30% na demanda dom\u00e9stica de viagens a\u00e9reas em consequ\u00eancia do aumento do pre\u00e7o dos bilhetes. De acordo com a entidade, o maior impacto da eleva\u00e7\u00e3o tribut\u00e1ria deve recair sobre o transporte interno, influenciando a malha a\u00e9rea e a oferta de voos.<\/p>\n<p>A proposta de reforma pretende instituir um imposto sobre valor agregado (IVA) com al\u00edquota de aproximadamente 26,5% para voos nacionais, que hoje recebem tributa\u00e7\u00e3o entre 12% e 18%. Al\u00e9m disso, os voos internacionais, atualmente isentos, seriam tamb\u00e9m submetidos \u00e0 mesma al\u00edquota. A Iata estima que isso eleve o pre\u00e7o m\u00e9dio das passagens dom\u00e9sticas dos atuais US$ 130 para US$ 160, enquanto os bilhetes internacionais poderiam apresentar aumento de US$ 740 para US$ 935 em m\u00e9dia.<\/p>\n<p><a href=\"https:\/\/www.moneytimes.com.br\/costa-filho-ha-dialogo-com-fazenda-sobre-prejuizos-as-aereas-com-reforma-tributaria-2-fets\/\" target=\"_blank\" rel=\"noopener\">Fonte<\/a><\/p>\n","protected":false},"excerpt":{"rendered":"<p>Reforma Tribut\u00e1ria desemboca em di\u00e1logo com Fazenda para ajustar regula\u00e7\u00f5es, preservando o setor a\u00e9reo e evitando aumento excessivo nos custos das passagens.<\/p>\n","protected":false},"author":1,"featured_media":3462,"comment_status":"open","ping_status":"open","sticky":false,"template":"","format":"standard","meta":{"site-sidebar-layout":"default","site-content-layout":"","ast-site-content-layout":"default","site-content-style":"default","site-sidebar-style":"default","ast-global-header-display":"","ast-banner-title-visibility":"","ast-main-header-display":"","ast-hfb-above-header-display":"","ast-hfb-below-header-display":"","ast-hfb-mobile-header-display":"","site-post-title":"","ast-breadcrumbs-content":"","ast-featured-img":"","footer-sml-layout":"","theme-transparent-header-meta":"","adv-header-id-meta":"","stick-header-meta":"","header-above-stick-meta":"","header-main-stick-meta":"","header-below-stick-meta":"","astra-migrate-meta-layouts":"default","ast-page-background-enabled":"default","ast-page-background-meta":{"desktop":{"background-color":"var(--ast-global-color-5)","background-image":"","background-repeat":"repeat","background-position":"center center","background-size":"auto","background-attachment":"scroll","background-type":"","background-media":"","overlay-type":"","overlay-color":"","overlay-opacity":"","overlay-gradient":""},"tablet":{"background-color":"","background-image":"","background-repeat":"repeat","background-position":"center center","background-size":"auto","background-attachment":"scroll","background-type":"","background-media":"","overlay-type":"","overlay-color":"","overlay-opacity":"","overlay-gradient":""},"mobile":{"background-color":"","background-image":"","background-repeat":"repeat","background-position":"center center","background-size":"auto","background-attachment":"scroll","background-type":"","background-media":"","overlay-type":"","overlay-color":"","overlay-opacity":"","overlay-gradient":""}},"ast-content-background-meta":{"desktop":{"background-color":"var(--ast-global-color-4)","background-image":"","background-repeat":"repeat","background-position":"center center","background-size":"auto","background-attachment":"scroll","background-type":"","background-media":"","overlay-type":"","overlay-color":"","overlay-opacity":"","overlay-gradient":""},"tablet":{"background-color":"var(--ast-global-color-4)","background-image":"","background-repeat":"repeat","background-position":"center center","background-size":"auto","background-attachment":"scroll","background-type":"","background-media":"","overlay-type":"","overlay-color":"","overlay-opacity":"","overlay-gradient":""},"mobile":{"background-color":"var(--ast-global-color-4)","background-image":"","background-repeat":"repeat","background-position":"center center","background-size":"auto","background-attachment":"scroll","background-type":"","background-media":"","overlay-type":"","overlay-color":"","overlay-opacity":"","overlay-gradient":""}},"footnotes":""},"categories":[1],"tags":[],"class_list":["post-3463","post","type-post","status-publish","format-standard","has-post-thumbnail","hentry","category-ultimas"],"_links":{"self":[{"href":"https:\/\/startrico.com.br\/noticias\/wp-json\/wp\/v2\/posts\/3463","targetHints":{"allow":["GET"]}}],"collection":[{"href":"https:\/\/startrico.com.br\/noticias\/wp-json\/wp\/v2\/posts"}],"about":[{"href":"https:\/\/startrico.com.br\/noticias\/wp-json\/wp\/v2\/types\/post"}],"author":[{"embeddable":true,"href":"https:\/\/startrico.com.br\/noticias\/wp-json\/wp\/v2\/users\/1"}],"replies":[{"embeddable":true,"href":"https:\/\/startrico.com.br\/noticias\/wp-json\/wp\/v2\/comments?post=3463"}],"version-history":[{"count":0,"href":"https:\/\/startrico.com.br\/noticias\/wp-json\/wp\/v2\/posts\/3463\/revisions"}],"wp:featuredmedia":[{"embeddable":true,"href":"https:\/\/startrico.com.br\/noticias\/wp-json\/wp\/v2\/media\/3462"}],"wp:attachment":[{"href":"https:\/\/startrico.com.br\/noticias\/wp-json\/wp\/v2\/media?parent=3463"}],"wp:term":[{"taxonomy":"category","embeddable":true,"href":"https:\/\/startrico.com.br\/noticias\/wp-json\/wp\/v2\/categories?post=3463"},{"taxonomy":"post_tag","embeddable":true,"href":"https:\/\/startrico.com.br\/noticias\/wp-json\/wp\/v2\/tags?post=3463"}],"curies":[{"name":"wp","href":"https:\/\/api.w.org\/{rel}","templated":true}]}}