{"id":3499,"date":"2026-01-21T07:55:57","date_gmt":"2026-01-21T10:55:57","guid":{"rendered":"https:\/\/startrico.com.br\/noticias\/forum-economico-mundial-pode\/"},"modified":"2026-01-21T07:55:57","modified_gmt":"2026-01-21T10:55:57","slug":"forum-economico-mundial-pode","status":"publish","type":"post","link":"https:\/\/startrico.com.br\/noticias\/forum-economico-mundial-pode\/","title":{"rendered":"F\u00f3rum Econ\u00f4mico Mundial Pode Mudar Sede Ap\u00f3s D\u00e9cadas Em Davos"},"content":{"rendered":"<h2>F\u00f3rum Econ\u00f4mico Mundial pode sair de Davos ap\u00f3s mais de cinco d\u00e9cadas<\/h2>\n<p>O F\u00f3rum Econ\u00f4mico Mundial, realizado em Davos, Su\u00ed\u00e7a, pode mudar sua localiza\u00e7\u00e3o ap\u00f3s mais de 50 anos sediando o evento na cidade. Larry Fink, co-diretor do encontro e CEO da BlackRock, sugeriu a possibilidade de alternar a sede do F\u00f3rum para diferentes lugares do mundo. Entre as cidades apontadas como candidatas est\u00e3o Buenos Aires, Detroit, Dublin e Jacarta.<\/p>\n<h3>Proposta de expans\u00e3o e acesso ampliado<\/h3>\n<p>Em postagem no LinkedIn, Fink afirmou que o F\u00f3rum precisa marcar presen\u00e7a e ouvir diretamente onde as transforma\u00e7\u00f5es globais est\u00e3o efetivamente ocorrendo, o que implica uma cr\u00edtica indireta ao isolamento de Davos. Al\u00e9m de considerar a mudan\u00e7a geogr\u00e1fica, ele defende abrir o espa\u00e7o do evento para outras vozes e realidades al\u00e9m dos tradicionais l\u00edderes pol\u00edticos e grandes empres\u00e1rios, ideia que tamb\u00e9m recebe apoio de Andr\u00e9 Hoffmann, co-presidente do F\u00f3rum e membro do conselho da farmac\u00eautica Roche.<\/p>\n<h3>Contexto de reinven\u00e7\u00e3o ap\u00f3s sa\u00edda do fundador<\/h3>\n<p>Essa iniciativa ganha ainda mais relev\u00e2ncia ap\u00f3s a sa\u00edda de Klaus Schwab, fundador do F\u00f3rum Econ\u00f4mico Mundial, que se afastou do cargo recentemente, mesmo depois de ter sido inocentado em investiga\u00e7\u00f5es sobre den\u00fancia de m\u00e1 conduta. A nova gest\u00e3o revisita o modelo do evento, propondo mudan\u00e7as para seu futuro.<\/p>\n<h3>Impacto para Davos e economia local<\/h3>\n<p>Uma eventual mudan\u00e7a nas sedes pode afetar diretamente a economia da cidade su\u00ed\u00e7a. Estudos da Universidade de St. Gallen indicam que o evento de 2017 gerou aproximadamente 60 milh\u00f5es de francos su\u00ed\u00e7os para Davos, al\u00e9m de 2 milh\u00f5es em impostos para o munic\u00edpio. Embora o F\u00f3rum confirme manter a edi\u00e7\u00e3o deste ano em Davos e esteja satisfeito com a parceria su\u00ed\u00e7a, fontes consultadas pelo Financial Times revelam que debates internos sobre novas localiza\u00e7\u00f5es j\u00e1 est\u00e3o em andamento.<\/p>\n<h3>Hist\u00f3rico e precedentes do evento<\/h3>\n<p>Em mais de meio s\u00e9culo, o F\u00f3rum deixou Davos apenas uma vez: em 2002, quando a edi\u00e7\u00e3o foi realizada em Nova York como forma de homenagear as v\u00edtimas dos atentados de 11 de setembro. Durante a pandemia, em 2021, foi considerada a possibilidade de sediar a reuni\u00e3o em Singapura, mas esta edi\u00e7\u00e3o foi cancelada. Atualmente, com um recorde de chefes de Estado confirmados para a edi\u00e7\u00e3o em curso e a participa\u00e7\u00e3o do presidente americano Donald Trump, o F\u00f3rum segue com grande relev\u00e2ncia, mas o centro das discuss\u00f5es globais pode estar prestes a mudar de endere\u00e7o.<\/p>\n<p><a href=\"https:\/\/exame.com\/economia\/forum-economico-mundial-pode-deixar-davos-apos-mais-de-50-anos\/\" target=\"_blank\" rel=\"noopener\">Fonte<\/a><\/p>\n","protected":false},"excerpt":{"rendered":"<p>F\u00f3rum Econ\u00f4mico Mundial pode deixar Davos ap\u00f3s mais de 50 anos, buscando novas sedes e maior diversidade de participantes no evento global.<\/p>\n","protected":false},"author":1,"featured_media":3498,"comment_status":"open","ping_status":"open","sticky":false,"template":"","format":"standard","meta":{"site-sidebar-layout":"default","site-content-layout":"","ast-site-content-layout":"default","site-content-style":"default","site-sidebar-style":"default","ast-global-header-display":"","ast-banner-title-visibility":"","ast-main-header-display":"","ast-hfb-above-header-display":"","ast-hfb-below-header-display":"","ast-hfb-mobile-header-display":"","site-post-title":"","ast-breadcrumbs-content":"","ast-featured-img":"","footer-sml-layout":"","theme-transparent-header-meta":"","adv-header-id-meta":"","stick-header-meta":"","header-above-stick-meta":"","header-main-stick-meta":"","header-below-stick-meta":"","astra-migrate-meta-layouts":"default","ast-page-background-enabled":"default","ast-page-background-meta":{"desktop":{"background-color":"var(--ast-global-color-5)","background-image":"","background-repeat":"repeat","background-position":"center center","background-size":"auto","background-attachment":"scroll","background-type":"","background-media":"","overlay-type":"","overlay-color":"","overlay-opacity":"","overlay-gradient":""},"tablet":{"background-color":"","background-image":"","background-repeat":"repeat","background-position":"center center","background-size":"auto","background-attachment":"scroll","background-type":"","background-media":"","overlay-type":"","overlay-color":"","overlay-opacity":"","overlay-gradient":""},"mobile":{"background-color":"","background-image":"","background-repeat":"repeat","background-position":"center center","background-size":"auto","background-attachment":"scroll","background-type":"","background-media":"","overlay-type":"","overlay-color":"","overlay-opacity":"","overlay-gradient":""}},"ast-content-background-meta":{"desktop":{"background-color":"var(--ast-global-color-4)","background-image":"","background-repeat":"repeat","background-position":"center center","background-size":"auto","background-attachment":"scroll","background-type":"","background-media":"","overlay-type":"","overlay-color":"","overlay-opacity":"","overlay-gradient":""},"tablet":{"background-color":"var(--ast-global-color-4)","background-image":"","background-repeat":"repeat","background-position":"center center","background-size":"auto","background-attachment":"scroll","background-type":"","background-media":"","overlay-type":"","overlay-color":"","overlay-opacity":"","overlay-gradient":""},"mobile":{"background-color":"var(--ast-global-color-4)","background-image":"","background-repeat":"repeat","background-position":"center center","background-size":"auto","background-attachment":"scroll","background-type":"","background-media":"","overlay-type":"","overlay-color":"","overlay-opacity":"","overlay-gradient":""}},"footnotes":""},"categories":[1],"tags":[],"class_list":["post-3499","post","type-post","status-publish","format-standard","has-post-thumbnail","hentry","category-ultimas"],"_links":{"self":[{"href":"https:\/\/startrico.com.br\/noticias\/wp-json\/wp\/v2\/posts\/3499","targetHints":{"allow":["GET"]}}],"collection":[{"href":"https:\/\/startrico.com.br\/noticias\/wp-json\/wp\/v2\/posts"}],"about":[{"href":"https:\/\/startrico.com.br\/noticias\/wp-json\/wp\/v2\/types\/post"}],"author":[{"embeddable":true,"href":"https:\/\/startrico.com.br\/noticias\/wp-json\/wp\/v2\/users\/1"}],"replies":[{"embeddable":true,"href":"https:\/\/startrico.com.br\/noticias\/wp-json\/wp\/v2\/comments?post=3499"}],"version-history":[{"count":0,"href":"https:\/\/startrico.com.br\/noticias\/wp-json\/wp\/v2\/posts\/3499\/revisions"}],"wp:featuredmedia":[{"embeddable":true,"href":"https:\/\/startrico.com.br\/noticias\/wp-json\/wp\/v2\/media\/3498"}],"wp:attachment":[{"href":"https:\/\/startrico.com.br\/noticias\/wp-json\/wp\/v2\/media?parent=3499"}],"wp:term":[{"taxonomy":"category","embeddable":true,"href":"https:\/\/startrico.com.br\/noticias\/wp-json\/wp\/v2\/categories?post=3499"},{"taxonomy":"post_tag","embeddable":true,"href":"https:\/\/startrico.com.br\/noticias\/wp-json\/wp\/v2\/tags?post=3499"}],"curies":[{"name":"wp","href":"https:\/\/api.w.org\/{rel}","templated":true}]}}