{"id":3525,"date":"2026-01-23T07:06:28","date_gmt":"2026-01-23T10:06:28","guid":{"rendered":"https:\/\/startrico.com.br\/noticias\/autonomia-do-bc-em\/"},"modified":"2026-01-23T07:06:28","modified_gmt":"2026-01-23T10:06:28","slug":"autonomia-do-bc-em","status":"publish","type":"post","link":"https:\/\/startrico.com.br\/noticias\/autonomia-do-bc-em\/","title":{"rendered":"Autonomia Do BC Em Foco: Os 7 Recados De Fachin Sobre Caso Master"},"content":{"rendered":"<h2>Autonomia do Banco Central, defesa do STF e outros pontos: 7 mensagens de Fachin sobre o caso Master<\/h2>\n<p>Em meio \u00e0s cr\u00edticas relacionadas ao modo como o Supremo Tribunal Federal (STF) vem conduzindo as investiga\u00e7\u00f5es referentes ao Banco Master, o presidente da corte, ministro Edson Fachin, divulgou uma nota na noite de quinta-feira com uma s\u00e9rie de mensagens claras. No documento, ele reafirma a postura do tribunal, manifesta apoio ao ministro relator Dias Toffoli, responde \u00e0s cr\u00edticas que chegaram tanto de investigadores quanto de setores pol\u00edticos e da opini\u00e3o p\u00fablica e destaca temas como a legitimidade da Pol\u00edcia Federal, o papel do Minist\u00e9rio P\u00fablico e a independ\u00eancia do Banco Central.<\/p>\n<h2>1. Autonomia t\u00e9cnica do Banco Central<\/h2>\n<p>Ao abordar os efeitos que o caso pode ter sobre o sistema financeiro, Fachin destacou que a Constitui\u00e7\u00e3o Federal atribui ao Banco Central do Brasil o dever legal de garantir a estabilidade do sistema financeiro. Para isso, ressaltou que o Banco Central deve exercer suas fun\u00e7\u00f5es com total autonomia t\u00e9cnica, sem sofrer interfer\u00eancias indevidas.<\/p>\n<h2>2. Reconhecimento da atua\u00e7\u00e3o da Pol\u00edcia Federal<\/h2>\n<p>O ministro salientou que a atua\u00e7\u00e3o da Pol\u00edcia Federal \u00e9 fundamental, especialmente no que diz respeito \u00e0 investiga\u00e7\u00e3o de crimes como gest\u00e3o temer\u00e1ria, fraudes financeiras, manipula\u00e7\u00e3o de informa\u00e7\u00f5es e lavagem de dinheiro.<\/p>\n<h2>3. Refor\u00e7o ao papel da Procuradoria-Geral da Rep\u00fablica (PGR)<\/h2>\n<p>Fachin lembrou que \u00e9 responsabilidade da PGR conduzir a persecu\u00e7\u00e3o penal e garantir a legalidade das investiga\u00e7\u00f5es, destacando o papel constitucional do Minist\u00e9rio P\u00fablico no processo.<\/p>\n<h2>4. Defesa do ministro Dias Toffoli<\/h2>\n<p>Em um dos trechos mais delicados do comunicado, o presidente do STF afirmou que a corte faz uma supervis\u00e3o judicial regular sobre a investiga\u00e7\u00e3o, conduzida pelo ministro relator Dias Toffoli, reafirmando a legitimidade de sua atua\u00e7\u00e3o.<\/p>\n<h2>5. Explica\u00e7\u00f5es sobre decis\u00f5es no per\u00edodo de recesso<\/h2>\n<p>Fachin explicou que o Tribunal Pleno est\u00e1 em recesso e que, nesse intervalo, as quest\u00f5es urgentes s\u00e3o analisadas pela Presid\u00eancia ou pelo relator, conforme previsto no regimento interno. Ele tamb\u00e9m ressaltou que o ministro Alexandre de Moraes exerce regularmente a Presid\u00eancia do STF e que todas as decis\u00f5es tomadas nesse per\u00edodo ser\u00e3o submetidas ao colegiado, refor\u00e7ando que o processo colegiado \u00e9 o m\u00e9todo adotado pela corte.<\/p>\n<h2>6. Resposta \u00e0s alega\u00e7\u00f5es de nulidade e suspei\u00e7\u00e3o<\/h2>\n<p>Ao tratar das cr\u00edticas acerca da condu\u00e7\u00e3o do processo, Fachin afirmou que eventuais irregularidades ou v\u00edcios denunciados ser\u00e3o avaliados conforme regras regimentais e processuais. Ele refor\u00e7ou que a Presid\u00eancia n\u00e3o antecipa julgamentos, mas tamb\u00e9m n\u00e3o se esquiva de conduzi-los.<\/p>\n<h2>7. Rea\u00e7\u00e3o \u00e0s press\u00f5es pol\u00edticas e da m\u00eddia<\/h2>\n<p>O ministro concluiu dizendo que o Supremo Tribunal Federal n\u00e3o se submete a amea\u00e7as ou intimida\u00e7\u00f5es. Para Fachin, aqueles que tentam enfraquecer o STF para minar sua autoridade est\u00e3o, na verdade, atacando o n\u00facleo da democracia constitucional.<\/p>\n<p><a href=\"https:\/\/www.infomoney.com.br\/politica\/autonomia-do-bc-defesa-do-stf-e-mais-os-7-recados-de-fachin-sobre-o-caso-master\/\" target=\"_blank\" rel=\"noopener\">Fonte<\/a><\/p>\n","protected":false},"excerpt":{"rendered":"<p>Autonomia do BC \u00e9 central nos recados de Fachin sobre o caso Master, refor\u00e7ando a import\u00e2ncia da independ\u00eancia do Banco Central e do STF.<\/p>\n","protected":false},"author":1,"featured_media":3524,"comment_status":"open","ping_status":"open","sticky":false,"template":"","format":"standard","meta":{"site-sidebar-layout":"default","site-content-layout":"","ast-site-content-layout":"default","site-content-style":"default","site-sidebar-style":"default","ast-global-header-display":"","ast-banner-title-visibility":"","ast-main-header-display":"","ast-hfb-above-header-display":"","ast-hfb-below-header-display":"","ast-hfb-mobile-header-display":"","site-post-title":"","ast-breadcrumbs-content":"","ast-featured-img":"","footer-sml-layout":"","theme-transparent-header-meta":"","adv-header-id-meta":"","stick-header-meta":"","header-above-stick-meta":"","header-main-stick-meta":"","header-below-stick-meta":"","astra-migrate-meta-layouts":"default","ast-page-background-enabled":"default","ast-page-background-meta":{"desktop":{"background-color":"var(--ast-global-color-5)","background-image":"","background-repeat":"repeat","background-position":"center center","background-size":"auto","background-attachment":"scroll","background-type":"","background-media":"","overlay-type":"","overlay-color":"","overlay-opacity":"","overlay-gradient":""},"tablet":{"background-color":"","background-image":"","background-repeat":"repeat","background-position":"center center","background-size":"auto","background-attachment":"scroll","background-type":"","background-media":"","overlay-type":"","overlay-color":"","overlay-opacity":"","overlay-gradient":""},"mobile":{"background-color":"","background-image":"","background-repeat":"repeat","background-position":"center center","background-size":"auto","background-attachment":"scroll","background-type":"","background-media":"","overlay-type":"","overlay-color":"","overlay-opacity":"","overlay-gradient":""}},"ast-content-background-meta":{"desktop":{"background-color":"var(--ast-global-color-4)","background-image":"","background-repeat":"repeat","background-position":"center center","background-size":"auto","background-attachment":"scroll","background-type":"","background-media":"","overlay-type":"","overlay-color":"","overlay-opacity":"","overlay-gradient":""},"tablet":{"background-color":"var(--ast-global-color-4)","background-image":"","background-repeat":"repeat","background-position":"center center","background-size":"auto","background-attachment":"scroll","background-type":"","background-media":"","overlay-type":"","overlay-color":"","overlay-opacity":"","overlay-gradient":""},"mobile":{"background-color":"var(--ast-global-color-4)","background-image":"","background-repeat":"repeat","background-position":"center center","background-size":"auto","background-attachment":"scroll","background-type":"","background-media":"","overlay-type":"","overlay-color":"","overlay-opacity":"","overlay-gradient":""}},"footnotes":""},"categories":[1],"tags":[],"class_list":["post-3525","post","type-post","status-publish","format-standard","has-post-thumbnail","hentry","category-ultimas"],"_links":{"self":[{"href":"https:\/\/startrico.com.br\/noticias\/wp-json\/wp\/v2\/posts\/3525","targetHints":{"allow":["GET"]}}],"collection":[{"href":"https:\/\/startrico.com.br\/noticias\/wp-json\/wp\/v2\/posts"}],"about":[{"href":"https:\/\/startrico.com.br\/noticias\/wp-json\/wp\/v2\/types\/post"}],"author":[{"embeddable":true,"href":"https:\/\/startrico.com.br\/noticias\/wp-json\/wp\/v2\/users\/1"}],"replies":[{"embeddable":true,"href":"https:\/\/startrico.com.br\/noticias\/wp-json\/wp\/v2\/comments?post=3525"}],"version-history":[{"count":0,"href":"https:\/\/startrico.com.br\/noticias\/wp-json\/wp\/v2\/posts\/3525\/revisions"}],"wp:featuredmedia":[{"embeddable":true,"href":"https:\/\/startrico.com.br\/noticias\/wp-json\/wp\/v2\/media\/3524"}],"wp:attachment":[{"href":"https:\/\/startrico.com.br\/noticias\/wp-json\/wp\/v2\/media?parent=3525"}],"wp:term":[{"taxonomy":"category","embeddable":true,"href":"https:\/\/startrico.com.br\/noticias\/wp-json\/wp\/v2\/categories?post=3525"},{"taxonomy":"post_tag","embeddable":true,"href":"https:\/\/startrico.com.br\/noticias\/wp-json\/wp\/v2\/tags?post=3525"}],"curies":[{"name":"wp","href":"https:\/\/api.w.org\/{rel}","templated":true}]}}