{"id":3617,"date":"2026-01-27T07:26:53","date_gmt":"2026-01-27T10:26:53","guid":{"rendered":"https:\/\/startrico.com.br\/noticias\/embraer-amplia-mercado-com\/"},"modified":"2026-01-27T07:26:53","modified_gmt":"2026-01-27T10:26:53","slug":"embraer-amplia-mercado-com","status":"publish","type":"post","link":"https:\/\/startrico.com.br\/noticias\/embraer-amplia-mercado-com\/","title":{"rendered":"Embraer Amplia Mercado Com F\u00e1brica Na \u00cdndia"},"content":{"rendered":"<h2>Embraer mira expans\u00e3o global com nova f\u00e1brica na \u00cdndia<\/h2>\n<p>A Embraer anunciou na ter\u00e7a-feira (27) a instala\u00e7\u00e3o de uma unidade fabril na \u00cdndia para a produ\u00e7\u00e3o de aeronaves comerciais. Essa iniciativa refor\u00e7a o pa\u00eds como ponto estrat\u00e9gico para o crescimento da companhia brasileira no mercado global, que \u00e9 um dos maiores no setor de avia\u00e7\u00e3o civil.<\/p>\n<p>A empresa firmou parceria com o grupo indiano Adani, consolidando a estrat\u00e9gia de ampliar sua presen\u00e7a local, alinhando-se ao potencial do mercado indiano, que pode impulsionar significativamente seus neg\u00f3cios na avia\u00e7\u00e3o comercial.<\/p>\n<p>Embora os dados finais de entregas em 2025 ainda n\u00e3o tenham sido divulgados, a Embraer estimava entregar entre 77 e 85 aeronaves no per\u00edodo, um avan\u00e7o comparado \u00e0s 73 unidades entregues em 2024. A nova planta tem potencial para elevar esses n\u00fameros consideravelmente. Internamente, a fabricante entendia que uma produ\u00e7\u00e3o m\u00ednima de 200 avi\u00f5es garantiria a viabilidade da fabrica\u00e7\u00e3o na \u00cdndia. A proje\u00e7\u00e3o da companhia prev\u00ea uma demanda total de 500 avi\u00f5es para os pr\u00f3ximos 20 anos no pa\u00eds, sendo que aproximadamente 300 deles devem ser solicitados na pr\u00f3xima d\u00e9cada.<\/p>\n<p>A Embraer ir\u00e1 apresentar os modelos comerciais E195-E2 e E175 na Wings India 2026, evento que acontecer\u00e1 em Hyderabad a partir de 28 de janeiro. Al\u00e9m disso, mant\u00e9m di\u00e1logos com companhias a\u00e9reas locais desde a reuni\u00e3o da Associa\u00e7\u00e3o Internacional de Transporte A\u00e9reo (Iata). Atualmente, o mercado indiano \u00e9 liderado pelas companhias Air India e IndiGo.<\/p>\n<h3>Parceria com o grupo Adani<\/h3>\n<p>O conglomerado Adani, um dos maiores da \u00cdndia, atua principalmente nos setores de infraestrutura e energia, \u00e1reas fundamentais para a economia do pa\u00eds. Controlado pelo bilion\u00e1rio Gautam Adani, o grupo possui neg\u00f3cios que abrangem portos, log\u00edstica, gera\u00e7\u00e3o e transmiss\u00e3o de energia, incluindo fontes renov\u00e1veis, al\u00e9m de aeroportos, cimento e infraestrutura digital.<\/p>\n<p>O evento de assinatura do acordo foi realizado no Minist\u00e9rio da Avia\u00e7\u00e3o Civil em Nova D\u00e9li, refor\u00e7ando o compromisso da parceria com a pol\u00edtica &#8220;Make in India&#8221;, que visa estimular a produ\u00e7\u00e3o industrial local, fortalecer a cadeia de fornecedores e gerar empregos dentro do pa\u00eds.<\/p>\n<h3>Oportunidades no mercado de avia\u00e7\u00e3o indiano<\/h3>\n<p>A \u00cdndia tem se destacado como um importante polo da ind\u00fastria aeron\u00e1utica global. Em junho de 2025, durante a assembleia anual da Iata realizada no pa\u00eds, o primeiro-ministro Narendra Modi destacou os investimentos em infraestrutura e conectividade. O governo busca inaugurar 50 aeroportos at\u00e9 2030 e promover a avia\u00e7\u00e3o regional por meio do programa UDAN, criado para incentivar voos entre cidades de pequeno e m\u00e9dio porte. Esse cen\u00e1rio chamou a aten\u00e7\u00e3o da Embraer, que v\u00ea na avia\u00e7\u00e3o regional um segmento em crescimento no pa\u00eds.<\/p>\n<p>Em outubro, a companhia abriu um escrit\u00f3rio local e reconhece que sua atua\u00e7\u00e3o na \u00cdndia ainda \u00e9 modesta em compara\u00e7\u00e3o com o tamanho do mercado. Em entrevista concedida em junho de 2025, o CEO Francisco Gomes Neto apontou que a Embraer opera apenas 50 aeronaves no pa\u00eds, contra 4 mil globalmente, sendo apenas 11 aeronaves comerciais (modelos ERJ145 e E175) operadas pela Star Air.<\/p>\n<h3>Foco na avia\u00e7\u00e3o regional comercial<\/h3>\n<p>A Embraer aposta no segmento de avia\u00e7\u00e3o comercial regional, considerado subexplorado na \u00cdndia, sem deixar de lado \u00e1reas de defesa e jatos executivos. A empresa enxerga que a avia\u00e7\u00e3o regional est\u00e1 ganhando prioridade devido a necessidades econ\u00f4micas e pol\u00edticas p\u00fablicas. Seu portf\u00f3lio busca preencher a lacuna existente entre os turbo\u00e9lices, que t\u00eam alcance limitado e s\u00e3o mais lentos, e os narrowbodies de 180 a 200 assentos que dominam o mercado das grandes companhias a\u00e9reas.<\/p>\n<p>O modelo E175, com capacidade para cerca de 80 passageiros, \u00e9 ideal para rotas que conectam pequenas cidades, enquanto o E2, da nova gera\u00e7\u00e3o, oferece maior efici\u00eancia e conforto para trajetos regionais e de dist\u00e2ncia maior. Conforme explicou o CEO Francisco Gomes Neto, algumas localidades n\u00e3o t\u00eam demanda suficiente para avi\u00f5es maiores, enquanto outras precisam de mais frequ\u00eancia de voos di\u00e1rios. A disparidade \u00e9 semelhante ao que ocorre no Brasil, onde rotas regionais dependem de aeronaves menores e eficientes. Os turbo\u00e9lices t\u00eam alcance estimado em 500 km, ao passo que os jatos E2 podem voar at\u00e9 6.000 km, diminuindo significativamente o tempo de viagem, de mais de duas horas para aproximadamente uma hora e meia.<\/p>\n<h3>Perspectivas empresariais e a\u00e7\u00f5es<\/h3>\n<p>Analistas veem o mercado indiano como uma nova vari\u00e1vel que pode alavancar ainda mais a Embraer, que j\u00e1 apresenta valoriza\u00e7\u00e3o significativa em bolsa \u2014 acumulando alta de 1.064% nos \u00faltimos cinco anos. Desde abril de 2019, Francisco Gomes Neto comanda a empresa, ap\u00f3s experi\u00eancia como CEO da Marcopolo. Ele enfrentou desafios como a desist\u00eancia da Boeing da compra da unidade comercial da Embraer e momentos dif\u00edceis para a companhia brasileira.<\/p>\n<h3>Expans\u00e3o no setor de defesa<\/h3>\n<p>Al\u00e9m da avia\u00e7\u00e3o comercial, a Embraer tem ampliado sua atua\u00e7\u00e3o no segmento de defesa. Em fevereiro de 2024, firmou um memorando de entendimento com a Mahindra Defence Systems para a participa\u00e7\u00e3o em programas governamentais deste setor. Atualmente, essa \u00e1rea \u00e9 a mais consolidada para a companhia, tanto em vendas quanto pela parceria estrat\u00e9gica.<\/p>\n<p>A previs\u00e3o da Embraer estima uma demanda global de 500 aeronaves do porte do KC-390 para os pr\u00f3ximos anos, com 23% dessa demanda concentrada na regi\u00e3o da \u00c1sia-Pac\u00edfico. O Brasil disputa a venda de 40 a 80 aeronaves militares para a \u00cdndia e tamb\u00e9m observa oportunidades na Ar\u00e1bia Saudita, que em breve aposentar\u00e1 cerca de 60 avi\u00f5es de defesa.<\/p>\n<p><a href=\"https:\/\/investnews.com.br\/negocios\/embraer-fabrica-india-embj3\/\" target=\"_blank\" rel=\"noopener\">Fonte<\/a><\/p>\n","protected":false},"excerpt":{"rendered":"<p>F\u00e1brica na \u00cdndia fortalece a Embraer, ampliando sua produ\u00e7\u00e3o e presen\u00e7a no mercado global de avia\u00e7\u00e3o comercial.<\/p>\n","protected":false},"author":1,"featured_media":3616,"comment_status":"open","ping_status":"open","sticky":false,"template":"","format":"standard","meta":{"site-sidebar-layout":"default","site-content-layout":"","ast-site-content-layout":"default","site-content-style":"default","site-sidebar-style":"default","ast-global-header-display":"","ast-banner-title-visibility":"","ast-main-header-display":"","ast-hfb-above-header-display":"","ast-hfb-below-header-display":"","ast-hfb-mobile-header-display":"","site-post-title":"","ast-breadcrumbs-content":"","ast-featured-img":"","footer-sml-layout":"","theme-transparent-header-meta":"","adv-header-id-meta":"","stick-header-meta":"","header-above-stick-meta":"","header-main-stick-meta":"","header-below-stick-meta":"","astra-migrate-meta-layouts":"default","ast-page-background-enabled":"default","ast-page-background-meta":{"desktop":{"background-color":"var(--ast-global-color-5)","background-image":"","background-repeat":"repeat","background-position":"center center","background-size":"auto","background-attachment":"scroll","background-type":"","background-media":"","overlay-type":"","overlay-color":"","overlay-opacity":"","overlay-gradient":""},"tablet":{"background-color":"","background-image":"","background-repeat":"repeat","background-position":"center center","background-size":"auto","background-attachment":"scroll","background-type":"","background-media":"","overlay-type":"","overlay-color":"","overlay-opacity":"","overlay-gradient":""},"mobile":{"background-color":"","background-image":"","background-repeat":"repeat","background-position":"center center","background-size":"auto","background-attachment":"scroll","background-type":"","background-media":"","overlay-type":"","overlay-color":"","overlay-opacity":"","overlay-gradient":""}},"ast-content-background-meta":{"desktop":{"background-color":"var(--ast-global-color-4)","background-image":"","background-repeat":"repeat","background-position":"center center","background-size":"auto","background-attachment":"scroll","background-type":"","background-media":"","overlay-type":"","overlay-color":"","overlay-opacity":"","overlay-gradient":""},"tablet":{"background-color":"var(--ast-global-color-4)","background-image":"","background-repeat":"repeat","background-position":"center center","background-size":"auto","background-attachment":"scroll","background-type":"","background-media":"","overlay-type":"","overlay-color":"","overlay-opacity":"","overlay-gradient":""},"mobile":{"background-color":"var(--ast-global-color-4)","background-image":"","background-repeat":"repeat","background-position":"center center","background-size":"auto","background-attachment":"scroll","background-type":"","background-media":"","overlay-type":"","overlay-color":"","overlay-opacity":"","overlay-gradient":""}},"footnotes":""},"categories":[1],"tags":[],"class_list":["post-3617","post","type-post","status-publish","format-standard","has-post-thumbnail","hentry","category-ultimas"],"_links":{"self":[{"href":"https:\/\/startrico.com.br\/noticias\/wp-json\/wp\/v2\/posts\/3617","targetHints":{"allow":["GET"]}}],"collection":[{"href":"https:\/\/startrico.com.br\/noticias\/wp-json\/wp\/v2\/posts"}],"about":[{"href":"https:\/\/startrico.com.br\/noticias\/wp-json\/wp\/v2\/types\/post"}],"author":[{"embeddable":true,"href":"https:\/\/startrico.com.br\/noticias\/wp-json\/wp\/v2\/users\/1"}],"replies":[{"embeddable":true,"href":"https:\/\/startrico.com.br\/noticias\/wp-json\/wp\/v2\/comments?post=3617"}],"version-history":[{"count":0,"href":"https:\/\/startrico.com.br\/noticias\/wp-json\/wp\/v2\/posts\/3617\/revisions"}],"wp:featuredmedia":[{"embeddable":true,"href":"https:\/\/startrico.com.br\/noticias\/wp-json\/wp\/v2\/media\/3616"}],"wp:attachment":[{"href":"https:\/\/startrico.com.br\/noticias\/wp-json\/wp\/v2\/media?parent=3617"}],"wp:term":[{"taxonomy":"category","embeddable":true,"href":"https:\/\/startrico.com.br\/noticias\/wp-json\/wp\/v2\/categories?post=3617"},{"taxonomy":"post_tag","embeddable":true,"href":"https:\/\/startrico.com.br\/noticias\/wp-json\/wp\/v2\/tags?post=3617"}],"curies":[{"name":"wp","href":"https:\/\/api.w.org\/{rel}","templated":true}]}}