{"id":3645,"date":"2026-01-28T07:56:22","date_gmt":"2026-01-28T10:56:22","guid":{"rendered":"https:\/\/startrico.com.br\/noticias\/selic-mantida-com-espaco\/"},"modified":"2026-01-28T07:56:22","modified_gmt":"2026-01-28T10:56:22","slug":"selic-mantida-com-espaco","status":"publish","type":"post","link":"https:\/\/startrico.com.br\/noticias\/selic-mantida-com-espaco\/","title":{"rendered":"Selic Mantida Com Espa\u00e7o Para Corte Em Mar\u00e7o, Diz BC"},"content":{"rendered":"<h2>Banco Central deve manter a Selic, mas fatores indicam possibilidade de queda em mar\u00e7o<\/h2>\n<p>A economista Andrea Bastos Damico, CEO da Buysidebrazil, avalia que o Banco Central (BC) deve preservar a taxa Selic na pr\u00f3xima decis\u00e3o, mas j\u00e1 sinalizar\u00e1 um poss\u00edvel corte para o m\u00eas de mar\u00e7o. A especialista destaca que tr\u00eas aspectos principais sustentam essa perspectiva: o cen\u00e1rio global de desinfla\u00e7\u00e3o, o fortalecimento do real diante do d\u00f3lar e o processo cont\u00ednuo de queda da infla\u00e7\u00e3o interna no Brasil.<\/p>\n<h3>Cen\u00e1rio global ainda favor\u00e1vel, apesar das incertezas<\/h3>\n<p>Embora o in\u00edcio de 2026 traga maior instabilidade internacional, devido a epis\u00f3dios como a atua\u00e7\u00e3o do governo Trump na Venezuela e as tens\u00f5es envolvendo o Ir\u00e3, o ambiente global continua com tend\u00eancia desinflacion\u00e1ria. Andrea Damico ressalta que, apesar das novas incertezas, a exporta\u00e7\u00e3o de desinfla\u00e7\u00e3o pela China, especialmente em bens manufaturados, e a fraqueza do d\u00f3lar s\u00e3o fatores que ajudam a conter a infla\u00e7\u00e3o nos pa\u00edses emergentes, incluindo o Brasil.<\/p>\n<h3>C\u00e2mbio favor\u00e1vel e impacto na infla\u00e7\u00e3o<\/h3>\n<p>Outro ponto destacado pela economista \u00e9 o desempenho da moeda brasileira, que agora opera abaixo de R$ 5,30 por d\u00f3lar. Este patamar contribui para um cen\u00e1rio inflacion\u00e1rio benigno. Embora o relat\u00f3rio Focus ainda projete um d\u00f3lar pr\u00f3ximo de R$ 5,50, a valoriza\u00e7\u00e3o atual do real oferece ao BC um ambiente mais confort\u00e1vel para come\u00e7ar a indicar a possibilidade de redu\u00e7\u00e3o da taxa de juros, uma vez que o c\u00e2mbio conta a favor e n\u00e3o contra a infla\u00e7\u00e3o.<\/p>\n<h3>Desinfla\u00e7\u00e3o interna e desacelera\u00e7\u00e3o econ\u00f4mica<\/h3>\n<p>Na esfera dom\u00e9stica, Damico destaca que os n\u00facleos de infla\u00e7\u00e3o apresentam \u00edndices mais favor\u00e1veis, situados entre 3,5% e 4%, enquanto os servi\u00e7os subjacentes ainda mant\u00eam n\u00edveis elevados, mas com tend\u00eancia de queda. A economista observa que, apesar de um aumento tempor\u00e1rio nos dados ocasionado pela Black Friday, a tend\u00eancia geral da atividade econ\u00f4mica permanece em desacelera\u00e7\u00e3o.<\/p>\n<p>Ela explica que h\u00e1 uma certa distor\u00e7\u00e3o nos dados de novembro e dezembro devido ao comportamento dos pre\u00e7os durante as promo\u00e7\u00f5es da Black Friday, o que gera volatilidade. Contudo, de modo geral, o Brasil vive um processo consistente de desinfla\u00e7\u00e3o, com pre\u00e7os de alimentos permanecendo relativamente est\u00e1veis, ainda que se espere alguma recupera\u00e7\u00e3o ao longo do ano.<\/p>\n<h3>Aspectos que merecem aten\u00e7\u00e3o pelo Banco Central<\/h3>\n<p>Apesar das sinaliza\u00e7\u00f5es positivas para a redu\u00e7\u00e3o da Selic, Andrea Damico identifica dois pontos que o BC deve monitorar de perto: a situa\u00e7\u00e3o do mercado de trabalho e a velocidade da reancoragem das expectativas de infla\u00e7\u00e3o. O diretor do BC, Paulo Picchetti, comentou que o mercado laboral aquecido n\u00e3o \u00e9 preocupante desde que n\u00e3o gere press\u00f5es inflacion\u00e1rias. No entanto, o aquecimento do emprego, mesmo diante de uma taxa de juros restritiva, surpreende e ainda carece de explica\u00e7\u00f5es claras.<\/p>\n<p>Al\u00e9m disso, a economista ressalta que, apesar de quedas relevantes nas expectativas de infla\u00e7\u00e3o terem ocorrido nas \u00faltimas reuni\u00f5es, elas foram modestas. O per\u00edodo de digest\u00e3o das incertezas globais e da din\u00e2mica inflacion\u00e1ria em um cen\u00e1rio ainda desinflacion\u00e1rio demanda tempo para que as expectativas se ajustem plenamente.<\/p>\n<h3>Como o Banco Central pode sinalizar a possibilidade de corte da Selic<\/h3>\n<p>De acordo com Andrea Damico, o BC provavelmente evitar\u00e1 se comprometer formalmente com um corte em mar\u00e7o, optando por deixar aberta a possibilidade de iniciar um ciclo de redu\u00e7\u00e3o da taxa. Ela sugere que o comunicado da autoridade monet\u00e1ria nesta semana poder\u00e1 ter sua linguagem suavizada, por exemplo, removendo o trecho que afirma que o BC \u201cn\u00e3o hesitar\u00e1 em retomar o ciclo de alta dos juros\u201d. Essa mudan\u00e7a diminuiria o tom de alerta sobre eventuais eleva\u00e7\u00f5es futuras.<\/p>\n<p>Outra alternativa para o Banco Central seria adotar uma comunica\u00e7\u00e3o mais dependente dos dados (data dependent), indicando que as decis\u00f5es seguintes ser\u00e3o condicionadas \u00e0 trajet\u00f3ria da infla\u00e7\u00e3o, \u00e0s expectativas e \u00e0 avalia\u00e7\u00e3o dos riscos.<\/p>\n<p><a href=\"https:\/\/exame.com\/economia\/os-3-fatores-que-devem-fazer-o-bc-abrir-a-porta-para-corte-da-selic-em-marco\/\" target=\"_blank\" rel=\"noopener\">Fonte<\/a><\/p>\n","protected":false},"excerpt":{"rendered":"<p>Selic deve ser mantida, mas fatores como c\u00e2mbio e infla\u00e7\u00e3o abrem espa\u00e7o para corte em mar\u00e7o, segundo avalia\u00e7\u00e3o do Banco Central.<\/p>\n","protected":false},"author":1,"featured_media":3644,"comment_status":"open","ping_status":"open","sticky":false,"template":"","format":"standard","meta":{"site-sidebar-layout":"default","site-content-layout":"","ast-site-content-layout":"default","site-content-style":"default","site-sidebar-style":"default","ast-global-header-display":"","ast-banner-title-visibility":"","ast-main-header-display":"","ast-hfb-above-header-display":"","ast-hfb-below-header-display":"","ast-hfb-mobile-header-display":"","site-post-title":"","ast-breadcrumbs-content":"","ast-featured-img":"","footer-sml-layout":"","theme-transparent-header-meta":"","adv-header-id-meta":"","stick-header-meta":"","header-above-stick-meta":"","header-main-stick-meta":"","header-below-stick-meta":"","astra-migrate-meta-layouts":"default","ast-page-background-enabled":"default","ast-page-background-meta":{"desktop":{"background-color":"var(--ast-global-color-5)","background-image":"","background-repeat":"repeat","background-position":"center center","background-size":"auto","background-attachment":"scroll","background-type":"","background-media":"","overlay-type":"","overlay-color":"","overlay-opacity":"","overlay-gradient":""},"tablet":{"background-color":"","background-image":"","background-repeat":"repeat","background-position":"center center","background-size":"auto","background-attachment":"scroll","background-type":"","background-media":"","overlay-type":"","overlay-color":"","overlay-opacity":"","overlay-gradient":""},"mobile":{"background-color":"","background-image":"","background-repeat":"repeat","background-position":"center center","background-size":"auto","background-attachment":"scroll","background-type":"","background-media":"","overlay-type":"","overlay-color":"","overlay-opacity":"","overlay-gradient":""}},"ast-content-background-meta":{"desktop":{"background-color":"var(--ast-global-color-4)","background-image":"","background-repeat":"repeat","background-position":"center center","background-size":"auto","background-attachment":"scroll","background-type":"","background-media":"","overlay-type":"","overlay-color":"","overlay-opacity":"","overlay-gradient":""},"tablet":{"background-color":"var(--ast-global-color-4)","background-image":"","background-repeat":"repeat","background-position":"center center","background-size":"auto","background-attachment":"scroll","background-type":"","background-media":"","overlay-type":"","overlay-color":"","overlay-opacity":"","overlay-gradient":""},"mobile":{"background-color":"var(--ast-global-color-4)","background-image":"","background-repeat":"repeat","background-position":"center center","background-size":"auto","background-attachment":"scroll","background-type":"","background-media":"","overlay-type":"","overlay-color":"","overlay-opacity":"","overlay-gradient":""}},"footnotes":""},"categories":[1],"tags":[],"class_list":["post-3645","post","type-post","status-publish","format-standard","has-post-thumbnail","hentry","category-ultimas"],"_links":{"self":[{"href":"https:\/\/startrico.com.br\/noticias\/wp-json\/wp\/v2\/posts\/3645","targetHints":{"allow":["GET"]}}],"collection":[{"href":"https:\/\/startrico.com.br\/noticias\/wp-json\/wp\/v2\/posts"}],"about":[{"href":"https:\/\/startrico.com.br\/noticias\/wp-json\/wp\/v2\/types\/post"}],"author":[{"embeddable":true,"href":"https:\/\/startrico.com.br\/noticias\/wp-json\/wp\/v2\/users\/1"}],"replies":[{"embeddable":true,"href":"https:\/\/startrico.com.br\/noticias\/wp-json\/wp\/v2\/comments?post=3645"}],"version-history":[{"count":0,"href":"https:\/\/startrico.com.br\/noticias\/wp-json\/wp\/v2\/posts\/3645\/revisions"}],"wp:featuredmedia":[{"embeddable":true,"href":"https:\/\/startrico.com.br\/noticias\/wp-json\/wp\/v2\/media\/3644"}],"wp:attachment":[{"href":"https:\/\/startrico.com.br\/noticias\/wp-json\/wp\/v2\/media?parent=3645"}],"wp:term":[{"taxonomy":"category","embeddable":true,"href":"https:\/\/startrico.com.br\/noticias\/wp-json\/wp\/v2\/categories?post=3645"},{"taxonomy":"post_tag","embeddable":true,"href":"https:\/\/startrico.com.br\/noticias\/wp-json\/wp\/v2\/tags?post=3645"}],"curies":[{"name":"wp","href":"https:\/\/api.w.org\/{rel}","templated":true}]}}