{"id":3649,"date":"2026-01-29T07:06:11","date_gmt":"2026-01-29T10:06:11","guid":{"rendered":"https:\/\/startrico.com.br\/noticias\/acidente-aereo-na-colombia\/"},"modified":"2026-01-29T07:06:11","modified_gmt":"2026-01-29T10:06:11","slug":"acidente-aereo-na-colombia","status":"publish","type":"post","link":"https:\/\/startrico.com.br\/noticias\/acidente-aereo-na-colombia\/","title":{"rendered":"Acidente A\u00e9reo Na Col\u00f4mbia Mata 15 Pessoas Incluindo Pol\u00edtico"},"content":{"rendered":"<h2>Acidente a\u00e9reo na Col\u00f4mbia provoca a morte de 15 pessoas, incluindo pol\u00edtico local<\/h2>\n<p>Um tr\u00e1gico acidente de avi\u00e3o no nordeste da Col\u00f4mbia resultou na morte de todas as 15 pessoas que estavam a bordo, entre elas um parlamentar regional. A informa\u00e7\u00e3o foi confirmada pela companhia a\u00e9rea estatal Satena.<\/p>\n<p>O avi\u00e3o envolvido era um turbo\u00e9lice bimotor modelo Beechcraft 1900, que partiu de C\u00facuta, localizada pr\u00f3xima \u00e0 fronteira com a Venezuela, em um voo curto com destino \u00e0 cidade de Oca\u00f1a. O voo decolou antes do meio-dia.<\/p>\n<p>De acordo com a Satena, o contato com a aeronave foi perdido cerca de 12 minutos ap\u00f3s a decolagem. A empresa tamb\u00e9m afirmou que o sistema de sinalizador de emerg\u00eancia n\u00e3o chegou a ser acionado, e at\u00e9 o momento n\u00e3o foi divulgada a causa do acidente.<\/p>\n<p>Entre as v\u00edtimas estavam o deputado Di\u00f3genes Quintero e integrantes de sua equipe, al\u00e9m de Carlos Salcedo, candidato ao Congresso nas elei\u00e7\u00f5es que ocorrer\u00e3o em mar\u00e7o, conforme a lista oficial de passageiros divulgada pela companhia.<\/p>\n<p>Imagens apresentadas pela imprensa local mostram os destro\u00e7os do avi\u00e3o acidentado, evidenciando danos consider\u00e1veis na fuselagem da aeronave.<\/p>\n<p>A queda aconteceu em uma regi\u00e3o montanhosa de Playa de Bel\u00e9n, no departamento de Santander Norte, onde h\u00e1 planta\u00e7\u00f5es de folhas de coca \u2014 mat\u00e9ria-prima para a produ\u00e7\u00e3o de coca\u00edna \u2014 e onde est\u00e3o ativos grupos armados ilegais, como o Ex\u00e9rcito de Liberta\u00e7\u00e3o Nacional e uma fac\u00e7\u00e3o dissidente das antigas For\u00e7as Armadas Revolucion\u00e1rias da Col\u00f4mbia.<\/p>\n<p><img decoding=\"async\" src=\"https:\/\/www.infomoney.com.br\/wp-content\/uploads\/2026\/01\/2026-01-29T061757Z_1569276584_RC2HAJAFAWKK_RTRMADP_3_COLOMBIA-PLANE-e1769680475793.jpg?fit=768%2C1024&#038;quality=70&#038;strip=all\" alt=\"Destro\u00e7os de avi\u00e3o que caiu em Playa de Bel\u00e9n, Col\u00f4mbia\"><a href=\"https:\/\/www.infomoney.com.br\/mundo\/acidente-aereo-na-colombia-mata-15-pessoas-incluindo-politico-local\/\" target=\"_blank\" rel=\"noopener\">Fonte<\/a><\/p>\n","protected":false},"excerpt":{"rendered":"<p>Acidente a\u00e9reo na Col\u00f4mbia resultou na morte de 15 pessoas, incluindo um pol\u00edtico local, em um voo curto que desapareceu ap\u00f3s decolar de C\u00facuta.<\/p>\n","protected":false},"author":1,"featured_media":3648,"comment_status":"open","ping_status":"open","sticky":false,"template":"","format":"standard","meta":{"site-sidebar-layout":"default","site-content-layout":"","ast-site-content-layout":"default","site-content-style":"default","site-sidebar-style":"default","ast-global-header-display":"","ast-banner-title-visibility":"","ast-main-header-display":"","ast-hfb-above-header-display":"","ast-hfb-below-header-display":"","ast-hfb-mobile-header-display":"","site-post-title":"","ast-breadcrumbs-content":"","ast-featured-img":"","footer-sml-layout":"","theme-transparent-header-meta":"","adv-header-id-meta":"","stick-header-meta":"","header-above-stick-meta":"","header-main-stick-meta":"","header-below-stick-meta":"","astra-migrate-meta-layouts":"default","ast-page-background-enabled":"default","ast-page-background-meta":{"desktop":{"background-color":"var(--ast-global-color-5)","background-image":"","background-repeat":"repeat","background-position":"center center","background-size":"auto","background-attachment":"scroll","background-type":"","background-media":"","overlay-type":"","overlay-color":"","overlay-opacity":"","overlay-gradient":""},"tablet":{"background-color":"","background-image":"","background-repeat":"repeat","background-position":"center center","background-size":"auto","background-attachment":"scroll","background-type":"","background-media":"","overlay-type":"","overlay-color":"","overlay-opacity":"","overlay-gradient":""},"mobile":{"background-color":"","background-image":"","background-repeat":"repeat","background-position":"center center","background-size":"auto","background-attachment":"scroll","background-type":"","background-media":"","overlay-type":"","overlay-color":"","overlay-opacity":"","overlay-gradient":""}},"ast-content-background-meta":{"desktop":{"background-color":"var(--ast-global-color-4)","background-image":"","background-repeat":"repeat","background-position":"center center","background-size":"auto","background-attachment":"scroll","background-type":"","background-media":"","overlay-type":"","overlay-color":"","overlay-opacity":"","overlay-gradient":""},"tablet":{"background-color":"var(--ast-global-color-4)","background-image":"","background-repeat":"repeat","background-position":"center center","background-size":"auto","background-attachment":"scroll","background-type":"","background-media":"","overlay-type":"","overlay-color":"","overlay-opacity":"","overlay-gradient":""},"mobile":{"background-color":"var(--ast-global-color-4)","background-image":"","background-repeat":"repeat","background-position":"center center","background-size":"auto","background-attachment":"scroll","background-type":"","background-media":"","overlay-type":"","overlay-color":"","overlay-opacity":"","overlay-gradient":""}},"footnotes":""},"categories":[1],"tags":[],"class_list":["post-3649","post","type-post","status-publish","format-standard","has-post-thumbnail","hentry","category-ultimas"],"_links":{"self":[{"href":"https:\/\/startrico.com.br\/noticias\/wp-json\/wp\/v2\/posts\/3649","targetHints":{"allow":["GET"]}}],"collection":[{"href":"https:\/\/startrico.com.br\/noticias\/wp-json\/wp\/v2\/posts"}],"about":[{"href":"https:\/\/startrico.com.br\/noticias\/wp-json\/wp\/v2\/types\/post"}],"author":[{"embeddable":true,"href":"https:\/\/startrico.com.br\/noticias\/wp-json\/wp\/v2\/users\/1"}],"replies":[{"embeddable":true,"href":"https:\/\/startrico.com.br\/noticias\/wp-json\/wp\/v2\/comments?post=3649"}],"version-history":[{"count":0,"href":"https:\/\/startrico.com.br\/noticias\/wp-json\/wp\/v2\/posts\/3649\/revisions"}],"wp:featuredmedia":[{"embeddable":true,"href":"https:\/\/startrico.com.br\/noticias\/wp-json\/wp\/v2\/media\/3648"}],"wp:attachment":[{"href":"https:\/\/startrico.com.br\/noticias\/wp-json\/wp\/v2\/media?parent=3649"}],"wp:term":[{"taxonomy":"category","embeddable":true,"href":"https:\/\/startrico.com.br\/noticias\/wp-json\/wp\/v2\/categories?post=3649"},{"taxonomy":"post_tag","embeddable":true,"href":"https:\/\/startrico.com.br\/noticias\/wp-json\/wp\/v2\/tags?post=3649"}],"curies":[{"name":"wp","href":"https:\/\/api.w.org\/{rel}","templated":true}]}}