{"id":3663,"date":"2026-01-29T07:41:04","date_gmt":"2026-01-29T10:41:04","guid":{"rendered":"https:\/\/startrico.com.br\/noticias\/copom-mantem-selic-em\/"},"modified":"2026-01-29T07:41:04","modified_gmt":"2026-01-29T10:41:04","slug":"copom-mantem-selic-em","status":"publish","type":"post","link":"https:\/\/startrico.com.br\/noticias\/copom-mantem-selic-em\/","title":{"rendered":"Copom Mant\u00e9m Selic em 15% e Indica Redu\u00e7\u00e3o em Mar\u00e7o"},"content":{"rendered":"<h2>Copom mant\u00e9m taxa Selic em 15% ao ano e sinaliza in\u00edcio de redu\u00e7\u00e3o em mar\u00e7o<\/h2>\n<p>O Comit\u00ea de Pol\u00edtica Monet\u00e1ria (Copom) decidiu nesta quarta-feira (28) manter a taxa b\u00e1sica de juros, a Selic, no patamar de 15% ao ano. A medida, aprovada por unanimidade, estava amplamente prevista pelo mercado financeiro. No entanto, o comunicado divulgado pelo comit\u00ea trouxe uma novidade importante: o colegiado indicou a possibilidade de come\u00e7ar a reduzir os juros j\u00e1 na pr\u00f3xima reuni\u00e3o, marcada para mar\u00e7o.<\/p>\n<p>Segundo o Copom, caso o cen\u00e1rio esperado se confirme, a flexibiliza\u00e7\u00e3o da pol\u00edtica monet\u00e1ria ter\u00e1 in\u00edcio no pr\u00f3ximo encontro, por\u00e9m o comit\u00ea ressaltou que seguir\u00e1 com medidas restritivas suficientes para garantir que a infla\u00e7\u00e3o continue convergindo para a meta estabelecida.<\/p>\n<p>O especialista em investimentos Bruno Shahini, da Nomad, destacou que a manuten\u00e7\u00e3o da Selic era esperada, mas o tom do comunicado foi mais conciliador (dovish). Para ele, a sinaliza\u00e7\u00e3o demonstra maior confian\u00e7a na trajet\u00f3ria de queda da infla\u00e7\u00e3o, mesmo com cautela diante de expectativas ainda n\u00e3o completamente estabilizadas, sugerindo que o ciclo de diminui\u00e7\u00e3o dos juros est\u00e1 pr\u00f3ximo.<\/p>\n<p>Natalie Victal, economista-chefe da SulAm\u00e9rica Investimentos, compartilha opini\u00e3o semelhante. Para ela, tanto a decis\u00e3o quanto o comunicado estiveram alinhados com as proje\u00e7\u00f5es do mercado, embora o texto tenha adotado um tom mais suave ao indicar explicitamente a perspectiva de corte dos juros na reuni\u00e3o de mar\u00e7o.<\/p>\n<p>Isso abriu espa\u00e7o para discuss\u00f5es sobre a intensidade do pr\u00f3ximo ajuste. H\u00e1 diverg\u00eancias quanto ao ritmo, com opini\u00f5es divididas entre redu\u00e7\u00e3o de 0,25 ponto percentual e 0,50 ponto percentual. Contudo, fatores como a valoriza\u00e7\u00e3o do c\u00e2mbio e dados econ\u00f4micos mais fracos em dezembro tendem a fortalecer a expectativa de um corte maior, com at\u00e9 0,50 ponto, enquanto a possibilidade de um corte de 0,75 ponto percentual tamb\u00e9m come\u00e7a a ser considerada.<\/p>\n<p>O comunicado ainda evidencia a preocupa\u00e7\u00e3o do Copom com as expectativas do mercado sobre a infla\u00e7\u00e3o. H\u00e1, na pr\u00e1tica, um equil\u00edbrio entre a exist\u00eancia de espa\u00e7o t\u00e9cnico para cortar juros e a necessidade de cautela para n\u00e3o comprometer a credibilidade do regime de metas inflacion\u00e1rias. Raphael Vieira, co-head de Investimentos da Arton Advisors, explica que o in\u00edcio da flexibiliza\u00e7\u00e3o ser\u00e1 mais uma decis\u00e3o de gest\u00e3o de risco do que uma certeza de que a infla\u00e7\u00e3o est\u00e1 totalmente controlada.<\/p>\n<p>Bruno Perri, economista-chefe e s\u00f3cio-fundador da Forum Investimento, acredita que embora o ciclo de redu\u00e7\u00e3o dos juros tenha in\u00edcio na pr\u00f3xima reuni\u00e3o, o patamar m\u00ednimo para essa etapa inicial deve permanecer elevado, situando-se em torno de 12% a 13%, ainda bastante acima de duas casas decimais.<\/p>\n<p>Do ponto de vista financeiro, Ant\u00f4nio Sanches, analista de research da Rico, observa que, mesmo com o prov\u00e1vel n\u00edvel elevado do final desse ciclo de queda da Selic, a condi\u00e7\u00e3o continua bastante favor\u00e1vel para investidores em renda fixa, especialmente para aqueles que aplicam em t\u00edtulos p\u00f3s-fixados do Tesouro Direto.<\/p>\n<p><a href=\"https:\/\/borainvestir.b3.com.br\/noticias\/copom-mantem-selic-em-15-ao-ano-mas-indica-reducao-em-marco\/\" target=\"_blank\" rel=\"noopener\">Fonte<\/a><\/p>\n","protected":false},"excerpt":{"rendered":"<p>Selic est\u00e1 est\u00e1vel em 15%, mas o Copom indica in\u00edcio de corte em mar\u00e7o, mostrando otimismo na redu\u00e7\u00e3o da infla\u00e7\u00e3o e est\u00edmulo econ\u00f4mico.<\/p>\n","protected":false},"author":1,"featured_media":3662,"comment_status":"open","ping_status":"open","sticky":false,"template":"","format":"standard","meta":{"site-sidebar-layout":"default","site-content-layout":"","ast-site-content-layout":"default","site-content-style":"default","site-sidebar-style":"default","ast-global-header-display":"","ast-banner-title-visibility":"","ast-main-header-display":"","ast-hfb-above-header-display":"","ast-hfb-below-header-display":"","ast-hfb-mobile-header-display":"","site-post-title":"","ast-breadcrumbs-content":"","ast-featured-img":"","footer-sml-layout":"","theme-transparent-header-meta":"","adv-header-id-meta":"","stick-header-meta":"","header-above-stick-meta":"","header-main-stick-meta":"","header-below-stick-meta":"","astra-migrate-meta-layouts":"default","ast-page-background-enabled":"default","ast-page-background-meta":{"desktop":{"background-color":"var(--ast-global-color-5)","background-image":"","background-repeat":"repeat","background-position":"center center","background-size":"auto","background-attachment":"scroll","background-type":"","background-media":"","overlay-type":"","overlay-color":"","overlay-opacity":"","overlay-gradient":""},"tablet":{"background-color":"","background-image":"","background-repeat":"repeat","background-position":"center center","background-size":"auto","background-attachment":"scroll","background-type":"","background-media":"","overlay-type":"","overlay-color":"","overlay-opacity":"","overlay-gradient":""},"mobile":{"background-color":"","background-image":"","background-repeat":"repeat","background-position":"center center","background-size":"auto","background-attachment":"scroll","background-type":"","background-media":"","overlay-type":"","overlay-color":"","overlay-opacity":"","overlay-gradient":""}},"ast-content-background-meta":{"desktop":{"background-color":"var(--ast-global-color-4)","background-image":"","background-repeat":"repeat","background-position":"center center","background-size":"auto","background-attachment":"scroll","background-type":"","background-media":"","overlay-type":"","overlay-color":"","overlay-opacity":"","overlay-gradient":""},"tablet":{"background-color":"var(--ast-global-color-4)","background-image":"","background-repeat":"repeat","background-position":"center center","background-size":"auto","background-attachment":"scroll","background-type":"","background-media":"","overlay-type":"","overlay-color":"","overlay-opacity":"","overlay-gradient":""},"mobile":{"background-color":"var(--ast-global-color-4)","background-image":"","background-repeat":"repeat","background-position":"center center","background-size":"auto","background-attachment":"scroll","background-type":"","background-media":"","overlay-type":"","overlay-color":"","overlay-opacity":"","overlay-gradient":""}},"footnotes":""},"categories":[1],"tags":[],"class_list":["post-3663","post","type-post","status-publish","format-standard","has-post-thumbnail","hentry","category-ultimas"],"_links":{"self":[{"href":"https:\/\/startrico.com.br\/noticias\/wp-json\/wp\/v2\/posts\/3663","targetHints":{"allow":["GET"]}}],"collection":[{"href":"https:\/\/startrico.com.br\/noticias\/wp-json\/wp\/v2\/posts"}],"about":[{"href":"https:\/\/startrico.com.br\/noticias\/wp-json\/wp\/v2\/types\/post"}],"author":[{"embeddable":true,"href":"https:\/\/startrico.com.br\/noticias\/wp-json\/wp\/v2\/users\/1"}],"replies":[{"embeddable":true,"href":"https:\/\/startrico.com.br\/noticias\/wp-json\/wp\/v2\/comments?post=3663"}],"version-history":[{"count":0,"href":"https:\/\/startrico.com.br\/noticias\/wp-json\/wp\/v2\/posts\/3663\/revisions"}],"wp:featuredmedia":[{"embeddable":true,"href":"https:\/\/startrico.com.br\/noticias\/wp-json\/wp\/v2\/media\/3662"}],"wp:attachment":[{"href":"https:\/\/startrico.com.br\/noticias\/wp-json\/wp\/v2\/media?parent=3663"}],"wp:term":[{"taxonomy":"category","embeddable":true,"href":"https:\/\/startrico.com.br\/noticias\/wp-json\/wp\/v2\/categories?post=3663"},{"taxonomy":"post_tag","embeddable":true,"href":"https:\/\/startrico.com.br\/noticias\/wp-json\/wp\/v2\/tags?post=3663"}],"curies":[{"name":"wp","href":"https:\/\/api.w.org\/{rel}","templated":true}]}}