{"id":3671,"date":"2026-01-30T07:06:04","date_gmt":"2026-01-30T10:06:04","guid":{"rendered":"https:\/\/startrico.com.br\/noticias\/lula-realiza-tour-de\/"},"modified":"2026-01-30T07:06:04","modified_gmt":"2026-01-30T10:06:04","slug":"lula-realiza-tour-de","status":"publish","type":"post","link":"https:\/\/startrico.com.br\/noticias\/lula-realiza-tour-de\/","title":{"rendered":"Lula Realiza Tour De Carnaval Em Recife, Salvador E Rio"},"content":{"rendered":"<h2>Lula realizar\u00e1 tour de carnaval por Recife, Salvador e Rio em ano eleitoral<\/h2>\n<p>O presidente Luiz In\u00e1cio Lula da Silva planeja cumprir uma agenda intensa durante o carnaval deste ano nas cidades de Recife, Salvador e Rio de Janeiro, locais estrat\u00e9gicos para sua busca por um quarto mandato. O planejamento da participa\u00e7\u00e3o do chefe do Executivo nessas cidades j\u00e1 est\u00e1 sendo organizado pelo gabinete presidencial.<\/p>\n<p>Em Recife, Lula deve estar presente no tradicional Galo da Madrugada, atendendo ao convite do prefeito Jo\u00e3o Campos (PSB). Em Salvador, ser\u00e1 o principal cabo eleitoral da chapa montada pelo PT, onde o governador Jer\u00f4nimo Rodrigues busca a reelei\u00e7\u00e3o, enfrentando ACM Neto (Uni\u00e3o). J\u00e1 na capital fluminense, Lula acompanhar\u00e1 o desfile da escola Acad\u00eamicos de Niter\u00f3i, que prestar\u00e1 uma homenagem ao presidente, evento que contar\u00e1 com a presen\u00e7a do prefeito Eduardo Paes (PSD), prov\u00e1vel seu apoiador na disputa pelo governo do estado do Rio de Janeiro.<\/p>\n<p>Esta s\u00e9rie de visitas tem dois prop\u00f3sitos principais para Lula, que tem 80 anos: reafirmar seu vigor e energia para um novo mandato e demonstrar apoio a seus aliados nas tr\u00eas capitais. No Recife, a situa\u00e7\u00e3o \u00e9 particularmente complexa, j\u00e1 que Lula mant\u00e9m la\u00e7os tanto com o prefeito Jo\u00e3o Campos quanto com a governadora Raquel Lyra (PSD), que tenta a reelei\u00e7\u00e3o e \u00e9 concorrente direta de Campos.<\/p>\n<p>A agenda detalhada do presidente em cada cidade ainda est\u00e1 sendo estruturada, com defini\u00e7\u00e3o das atividades programadas para sua participa\u00e7\u00e3o. Equipes preparat\u00f3rias t\u00eam visitado antecipadamente as tr\u00eas capitais para organizar a log\u00edstica e os compromissos da comitiva presidencial.<\/p>\n<p>Ap\u00f3s o tour durante o carnaval, Lula realizar\u00e1 uma viagem internacional de cerca de uma semana. Ele partir\u00e1 para a \u00cdndia no dia 17 de fevereiro, permanecendo at\u00e9 o dia 21. Na sequ\u00eancia, seguir\u00e1 para a Coreia do Sul, onde permanecer\u00e1 entre os dias 22 e 24 de fevereiro. Em mar\u00e7o, Lula confirmou que estar\u00e1 nos Estados Unidos para uma reuni\u00e3o com o presidente Donald Trump em Washington.<\/p>\n<p><a href=\"https:\/\/www.infomoney.com.br\/politica\/lula-fara-tour-de-carnaval-por-recife-salvador-e-rio-em-ano-eleitoral\/\" target=\"_blank\" rel=\"noopener\">Fonte<\/a><\/p>\n","protected":false},"excerpt":{"rendered":"<p>Lula tour de carnaval mobiliza Recife, Salvador e Rio, fortalecendo sua imagem e apoiando aliados em ano eleitoral decisivo.<\/p>\n","protected":false},"author":1,"featured_media":3670,"comment_status":"open","ping_status":"open","sticky":false,"template":"","format":"standard","meta":{"site-sidebar-layout":"default","site-content-layout":"","ast-site-content-layout":"default","site-content-style":"default","site-sidebar-style":"default","ast-global-header-display":"","ast-banner-title-visibility":"","ast-main-header-display":"","ast-hfb-above-header-display":"","ast-hfb-below-header-display":"","ast-hfb-mobile-header-display":"","site-post-title":"","ast-breadcrumbs-content":"","ast-featured-img":"","footer-sml-layout":"","theme-transparent-header-meta":"","adv-header-id-meta":"","stick-header-meta":"","header-above-stick-meta":"","header-main-stick-meta":"","header-below-stick-meta":"","astra-migrate-meta-layouts":"default","ast-page-background-enabled":"default","ast-page-background-meta":{"desktop":{"background-color":"var(--ast-global-color-5)","background-image":"","background-repeat":"repeat","background-position":"center center","background-size":"auto","background-attachment":"scroll","background-type":"","background-media":"","overlay-type":"","overlay-color":"","overlay-opacity":"","overlay-gradient":""},"tablet":{"background-color":"","background-image":"","background-repeat":"repeat","background-position":"center center","background-size":"auto","background-attachment":"scroll","background-type":"","background-media":"","overlay-type":"","overlay-color":"","overlay-opacity":"","overlay-gradient":""},"mobile":{"background-color":"","background-image":"","background-repeat":"repeat","background-position":"center center","background-size":"auto","background-attachment":"scroll","background-type":"","background-media":"","overlay-type":"","overlay-color":"","overlay-opacity":"","overlay-gradient":""}},"ast-content-background-meta":{"desktop":{"background-color":"var(--ast-global-color-4)","background-image":"","background-repeat":"repeat","background-position":"center center","background-size":"auto","background-attachment":"scroll","background-type":"","background-media":"","overlay-type":"","overlay-color":"","overlay-opacity":"","overlay-gradient":""},"tablet":{"background-color":"var(--ast-global-color-4)","background-image":"","background-repeat":"repeat","background-position":"center center","background-size":"auto","background-attachment":"scroll","background-type":"","background-media":"","overlay-type":"","overlay-color":"","overlay-opacity":"","overlay-gradient":""},"mobile":{"background-color":"var(--ast-global-color-4)","background-image":"","background-repeat":"repeat","background-position":"center center","background-size":"auto","background-attachment":"scroll","background-type":"","background-media":"","overlay-type":"","overlay-color":"","overlay-opacity":"","overlay-gradient":""}},"footnotes":""},"categories":[1],"tags":[],"class_list":["post-3671","post","type-post","status-publish","format-standard","has-post-thumbnail","hentry","category-ultimas"],"_links":{"self":[{"href":"https:\/\/startrico.com.br\/noticias\/wp-json\/wp\/v2\/posts\/3671","targetHints":{"allow":["GET"]}}],"collection":[{"href":"https:\/\/startrico.com.br\/noticias\/wp-json\/wp\/v2\/posts"}],"about":[{"href":"https:\/\/startrico.com.br\/noticias\/wp-json\/wp\/v2\/types\/post"}],"author":[{"embeddable":true,"href":"https:\/\/startrico.com.br\/noticias\/wp-json\/wp\/v2\/users\/1"}],"replies":[{"embeddable":true,"href":"https:\/\/startrico.com.br\/noticias\/wp-json\/wp\/v2\/comments?post=3671"}],"version-history":[{"count":0,"href":"https:\/\/startrico.com.br\/noticias\/wp-json\/wp\/v2\/posts\/3671\/revisions"}],"wp:featuredmedia":[{"embeddable":true,"href":"https:\/\/startrico.com.br\/noticias\/wp-json\/wp\/v2\/media\/3670"}],"wp:attachment":[{"href":"https:\/\/startrico.com.br\/noticias\/wp-json\/wp\/v2\/media?parent=3671"}],"wp:term":[{"taxonomy":"category","embeddable":true,"href":"https:\/\/startrico.com.br\/noticias\/wp-json\/wp\/v2\/categories?post=3671"},{"taxonomy":"post_tag","embeddable":true,"href":"https:\/\/startrico.com.br\/noticias\/wp-json\/wp\/v2\/tags?post=3671"}],"curies":[{"name":"wp","href":"https:\/\/api.w.org\/{rel}","templated":true}]}}