{"id":3675,"date":"2026-01-30T07:16:35","date_gmt":"2026-01-30T10:16:35","guid":{"rendered":"https:\/\/startrico.com.br\/noticias\/estrategia-moura-dubeux-foca\/"},"modified":"2026-01-30T07:16:35","modified_gmt":"2026-01-30T10:16:35","slug":"estrategia-moura-dubeux-foca","status":"publish","type":"post","link":"https:\/\/startrico.com.br\/noticias\/estrategia-moura-dubeux-foca\/","title":{"rendered":"Estrat\u00e9gia Moura Dubeux Foca No Minha Casa Minha Vida"},"content":{"rendered":"<h2>A nova estrat\u00e9gia da Moura Dubeux (MDNE3) com foco no Minha Casa, Minha Vida, segundo a diretora comercial<\/h2>\n<p>A Moura Dubeux (MDNE3) implementou uma estrat\u00e9gia corporativa importante ao criar a MDNE \u2013 Moura Dubeux Neg\u00f3cios de Excel\u00eancia \u2013, que funciona como a empresa-m\u00e3e do grupo, reunindo suas tr\u00eas principais marcas sob uma \u00fanica identidade corporativa.<\/p>\n<p>Conforme revelou a diretora comercial da empresa, Eduarda Dubeux, a motiva\u00e7\u00e3o principal para essa reestrutura\u00e7\u00e3o foi o lan\u00e7amento da \u00dan1ca, uma unidade de neg\u00f3cios voltada ao segmento econ\u00f4mico do setor imobili\u00e1rio.<\/p>\n<p>Ela explicou que, ao desenvolver a \u00dan1ca, eles perceberam que o produto n\u00e3o se encaixava nas marcas j\u00e1 existentes, Moura Dubeux e Mood. Por isso, sentiram a necessidade de criar uma marca corporativa que representasse o grupo como um todo, permitindo que cada uma das frentes trabalhasse de forma mais espec\u00edfica, sem misturar o posicionamento e o p\u00fablico-alvo.<\/p>\n<p>Com essa mudan\u00e7a, o portf\u00f3lio da empresa deve ser mais claramente segmentado, tanto para o mercado quanto para os consumidores:<\/p>\n<ul class=\"myul\">\n<li><strong>Moura Dubeux<\/strong>: direcionada para o alto padr\u00e3o e o segmento de luxo;<\/li>\n<li><strong>Mood<\/strong>: focada na classe m\u00e9dia;<\/li>\n<li><strong>\u00dan1ca<\/strong>: dedicada ao segmento econ\u00f4mico, com destaque para o programa Minha Casa, Minha Vida (MCMV).<\/li>\n<\/ul>\n<h3>Preserva\u00e7\u00e3o do posicionamento das marcas<\/h3>\n<p>A diretora comercial destacou que a reorganiza\u00e7\u00e3o tamb\u00e9m visa evitar confus\u00f5es na mente do consumidor final. Sem a consolida\u00e7\u00e3o das tr\u00eas marcas sob uma empresa-m\u00e3e, um cliente que adquire um im\u00f3vel econ\u00f4mico poderia associ\u00e1-lo diretamente \u00e0 Moura Dubeux, o que poderia desvalorizar a imagem da marca que se posiciona no segmento de luxo.<\/p>\n<p>Eduarda ressaltou que esse modelo segue exemplos j\u00e1 adotados por outras incorporadoras listadas na bolsa, como MRV&#038;Co, Cyrela e Direcional \u2013 essa \u00faltima parceira da Moura Dubeux em uma joint venture para desenvolvimento de empreendimentos do programa Minha Casa, Minha Vida.<\/p>\n<p>Por exemplo, a MRV&#038;Co integra diversas marcas focadas em diferentes segmentos do mercado imobili\u00e1rio, como MRV para im\u00f3veis econ\u00f4micos, Sensia para m\u00e9dio e alto padr\u00e3o, Luggo para aluguel, Urba para loteamentos e Resia para opera\u00e7\u00f5es nos Estados Unidos. J\u00e1 o Grupo Direcional atua principalmente com a Direcional Engenharia, especializada em habita\u00e7\u00e3o popular, e a Riva Incorporadora, voltada \u00e0 classe m\u00e9dia.<\/p>\n<p>Antes da mudan\u00e7a, corretores que vendiam im\u00f3veis econ\u00f4micos da \u00dan1ca costumavam associ\u00e1-los \u00e0 Moura Dubeux, o que gerava certa confus\u00e3o. Agora, a \u00dan1ca passa a ser um produto da MDNE, empresa-m\u00e3e, enquanto Moura Dubeux se mant\u00e9m como a marca comercial voltada ao luxo. O estudo para a reestrutura\u00e7\u00e3o teve in\u00edcio em outubro de 2024.<\/p>\n<p>Cada marca com nova miss\u00e3o definida: Moura Dubeux busca entregar uma experi\u00eancia memor\u00e1vel; Mood prioriza produtos inteligentes; e \u00dan1ca simboliza a realiza\u00e7\u00e3o da casa pr\u00f3pria.<\/p>\n<h3>Opera\u00e7\u00e3o mais eficiente sem aumento de custos<\/h3>\n<p>A executiva frisou que, neste momento, a cria\u00e7\u00e3o da MDNE n\u00e3o tem foco na redu\u00e7\u00e3o direta de custos financeiros. O grande benef\u00edcio est\u00e1 na efici\u00eancia operacional, uma vez que a estrutura administrativa j\u00e1 atende \u00e0s tr\u00eas unidades.<\/p>\n<p>Ela afirmou que as equipes da Mood e da Moura Dubeux j\u00e1 trabalham praticamente integradas e que essa estrutura agora tamb\u00e9m dar\u00e1 suporte \u00e0 \u00dan1ca, evitando a necessidade de um aumento significativo do quadro de funcion\u00e1rios.<\/p>\n<h3>Investimentos na expans\u00e3o do Minha Casa, Minha Vida<\/h3>\n<p>A MDNE ganhou aten\u00e7\u00e3o recentemente ap\u00f3s captar R$ 482,6 milh\u00f5es com a emiss\u00e3o de 19,3 milh\u00f5es de novas a\u00e7\u00f5es ordin\u00e1rias em uma oferta p\u00fablica. A meta inicial era levantar R$ 250 milh\u00f5es, mas a forte demanda, especialmente de investidores estrangeiros que adquiriram 6,3 milh\u00f5es de pap\u00e9is, permitiu ampliar o montante captado.<\/p>\n<p>Eduarda explicou que os recursos n\u00e3o ser\u00e3o aplicados na estrutura corporativa da empresa-m\u00e3e, mas sim destinados para acelerar a expans\u00e3o da marca \u00dan1ca, principalmente em parceria com a Direcional, considerando o momento favor\u00e1vel do programa Minha Casa, Minha Vida no pa\u00eds.<\/p>\n<p>Atualmente, h\u00e1 estudos para aquisi\u00e7\u00e3o de terrenos em capitais do Nordeste, como Salvador, Fortaleza, Recife, Macei\u00f3 e Natal, com o objetivo de expandir a atua\u00e7\u00e3o do grupo no segmento de baixa renda.<\/p>\n<h3>Contexto do mercado habitacional<\/h3>\n<p>Essa estrat\u00e9gia ocorre em meio a um cen\u00e1rio positivo para o programa habitacional. Entre 2023 e 2025, o governo federal contratou 2,1 milh\u00f5es de unidades por meio do Minha Casa, Minha Vida, com o Sudeste sendo a regi\u00e3o com maior n\u00famero, 870,5 mil unidades, seguida pelo Nordeste, onde a Moura Dubeux atua intensamente, com 557,3 mil unidades contratadas.<\/p>\n<p>Dados do Instituto de Pesquisas Econ\u00f4micas (Fipe) indicam que o mercado imobili\u00e1rio atingiu um recorde hist\u00f3rico de lan\u00e7amentos em 2025, impulsionado principalmente pelo avan\u00e7o nos projetos do MCMV.<\/p>\n<p>At\u00e9 outubro do ano passado, os lan\u00e7amentos cresceram 34,6% em rela\u00e7\u00e3o a 2024, com os im\u00f3veis vinculados ao programa popular da habita\u00e7\u00e3o apresentando expans\u00e3o de 38,6%.<\/p>\n<p><a href=\"https:\/\/www.moneytimes.com.br\/a-nova-estrategia-da-moura-dubeux-mdne3-e-o-foco-no-mcmv-segundo-a-diretora-comercial-igdl\/\" target=\"_blank\" rel=\"noopener\">Fonte<\/a><\/p>\n","protected":false},"excerpt":{"rendered":"<p>Minha Casa Minha Vida guia a estrat\u00e9gia da Moura Dubeux, aprimorando atua\u00e7\u00e3o no segmento econ\u00f4mico com a nova marca \u00dan1ca.<\/p>\n","protected":false},"author":1,"featured_media":3674,"comment_status":"open","ping_status":"open","sticky":false,"template":"","format":"standard","meta":{"site-sidebar-layout":"default","site-content-layout":"","ast-site-content-layout":"default","site-content-style":"default","site-sidebar-style":"default","ast-global-header-display":"","ast-banner-title-visibility":"","ast-main-header-display":"","ast-hfb-above-header-display":"","ast-hfb-below-header-display":"","ast-hfb-mobile-header-display":"","site-post-title":"","ast-breadcrumbs-content":"","ast-featured-img":"","footer-sml-layout":"","theme-transparent-header-meta":"","adv-header-id-meta":"","stick-header-meta":"","header-above-stick-meta":"","header-main-stick-meta":"","header-below-stick-meta":"","astra-migrate-meta-layouts":"default","ast-page-background-enabled":"default","ast-page-background-meta":{"desktop":{"background-color":"var(--ast-global-color-5)","background-image":"","background-repeat":"repeat","background-position":"center center","background-size":"auto","background-attachment":"scroll","background-type":"","background-media":"","overlay-type":"","overlay-color":"","overlay-opacity":"","overlay-gradient":""},"tablet":{"background-color":"","background-image":"","background-repeat":"repeat","background-position":"center center","background-size":"auto","background-attachment":"scroll","background-type":"","background-media":"","overlay-type":"","overlay-color":"","overlay-opacity":"","overlay-gradient":""},"mobile":{"background-color":"","background-image":"","background-repeat":"repeat","background-position":"center center","background-size":"auto","background-attachment":"scroll","background-type":"","background-media":"","overlay-type":"","overlay-color":"","overlay-opacity":"","overlay-gradient":""}},"ast-content-background-meta":{"desktop":{"background-color":"var(--ast-global-color-4)","background-image":"","background-repeat":"repeat","background-position":"center center","background-size":"auto","background-attachment":"scroll","background-type":"","background-media":"","overlay-type":"","overlay-color":"","overlay-opacity":"","overlay-gradient":""},"tablet":{"background-color":"var(--ast-global-color-4)","background-image":"","background-repeat":"repeat","background-position":"center center","background-size":"auto","background-attachment":"scroll","background-type":"","background-media":"","overlay-type":"","overlay-color":"","overlay-opacity":"","overlay-gradient":""},"mobile":{"background-color":"var(--ast-global-color-4)","background-image":"","background-repeat":"repeat","background-position":"center center","background-size":"auto","background-attachment":"scroll","background-type":"","background-media":"","overlay-type":"","overlay-color":"","overlay-opacity":"","overlay-gradient":""}},"footnotes":""},"categories":[1],"tags":[],"class_list":["post-3675","post","type-post","status-publish","format-standard","has-post-thumbnail","hentry","category-ultimas"],"_links":{"self":[{"href":"https:\/\/startrico.com.br\/noticias\/wp-json\/wp\/v2\/posts\/3675","targetHints":{"allow":["GET"]}}],"collection":[{"href":"https:\/\/startrico.com.br\/noticias\/wp-json\/wp\/v2\/posts"}],"about":[{"href":"https:\/\/startrico.com.br\/noticias\/wp-json\/wp\/v2\/types\/post"}],"author":[{"embeddable":true,"href":"https:\/\/startrico.com.br\/noticias\/wp-json\/wp\/v2\/users\/1"}],"replies":[{"embeddable":true,"href":"https:\/\/startrico.com.br\/noticias\/wp-json\/wp\/v2\/comments?post=3675"}],"version-history":[{"count":0,"href":"https:\/\/startrico.com.br\/noticias\/wp-json\/wp\/v2\/posts\/3675\/revisions"}],"wp:featuredmedia":[{"embeddable":true,"href":"https:\/\/startrico.com.br\/noticias\/wp-json\/wp\/v2\/media\/3674"}],"wp:attachment":[{"href":"https:\/\/startrico.com.br\/noticias\/wp-json\/wp\/v2\/media?parent=3675"}],"wp:term":[{"taxonomy":"category","embeddable":true,"href":"https:\/\/startrico.com.br\/noticias\/wp-json\/wp\/v2\/categories?post=3675"},{"taxonomy":"post_tag","embeddable":true,"href":"https:\/\/startrico.com.br\/noticias\/wp-json\/wp\/v2\/tags?post=3675"}],"curies":[{"name":"wp","href":"https:\/\/api.w.org\/{rel}","templated":true}]}}