{"id":3689,"date":"2026-01-30T07:56:20","date_gmt":"2026-01-30T10:56:20","guid":{"rendered":"https:\/\/startrico.com.br\/noticias\/brasil-alcanca-crescimento-moderado\/"},"modified":"2026-01-30T07:56:20","modified_gmt":"2026-01-30T10:56:20","slug":"brasil-alcanca-crescimento-moderado","status":"publish","type":"post","link":"https:\/\/startrico.com.br\/noticias\/brasil-alcanca-crescimento-moderado\/","title":{"rendered":"Brasil Alcan\u00e7a Crescimento Moderado na Gera\u00e7\u00e3o de Empregos Formais"},"content":{"rendered":"<h2>Brasil gera 1,2 milh\u00e3o de empregos formais em 2025, menor aumento desde 2020<\/h2>\n<p>De acordo com informa\u00e7\u00f5es divulgadas pelo Minist\u00e9rio do Trabalho e Emprego (MTE), o n\u00famero de contratos com carteira assinada no Brasil apresentou um crescimento de 2,71% ao longo de 2025, com o total de trabalhadores ativos saltando de 47,19 milh\u00f5es para 48,47 milh\u00f5es entre janeiro e dezembro.<\/p>\n<p>Conforme o novo balan\u00e7o do Caged, foram criadas 1.279.498 vagas formais em 2025, resultado do registro de 26,59 milh\u00f5es de admiss\u00f5es e 25,32 milh\u00f5es de desligamentos durante o ano. Esse desempenho representa o menor saldo positivo de empregos formais desde 2020, ano marcado pelo impacto da pandemia de Covid-19, quando houve queda nas contrata\u00e7\u00f5es.<\/p>\n<h3>Expans\u00e3o em todas as regi\u00f5es e estados<\/h3>\n<p>O crescimento no n\u00famero de empregos com carteira foi observado em todas as cinco regi\u00f5es brasileiras e nas 27 unidades federativas, conforme o levantamento anual.<\/p>\n<h3>Setores que mais cresceram<\/h3>\n<p>Ao analisar os setores, todas as cinco principais atividades econ\u00f4micas fecharam 2025 com saldo positivo. O destaque maior ficou para o setor de Servi\u00e7os, que abriu 758.355 vagas, um aumento de 3,29%. O Com\u00e9rcio tamb\u00e9m teve crescimento, com 247.097 novos empregos, correspondendo a 2,3% de alta.<\/p>\n<p>Dentro do setor de Servi\u00e7os, as \u00e1reas que mais contribu\u00edram foram as ligadas a informa\u00e7\u00e3o, comunica\u00e7\u00e3o, atividades financeiras, imobili\u00e1rias, profissionais e administrativas, que totalizaram 318.460 novos postos (+3,12%). Al\u00e9m disso, os segmentos relacionados \u00e0 administra\u00e7\u00e3o p\u00fablica, educa\u00e7\u00e3o, sa\u00fade e servi\u00e7os sociais somaram 194.903 vagas (+3,12%).<\/p>\n<p>A Ind\u00fastria registrou um incremento de 144.319 empregos formais, representando 1,6% de crescimento, enquanto a Constru\u00e7\u00e3o Civil abriu 87.878 vagas adicionais (+3,1%). O setor Agropecu\u00e1rio tamb\u00e9m apresentou expans\u00e3o, com um saldo positivo de 41.870 novos empregos, equivalente a 2,3%.<\/p>\n<p>Entretanto, em dezembro, tradicionalmente m\u00eas de retra\u00e7\u00e3o no mercado formal, todos esses setores tiveram saldo negativo: Servi\u00e7os perdeu cerca de 280,8 mil postos, Ind\u00fastria 135 mil e Constru\u00e7\u00e3o 104 mil vagas.<\/p>\n<h3>Informa\u00e7\u00f5es salariais<\/h3>\n<p>O sal\u00e1rio m\u00e9dio real dos trabalhadores admitidos em dezembro ficou em R$ 2.303,78. Embora tenha ocorrido uma pequena queda em rela\u00e7\u00e3o a novembro, comparado ao mesmo m\u00eas do ano anterior, houve uma alta real de 2,55%.<\/p>\n<h3>Regi\u00f5es com maior gera\u00e7\u00e3o de empregos<\/h3>\n<p>O Sudeste liderou a cria\u00e7\u00e3o de vagas formais em 2025, com um saldo anual de 504.970 postos, representando um crescimento de 2,10%. Na sequ\u00eancia v\u00eam o Nordeste, com 347.940 empregos abertos (+4,38%), e o Sul, com 186.120 vagas (+2,16%). O Centro-Oeste registrou 149.530 novos empregos (+3,56%) e o Norte apresentou um aumento de 90.610 postos (+3,81%).<\/p>\n<h3>Estados com maiores n\u00fameros de contrata\u00e7\u00f5es<\/h3>\n<p>S\u00e3o Paulo se manteve como o estado com o maior volume absoluto de postos de trabalho criados, registrando 311.228 v\u00ednculos formais a mais, um avan\u00e7o de 2,17%. Rio de Janeiro e Bahia ficaram em segundo e terceiro lugares, com, respectivamente, 100.920 empregos criados (+2,60%) e 94.380 (+4,41%).<\/p>\n<p>As maiores taxas proporcionais de crescimento foram observadas no Amap\u00e1 (+8,41%), Para\u00edba (+6,03%) e Piau\u00ed (+5,81%).<\/p>\n<h3>Saldo negativo em dezembro<\/h3>\n<p>Em dezembro, foi registrado um fechamento l\u00edquido de 618.164 vagas formais, um comportamento comum para esse m\u00eas do ano. A redu\u00e7\u00e3o atingiu tanto homens (-348,4 mil) quanto mulheres (-269,7 mil). Os estados com as maiores baixas foram S\u00e3o Paulo (-224,2 mil), Minas Gerais (-72,7 mil) e Paran\u00e1 (-51 mil).<\/p>\n<p><a href=\"https:\/\/exame.com\/economia\/brasil-cria-12-milhao-de-empregos-formais-em-2025-menor-saldo-desde-2020\/\" target=\"_blank\" rel=\"noopener\">Fonte<\/a><\/p>\n","protected":false},"excerpt":{"rendered":"<p>Empregos formais no Brasil cresceram 2,71% com 1,2 milh\u00e3o de vagas, menor alta desde 2020, mostrando expans\u00e3o em todos os setores e regi\u00f5es.<\/p>\n","protected":false},"author":1,"featured_media":3688,"comment_status":"open","ping_status":"open","sticky":false,"template":"","format":"standard","meta":{"site-sidebar-layout":"default","site-content-layout":"","ast-site-content-layout":"default","site-content-style":"default","site-sidebar-style":"default","ast-global-header-display":"","ast-banner-title-visibility":"","ast-main-header-display":"","ast-hfb-above-header-display":"","ast-hfb-below-header-display":"","ast-hfb-mobile-header-display":"","site-post-title":"","ast-breadcrumbs-content":"","ast-featured-img":"","footer-sml-layout":"","theme-transparent-header-meta":"","adv-header-id-meta":"","stick-header-meta":"","header-above-stick-meta":"","header-main-stick-meta":"","header-below-stick-meta":"","astra-migrate-meta-layouts":"default","ast-page-background-enabled":"default","ast-page-background-meta":{"desktop":{"background-color":"var(--ast-global-color-5)","background-image":"","background-repeat":"repeat","background-position":"center center","background-size":"auto","background-attachment":"scroll","background-type":"","background-media":"","overlay-type":"","overlay-color":"","overlay-opacity":"","overlay-gradient":""},"tablet":{"background-color":"","background-image":"","background-repeat":"repeat","background-position":"center center","background-size":"auto","background-attachment":"scroll","background-type":"","background-media":"","overlay-type":"","overlay-color":"","overlay-opacity":"","overlay-gradient":""},"mobile":{"background-color":"","background-image":"","background-repeat":"repeat","background-position":"center center","background-size":"auto","background-attachment":"scroll","background-type":"","background-media":"","overlay-type":"","overlay-color":"","overlay-opacity":"","overlay-gradient":""}},"ast-content-background-meta":{"desktop":{"background-color":"var(--ast-global-color-4)","background-image":"","background-repeat":"repeat","background-position":"center center","background-size":"auto","background-attachment":"scroll","background-type":"","background-media":"","overlay-type":"","overlay-color":"","overlay-opacity":"","overlay-gradient":""},"tablet":{"background-color":"var(--ast-global-color-4)","background-image":"","background-repeat":"repeat","background-position":"center center","background-size":"auto","background-attachment":"scroll","background-type":"","background-media":"","overlay-type":"","overlay-color":"","overlay-opacity":"","overlay-gradient":""},"mobile":{"background-color":"var(--ast-global-color-4)","background-image":"","background-repeat":"repeat","background-position":"center center","background-size":"auto","background-attachment":"scroll","background-type":"","background-media":"","overlay-type":"","overlay-color":"","overlay-opacity":"","overlay-gradient":""}},"footnotes":""},"categories":[1],"tags":[],"class_list":["post-3689","post","type-post","status-publish","format-standard","has-post-thumbnail","hentry","category-ultimas"],"_links":{"self":[{"href":"https:\/\/startrico.com.br\/noticias\/wp-json\/wp\/v2\/posts\/3689","targetHints":{"allow":["GET"]}}],"collection":[{"href":"https:\/\/startrico.com.br\/noticias\/wp-json\/wp\/v2\/posts"}],"about":[{"href":"https:\/\/startrico.com.br\/noticias\/wp-json\/wp\/v2\/types\/post"}],"author":[{"embeddable":true,"href":"https:\/\/startrico.com.br\/noticias\/wp-json\/wp\/v2\/users\/1"}],"replies":[{"embeddable":true,"href":"https:\/\/startrico.com.br\/noticias\/wp-json\/wp\/v2\/comments?post=3689"}],"version-history":[{"count":0,"href":"https:\/\/startrico.com.br\/noticias\/wp-json\/wp\/v2\/posts\/3689\/revisions"}],"wp:featuredmedia":[{"embeddable":true,"href":"https:\/\/startrico.com.br\/noticias\/wp-json\/wp\/v2\/media\/3688"}],"wp:attachment":[{"href":"https:\/\/startrico.com.br\/noticias\/wp-json\/wp\/v2\/media?parent=3689"}],"wp:term":[{"taxonomy":"category","embeddable":true,"href":"https:\/\/startrico.com.br\/noticias\/wp-json\/wp\/v2\/categories?post=3689"},{"taxonomy":"post_tag","embeddable":true,"href":"https:\/\/startrico.com.br\/noticias\/wp-json\/wp\/v2\/tags?post=3689"}],"curies":[{"name":"wp","href":"https:\/\/api.w.org\/{rel}","templated":true}]}}