{"id":3739,"date":"2026-02-03T07:11:09","date_gmt":"2026-02-03T10:11:09","guid":{"rendered":"https:\/\/startrico.com.br\/noticias\/3739-2\/"},"modified":"2026-02-03T07:11:09","modified_gmt":"2026-02-03T10:11:09","slug":"3739-2","status":"publish","type":"post","link":"https:\/\/startrico.com.br\/noticias\/3739-2\/","title":{"rendered":""},"content":{"rendered":"<h2>Press\u00e3o, desgaste emocional e pouco reconhecimento: como os brasileiros se sentem no trabalho<\/h2>\n<p>De acordo com a pesquisa Work Relationship Index realizada pela HP, apenas 29% dos trabalhadores brasileiros consideram possuir uma rela\u00e7\u00e3o saud\u00e1vel com o trabalho. O estudo revela que a maioria dos profissionais enfrenta um ambiente de constantes press\u00f5es, altas demandas e sintonia limitada de reconhecimento.<\/p>\n<p>A an\u00e1lise classifica os funcion\u00e1rios em tr\u00eas grupos: &#8220;Zona Saud\u00e1vel&#8221;, &#8220;Zona de Aten\u00e7\u00e3o&#8221; e &#8220;Zona Cr\u00edtica&#8221;. O pa\u00eds apresenta um \u00edndice elevado na &#8220;Zona Cr\u00edtica&#8221;, com 34% dos trabalhadores, representando um aumento de 9% em rela\u00e7\u00e3o a 2024, refletindo um crescimento no desgaste emocional.<\/p>\n<p>Mais da metade dos entrevistados sente que as exig\u00eancias aumentaram sem o correspondente reconhecimento, enquanto 39% percebem que as empresas d\u00e3o prioridade ao lucro em detrimento do bem-estar dos seus colaboradores. Al\u00e9m disso, 68% dos profissionais desejam passar menos dias trabalhando presencialmente, indicando uma busca por maior flexibilidade, que muitas organiza\u00e7\u00f5es ainda n\u00e3o oferecem de forma satisfat\u00f3ria.<\/p>\n<h2>O papel da tecnologia e da intelig\u00eancia artificial no ambiente profissional<\/h2>\n<p>A tecnologia surge como uma ferramenta crucial para aliviar os desgastes do trabalho cotidiano. Para 88% dos brasileiros, o uso de recursos digitais facilita o equil\u00edbrio entre vida pessoal e profissional, ajudando na organiza\u00e7\u00e3o das tarefas e no gerenciamento do tempo.<\/p>\n<p>Al\u00e9m disso, o emprego da intelig\u00eancia artificial est\u00e1 cada vez mais incorporado \u00e0s rotinas laborais, com 90% dos profissionais utilizando algum tipo de IA em suas atividades no Brasil. No entanto, o acesso e a capacita\u00e7\u00e3o ainda est\u00e3o restritos, com maior frequ\u00eancia de uso entre l\u00edderes e gestores de TI (49%), enquanto apenas 25% dos funcion\u00e1rios de escrit\u00f3rio t\u00eam acesso di\u00e1rio \u00e0 tecnologia.<\/p>\n<p>Tamb\u00e9m houve uma redu\u00e7\u00e3o na oferta de treinamentos adequados para o uso da IA, caindo de 79% em 2024 para 67% em 2025. Contudo, a pesquisa destaca que o uso cont\u00ednuo da intelig\u00eancia artificial est\u00e1 associado a uma melhor experi\u00eancia e satisfa\u00e7\u00e3o no trabalho, principalmente entre aqueles que se encontram na &#8220;Zona Saud\u00e1vel&#8221;.<\/p>\n<h2>A press\u00e3o \u00e9 maior entre os jovens e o impacto nas novas gera\u00e7\u00f5es<\/h2>\n<p>O desgaste laboral \u00e9 especialmente sentido pela Gera\u00e7\u00e3o Z, que demonstra prioridades diferentes em rela\u00e7\u00e3o \u00e0s gera\u00e7\u00f5es anteriores. O estudo indica que 90% desses jovens estariam dispostos a receber menor remunera\u00e7\u00e3o se pudessem desfrutar de maior autonomia, flexibilidade e acesso \u00e0 tecnologia no seu ambiente de trabalho.<\/p>\n<p>Dentre esses profissionais, 57% j\u00e1 possuem uma fonte de renda adicional, estrat\u00e9gia adotada para complementar a remunera\u00e7\u00e3o e para aumentar o controle sobre seu tempo, refletindo tanto a press\u00e3o financeira quanto a insatisfa\u00e7\u00e3o com os modelos tradicionais de trabalho.<\/p>\n<p>Por outro lado, a conviv\u00eancia entre diferentes gera\u00e7\u00f5es nas empresas \u00e9 vista como positiva, facilitando a troca de conhecimentos, principalmente no aprendizado de novas tecnologias e na constru\u00e7\u00e3o de culturas mais colaborativas e flex\u00edveis.<\/p>\n<p><a href=\"https:\/\/g1.globo.com\/trabalho-e-carreira\/noticia\/2026\/02\/03\/pesquisa-mostra-como-os-brasileiros-se-sentem-no-trabalho.ghtml\" target=\"_blank\" rel=\"noopener\">Fonte<\/a><\/p>\n","protected":false},"excerpt":{"rendered":"<p>Press\u00e3o, desgaste emocional e pouco reconhecimento: como os brasileiros se sentem no trabalho De acordo com a pesquisa Work Relationship [&hellip;]<\/p>\n","protected":false},"author":1,"featured_media":3738,"comment_status":"open","ping_status":"open","sticky":false,"template":"","format":"standard","meta":{"site-sidebar-layout":"default","site-content-layout":"","ast-site-content-layout":"default","site-content-style":"default","site-sidebar-style":"default","ast-global-header-display":"","ast-banner-title-visibility":"","ast-main-header-display":"","ast-hfb-above-header-display":"","ast-hfb-below-header-display":"","ast-hfb-mobile-header-display":"","site-post-title":"","ast-breadcrumbs-content":"","ast-featured-img":"","footer-sml-layout":"","theme-transparent-header-meta":"","adv-header-id-meta":"","stick-header-meta":"","header-above-stick-meta":"","header-main-stick-meta":"","header-below-stick-meta":"","astra-migrate-meta-layouts":"default","ast-page-background-enabled":"default","ast-page-background-meta":{"desktop":{"background-color":"var(--ast-global-color-5)","background-image":"","background-repeat":"repeat","background-position":"center center","background-size":"auto","background-attachment":"scroll","background-type":"","background-media":"","overlay-type":"","overlay-color":"","overlay-opacity":"","overlay-gradient":""},"tablet":{"background-color":"","background-image":"","background-repeat":"repeat","background-position":"center center","background-size":"auto","background-attachment":"scroll","background-type":"","background-media":"","overlay-type":"","overlay-color":"","overlay-opacity":"","overlay-gradient":""},"mobile":{"background-color":"","background-image":"","background-repeat":"repeat","background-position":"center center","background-size":"auto","background-attachment":"scroll","background-type":"","background-media":"","overlay-type":"","overlay-color":"","overlay-opacity":"","overlay-gradient":""}},"ast-content-background-meta":{"desktop":{"background-color":"var(--ast-global-color-4)","background-image":"","background-repeat":"repeat","background-position":"center center","background-size":"auto","background-attachment":"scroll","background-type":"","background-media":"","overlay-type":"","overlay-color":"","overlay-opacity":"","overlay-gradient":""},"tablet":{"background-color":"var(--ast-global-color-4)","background-image":"","background-repeat":"repeat","background-position":"center center","background-size":"auto","background-attachment":"scroll","background-type":"","background-media":"","overlay-type":"","overlay-color":"","overlay-opacity":"","overlay-gradient":""},"mobile":{"background-color":"var(--ast-global-color-4)","background-image":"","background-repeat":"repeat","background-position":"center center","background-size":"auto","background-attachment":"scroll","background-type":"","background-media":"","overlay-type":"","overlay-color":"","overlay-opacity":"","overlay-gradient":""}},"footnotes":""},"categories":[1],"tags":[],"class_list":["post-3739","post","type-post","status-publish","format-standard","has-post-thumbnail","hentry","category-ultimas"],"_links":{"self":[{"href":"https:\/\/startrico.com.br\/noticias\/wp-json\/wp\/v2\/posts\/3739","targetHints":{"allow":["GET"]}}],"collection":[{"href":"https:\/\/startrico.com.br\/noticias\/wp-json\/wp\/v2\/posts"}],"about":[{"href":"https:\/\/startrico.com.br\/noticias\/wp-json\/wp\/v2\/types\/post"}],"author":[{"embeddable":true,"href":"https:\/\/startrico.com.br\/noticias\/wp-json\/wp\/v2\/users\/1"}],"replies":[{"embeddable":true,"href":"https:\/\/startrico.com.br\/noticias\/wp-json\/wp\/v2\/comments?post=3739"}],"version-history":[{"count":0,"href":"https:\/\/startrico.com.br\/noticias\/wp-json\/wp\/v2\/posts\/3739\/revisions"}],"wp:featuredmedia":[{"embeddable":true,"href":"https:\/\/startrico.com.br\/noticias\/wp-json\/wp\/v2\/media\/3738"}],"wp:attachment":[{"href":"https:\/\/startrico.com.br\/noticias\/wp-json\/wp\/v2\/media?parent=3739"}],"wp:term":[{"taxonomy":"category","embeddable":true,"href":"https:\/\/startrico.com.br\/noticias\/wp-json\/wp\/v2\/categories?post=3739"},{"taxonomy":"post_tag","embeddable":true,"href":"https:\/\/startrico.com.br\/noticias\/wp-json\/wp\/v2\/tags?post=3739"}],"curies":[{"name":"wp","href":"https:\/\/api.w.org\/{rel}","templated":true}]}}