{"id":3741,"date":"2026-02-03T07:16:17","date_gmt":"2026-02-03T10:16:17","guid":{"rendered":"https:\/\/startrico.com.br\/noticias\/3741-2\/"},"modified":"2026-02-03T07:16:17","modified_gmt":"2026-02-03T10:16:17","slug":"3741-2","status":"publish","type":"post","link":"https:\/\/startrico.com.br\/noticias\/3741-2\/","title":{"rendered":""},"content":{"rendered":"<h2>Ata do Copom deve confirmar in\u00edcio de cortes na Selic e impacto esperado no Ibovespa nesta ter\u00e7a (3)<\/h2>\n<p>O mercado financeiro est\u00e1 \u00e0 espera da divulga\u00e7\u00e3o da ata da \u00faltima reuni\u00e3o do Comit\u00ea de Pol\u00edtica Monet\u00e1ria (Copom), prevista para ser publicada ainda nesta manh\u00e3, para verificar se as expectativas de que o ciclo de redu\u00e7\u00e3o dos juros b\u00e1sicos comece j\u00e1 em mar\u00e7o ser\u00e3o confirmadas.<\/p>\n<p>Na semana passada, o Banco Central decidiu manter a taxa Selic em 15% ao ano, sinalizando que a pol\u00edtica monet\u00e1ria adotada segue adequada para assegurar que a infla\u00e7\u00e3o volte a convergir para a meta de 3%. No entanto, as perspectivas de infla\u00e7\u00e3o ainda apresentam desvios, mantendo certa incerteza no cen\u00e1rio.<\/p>\n<p>O documento divulgado pelo BC destacou que, em um contexto de desacelera\u00e7\u00e3o da infla\u00e7\u00e3o e efeito mais claro da pol\u00edtica monet\u00e1ria, a estrat\u00e9gia passa pela calibragem dos juros, com vi\u00e9s para iniciar o relaxamento monet\u00e1rio na pr\u00f3xima reuni\u00e3o, caso as condi\u00e7\u00f5es se confirmem.<\/p>\n<p>A principal d\u00favida agora \u00e9 sobre a velocidade dessa redu\u00e7\u00e3o. O Banco Central frisou que manter\u00e1 o n\u00edvel necess\u00e1rio de restri\u00e7\u00e3o para garantir que a infla\u00e7\u00e3o retome a trajet\u00f3ria ao alvo e enfatizou a import\u00e2ncia de cautela quanto \u00e0 intensidade e ao ritmo desse ciclo de cortes. O mercado segue dividido: uma parte aposta em redu\u00e7\u00f5es entre 0,25 e 0,50 ponto percentual, enquanto os mais otimistas n\u00e3o descartam uma diminui\u00e7\u00e3o mais agressiva, de at\u00e9 0,75 ponto percentual.<\/p>\n<h3>Desempenho do mercado dom\u00e9stico<\/h3>\n<p>No preg\u00e3o anterior, o Ibovespa fechou em alta de 0,79%, alcan\u00e7ando 182.793,40 pontos. O d\u00f3lar \u00e0 vista encerrou as negocia\u00e7\u00f5es cotado a R$ 5,2593, com valoriza\u00e7\u00e3o de 0,22%. J\u00e1 o iShares MSCI Brazil (EWZ), principal fundo negociado no mercado americano que reflete a bolsa brasileira, avan\u00e7ava 0,56% no pr\u00e9-mercado, cotado a US$ 37,66.<\/p>\n<h3>Cen\u00e1rio internacional<\/h3>\n<p>A instabilidade entre os investidores continua refletindo de forma distinta nos metais preciosos. Nesta ter\u00e7a-feira (3), o ouro registrou alta superior a 5%, caminhando para sua maior valoriza\u00e7\u00e3o di\u00e1ria desde novembro de 2008. A prata tamb\u00e9m subiu, recuperando-se das baixas intensas que marcaram as \u00faltimas duas sess\u00f5es, as mais fortes em d\u00e9cadas.<\/p>\n<p>Nos Estados Unidos, a expectativa era pela divulga\u00e7\u00e3o do relat\u00f3rio JOLTS, que mede a abertura de vagas de trabalho e orienta a avalia\u00e7\u00e3o do mercado sobre emprego e pol\u00edtica monet\u00e1ria. Contudo, essa divulga\u00e7\u00e3o foi suspensa em raz\u00e3o de novo fechamento parcial do governo federal norte-americano.<\/p>\n<p>As bolsas asi\u00e1ticas encerraram suas sess\u00f5es em alta, enquanto os principais \u00edndices europeus operam com desempenho misto. Os contratos futuros em Nova York apresentam ganhos na manh\u00e3 desta ter\u00e7a.<\/p>\n<h3>Outros destaques de mercado<\/h3>\n<p>Os pre\u00e7os do petr\u00f3leo recuaram nesta sess\u00e3o. No setor de criptomoedas, o mercado opera de forma mista: o bitcoin (BTC) valoriza-se cerca de 0,9%, sendo negociado pr\u00f3ximo a US$ 78 mil, enquanto o ethereum (ETH) desacelera quase 0,4%, cotado em torno de US$ 2,2 mil.<\/p>\n<h2>Agenda econ\u00f4mica para o dia<\/h2>\n<p>O calend\u00e1rio de indicadores para hoje inclui os seguintes hor\u00e1rios importantes:<\/p>\n<ul class=\"myul\">\n<li>5h \u2013 Brasil: \u00cdndice de Pre\u00e7os ao Consumidor (IPC) medido pela Fipe;<\/li>\n<li>8h \u2013 Brasil: divulga\u00e7\u00e3o da ata do Copom;<\/li>\n<li>9h \u2013 Brasil: dados sobre produ\u00e7\u00e3o industrial;<\/li>\n<li>21h30 \u2013 Jap\u00e3o: \u00edndice PMI composto;<\/li>\n<li>22h45 \u2013 China: \u00edndice PMI composto.<\/li>\n<\/ul>\n<h2>Movimenta\u00e7\u00f5es pol\u00edticas e institucionais no Brasil<\/h2>\n<p>O ministro da Secretaria de Comunica\u00e7\u00e3o Social, Sid\u00f4nio Palmeira, junto ao secret\u00e1rio de Imprensa La\u00e9rcio Portela, participa de eventos durante o dia, incluindo apresenta\u00e7\u00e3o das cartas credenciais de novos embaixadores \u00e0s 10h30. \u00c0 tarde, est\u00e3o agendadas reuni\u00f5es com autoridades como o ministro das Rela\u00e7\u00f5es Exteriores Mauro Vieira, as ministras Esther Dweck e Luciana Santos, e \u00e0s 17h30 reuni\u00e3o com o ministro de Minas e Energia Alexandre Silveira.<\/p>\n<h2>Desempenho das bolsas e commodities nesta manh\u00e3<\/h2>\n<p>Nas bolsas asi\u00e1ticas, o Nikkei de T\u00f3quio fechou com alta expressiva de 3,97%, o Hang Seng de Hong Kong avan\u00e7ou 0,22% e o \u00edndice de Xangai subiu 1,29%. No mercado europeu, ainda em opera\u00e7\u00e3o, Londres recuou 0,09%, Frankfurt ganhou 0,69%, e Paris teve alta de 0,30%. Nos Estados Unidos, os futuros indicam ligeiros ganhos: Nasdaq +0,44%, S&#038;P 500 +0,18% e Dow Jones +0,02%.<\/p>\n<p>Quanto \u00e0s commodities, o barril de petr\u00f3leo Brent caiu 0,18%, enquanto o WTI recuou 0,05%. O ouro, por sua vez, saltou 6,29% cotado a US$ 4.945,05 por on\u00e7a-troy.<\/p>\n<p>No setor de criptomoedas, o bitcoin registra alta de 0,9%, negociado a US$ 78.350,90, enquanto o ethereum tem queda de 0,4%, cotado a US$ 2.291,85.<\/p>\n<p><a href=\"https:\/\/www.moneytimes.com.br\/ata-do-copom-deve-confirmar-cortes-na-selic-o-que-esperar-do-ibovespa-hoje-3-jals\/\" target=\"_blank\" rel=\"noopener\">Fonte<\/a><\/p>\n","protected":false},"excerpt":{"rendered":"<p>Ata do Copom deve confirmar in\u00edcio de cortes na Selic e impacto esperado no Ibovespa nesta ter\u00e7a (3) O mercado [&hellip;]<\/p>\n","protected":false},"author":1,"featured_media":3740,"comment_status":"open","ping_status":"open","sticky":false,"template":"","format":"standard","meta":{"site-sidebar-layout":"default","site-content-layout":"","ast-site-content-layout":"default","site-content-style":"default","site-sidebar-style":"default","ast-global-header-display":"","ast-banner-title-visibility":"","ast-main-header-display":"","ast-hfb-above-header-display":"","ast-hfb-below-header-display":"","ast-hfb-mobile-header-display":"","site-post-title":"","ast-breadcrumbs-content":"","ast-featured-img":"","footer-sml-layout":"","theme-transparent-header-meta":"","adv-header-id-meta":"","stick-header-meta":"","header-above-stick-meta":"","header-main-stick-meta":"","header-below-stick-meta":"","astra-migrate-meta-layouts":"default","ast-page-background-enabled":"default","ast-page-background-meta":{"desktop":{"background-color":"var(--ast-global-color-5)","background-image":"","background-repeat":"repeat","background-position":"center center","background-size":"auto","background-attachment":"scroll","background-type":"","background-media":"","overlay-type":"","overlay-color":"","overlay-opacity":"","overlay-gradient":""},"tablet":{"background-color":"","background-image":"","background-repeat":"repeat","background-position":"center center","background-size":"auto","background-attachment":"scroll","background-type":"","background-media":"","overlay-type":"","overlay-color":"","overlay-opacity":"","overlay-gradient":""},"mobile":{"background-color":"","background-image":"","background-repeat":"repeat","background-position":"center center","background-size":"auto","background-attachment":"scroll","background-type":"","background-media":"","overlay-type":"","overlay-color":"","overlay-opacity":"","overlay-gradient":""}},"ast-content-background-meta":{"desktop":{"background-color":"var(--ast-global-color-4)","background-image":"","background-repeat":"repeat","background-position":"center center","background-size":"auto","background-attachment":"scroll","background-type":"","background-media":"","overlay-type":"","overlay-color":"","overlay-opacity":"","overlay-gradient":""},"tablet":{"background-color":"var(--ast-global-color-4)","background-image":"","background-repeat":"repeat","background-position":"center center","background-size":"auto","background-attachment":"scroll","background-type":"","background-media":"","overlay-type":"","overlay-color":"","overlay-opacity":"","overlay-gradient":""},"mobile":{"background-color":"var(--ast-global-color-4)","background-image":"","background-repeat":"repeat","background-position":"center center","background-size":"auto","background-attachment":"scroll","background-type":"","background-media":"","overlay-type":"","overlay-color":"","overlay-opacity":"","overlay-gradient":""}},"footnotes":""},"categories":[1],"tags":[],"class_list":["post-3741","post","type-post","status-publish","format-standard","has-post-thumbnail","hentry","category-ultimas"],"_links":{"self":[{"href":"https:\/\/startrico.com.br\/noticias\/wp-json\/wp\/v2\/posts\/3741","targetHints":{"allow":["GET"]}}],"collection":[{"href":"https:\/\/startrico.com.br\/noticias\/wp-json\/wp\/v2\/posts"}],"about":[{"href":"https:\/\/startrico.com.br\/noticias\/wp-json\/wp\/v2\/types\/post"}],"author":[{"embeddable":true,"href":"https:\/\/startrico.com.br\/noticias\/wp-json\/wp\/v2\/users\/1"}],"replies":[{"embeddable":true,"href":"https:\/\/startrico.com.br\/noticias\/wp-json\/wp\/v2\/comments?post=3741"}],"version-history":[{"count":0,"href":"https:\/\/startrico.com.br\/noticias\/wp-json\/wp\/v2\/posts\/3741\/revisions"}],"wp:featuredmedia":[{"embeddable":true,"href":"https:\/\/startrico.com.br\/noticias\/wp-json\/wp\/v2\/media\/3740"}],"wp:attachment":[{"href":"https:\/\/startrico.com.br\/noticias\/wp-json\/wp\/v2\/media?parent=3741"}],"wp:term":[{"taxonomy":"category","embeddable":true,"href":"https:\/\/startrico.com.br\/noticias\/wp-json\/wp\/v2\/categories?post=3741"},{"taxonomy":"post_tag","embeddable":true,"href":"https:\/\/startrico.com.br\/noticias\/wp-json\/wp\/v2\/tags?post=3741"}],"curies":[{"name":"wp","href":"https:\/\/api.w.org\/{rel}","templated":true}]}}