{"id":3837,"date":"2026-02-07T07:36:39","date_gmt":"2026-02-07T10:36:39","guid":{"rendered":"https:\/\/startrico.com.br\/noticias\/cvm-forma-grupo-para\/"},"modified":"2026-02-07T07:36:39","modified_gmt":"2026-02-07T10:36:39","slug":"cvm-forma-grupo-para","status":"publish","type":"post","link":"https:\/\/startrico.com.br\/noticias\/cvm-forma-grupo-para\/","title":{"rendered":"CVM Forma Grupo Para Analisar Informa\u00e7\u00f5es Sobre Master E Reag"},"content":{"rendered":"<h2>CVM forma grupo para examinar dados relativos ao Master e Reag; entenda o que isso significa<\/h2>\n<p>A Comiss\u00e3o de Valores Mobili\u00e1rios (CVM) anunciou a cria\u00e7\u00e3o de um grupo de trabalho destinado a analisar informa\u00e7\u00f5es relacionadas ao Grupo Master, \u00e0 Reag e outras entidades vinculadas. Essa decis\u00e3o foi aprovada pelo Comit\u00ea de Gest\u00e3o de Riscos (CGR) na quinta-feira, dia 6, e faz parte dos procedimentos internos regulares da autarquia para governan\u00e7a e gest\u00e3o de riscos.<\/p>\n<p>Segundo o comunicado oficial da CVM, esse grupo ter\u00e1 objetivos e prazos definidos para organizar e consolidar todos os fatos, processos e informa\u00e7\u00f5es previamente existentes na autarquia. A finalidade \u00e9 aperfei\u00e7oar o diagn\u00f3stico institucional, monitorar as a\u00e7\u00f5es que est\u00e3o em andamento de forma integrada e prestar contas \u00e0 sociedade.<\/p>\n<p>Na etapa inicial, o comit\u00ea teve acesso a dados provenientes das \u00e1reas de supervis\u00e3o, fiscaliza\u00e7\u00e3o e acusa\u00e7\u00e3o, analisando a abertura de procedimentos nos \u00faltimos anos, as comunica\u00e7\u00f5es enviadas a outros \u00f3rg\u00e3os p\u00fablicos e o desenvolvimento de inqu\u00e9ritos relacionados.<\/p>\n<h2>O que representa essa iniciativa na pr\u00e1tica?<\/h2>\n<p>A cria\u00e7\u00e3o do grupo de trabalho n\u00e3o implica necessariamente a aplica\u00e7\u00e3o de penalidades ou a confirma\u00e7\u00e3o de eventuais irregularidades. Trata-se de um processo interno de an\u00e1lise t\u00e9cnica. O in\u00edcio dos trabalhos est\u00e1 marcado para 9 de fevereiro, com um prazo previsto de at\u00e9 tr\u00eas semanas para conclus\u00e3o, culminando na elabora\u00e7\u00e3o de um relat\u00f3rio que ser\u00e1 submetido ao comit\u00ea para avalia\u00e7\u00e3o e decis\u00e3o.<\/p>\n<p>Al\u00e9m disso, o grupo poder\u00e1 propor, quando apropriado, melhorias estruturais na regula\u00e7\u00e3o, supervis\u00e3o, governan\u00e7a dos processos e na coopera\u00e7\u00e3o institucional entre \u00f3rg\u00e3os.<\/p>\n<h2>Como os investidores devem proceder?<\/h2>\n<p>Para os investidores que possuem aplica\u00e7\u00f5es relacionadas a essas institui\u00e7\u00f5es ou produtos geridos por elas, o principal \u00e9 acompanhar os comunicados oficiais. As informa\u00e7\u00f5es e eventuais determina\u00e7\u00f5es da CVM s\u00e3o publicadas nos canais oficiais da autarquia e das empresas envolvidas.<\/p>\n<p>Especialistas recomendam cautela para evitar decis\u00f5es precipitadas baseadas apenas em rumores. Caso ocorram medidas que afetem diretamente certos produtos financeiros \u2014 como suspens\u00e3o de ofertas, interven\u00e7\u00f5es ou outras restri\u00e7\u00f5es \u2014 essas a\u00e7\u00f5es s\u00e3o formalmente anunciadas ao mercado.<\/p>\n<p>Por enquanto, a CVM declarou que manter\u00e1 a sociedade informada sobre quaisquer medidas institucionais relevantes ligadas a esse tema.<\/p>\n<p><img decoding=\"async\" src=\"https:\/\/s2-valor-investe.glbimg.com\/N0UaO08GLSurhOJmJnw9xnNPtFk=\/0x0:984x644\/984x0\/smart\/filters:strip_icc()\/i.s3.glbimg.com\/v1\/AUTH_f035dd6fd91c438fa04ab718d608bbaa\/internal_photos\/bs\/2020\/h\/A\/6vEZ8CShSAkMIBRuFftw\/cvm.jpg\" alt=\"Foto da sede da CVM\" \/><\/p>\n<p><a href=\"https:\/\/valorinveste.globo.com\/mercados\/noticia\/2026\/02\/06\/cvm-cria-grupo-para-analisar-informacoes-sobre-master-e-reag-o-que-isso-significa.ghtml\" target=\"_blank\" rel=\"noopener\">Fonte<\/a><\/p>\n","protected":false},"excerpt":{"rendered":"<p>Grupo de Trabalho da CVM foi criado para organizar e analisar informa\u00e7\u00f5es sobre Master e Reag, refor\u00e7ando a governan\u00e7a e o monitoramento eficaz.<\/p>\n","protected":false},"author":1,"featured_media":3836,"comment_status":"open","ping_status":"open","sticky":false,"template":"","format":"standard","meta":{"site-sidebar-layout":"default","site-content-layout":"","ast-site-content-layout":"default","site-content-style":"default","site-sidebar-style":"default","ast-global-header-display":"","ast-banner-title-visibility":"","ast-main-header-display":"","ast-hfb-above-header-display":"","ast-hfb-below-header-display":"","ast-hfb-mobile-header-display":"","site-post-title":"","ast-breadcrumbs-content":"","ast-featured-img":"","footer-sml-layout":"","theme-transparent-header-meta":"","adv-header-id-meta":"","stick-header-meta":"","header-above-stick-meta":"","header-main-stick-meta":"","header-below-stick-meta":"","astra-migrate-meta-layouts":"default","ast-page-background-enabled":"default","ast-page-background-meta":{"desktop":{"background-color":"var(--ast-global-color-5)","background-image":"","background-repeat":"repeat","background-position":"center center","background-size":"auto","background-attachment":"scroll","background-type":"","background-media":"","overlay-type":"","overlay-color":"","overlay-opacity":"","overlay-gradient":""},"tablet":{"background-color":"","background-image":"","background-repeat":"repeat","background-position":"center center","background-size":"auto","background-attachment":"scroll","background-type":"","background-media":"","overlay-type":"","overlay-color":"","overlay-opacity":"","overlay-gradient":""},"mobile":{"background-color":"","background-image":"","background-repeat":"repeat","background-position":"center center","background-size":"auto","background-attachment":"scroll","background-type":"","background-media":"","overlay-type":"","overlay-color":"","overlay-opacity":"","overlay-gradient":""}},"ast-content-background-meta":{"desktop":{"background-color":"var(--ast-global-color-4)","background-image":"","background-repeat":"repeat","background-position":"center center","background-size":"auto","background-attachment":"scroll","background-type":"","background-media":"","overlay-type":"","overlay-color":"","overlay-opacity":"","overlay-gradient":""},"tablet":{"background-color":"var(--ast-global-color-4)","background-image":"","background-repeat":"repeat","background-position":"center center","background-size":"auto","background-attachment":"scroll","background-type":"","background-media":"","overlay-type":"","overlay-color":"","overlay-opacity":"","overlay-gradient":""},"mobile":{"background-color":"var(--ast-global-color-4)","background-image":"","background-repeat":"repeat","background-position":"center center","background-size":"auto","background-attachment":"scroll","background-type":"","background-media":"","overlay-type":"","overlay-color":"","overlay-opacity":"","overlay-gradient":""}},"footnotes":""},"categories":[1],"tags":[],"class_list":["post-3837","post","type-post","status-publish","format-standard","has-post-thumbnail","hentry","category-ultimas"],"_links":{"self":[{"href":"https:\/\/startrico.com.br\/noticias\/wp-json\/wp\/v2\/posts\/3837","targetHints":{"allow":["GET"]}}],"collection":[{"href":"https:\/\/startrico.com.br\/noticias\/wp-json\/wp\/v2\/posts"}],"about":[{"href":"https:\/\/startrico.com.br\/noticias\/wp-json\/wp\/v2\/types\/post"}],"author":[{"embeddable":true,"href":"https:\/\/startrico.com.br\/noticias\/wp-json\/wp\/v2\/users\/1"}],"replies":[{"embeddable":true,"href":"https:\/\/startrico.com.br\/noticias\/wp-json\/wp\/v2\/comments?post=3837"}],"version-history":[{"count":0,"href":"https:\/\/startrico.com.br\/noticias\/wp-json\/wp\/v2\/posts\/3837\/revisions"}],"wp:featuredmedia":[{"embeddable":true,"href":"https:\/\/startrico.com.br\/noticias\/wp-json\/wp\/v2\/media\/3836"}],"wp:attachment":[{"href":"https:\/\/startrico.com.br\/noticias\/wp-json\/wp\/v2\/media?parent=3837"}],"wp:term":[{"taxonomy":"category","embeddable":true,"href":"https:\/\/startrico.com.br\/noticias\/wp-json\/wp\/v2\/categories?post=3837"},{"taxonomy":"post_tag","embeddable":true,"href":"https:\/\/startrico.com.br\/noticias\/wp-json\/wp\/v2\/tags?post=3837"}],"curies":[{"name":"wp","href":"https:\/\/api.w.org\/{rel}","templated":true}]}}