{"id":3843,"date":"2026-02-07T07:56:18","date_gmt":"2026-02-07T10:56:18","guid":{"rendered":"https:\/\/startrico.com.br\/noticias\/projecao-atualizada-do-pib\/"},"modified":"2026-02-07T07:56:18","modified_gmt":"2026-02-07T10:56:18","slug":"projecao-atualizada-do-pib","status":"publish","type":"post","link":"https:\/\/startrico.com.br\/noticias\/projecao-atualizada-do-pib\/","title":{"rendered":"Proje\u00e7\u00e3o Atualizada Do PIB E IPCA Para O Brasil"},"content":{"rendered":"<h2>Minist\u00e9rio da Fazenda revisa proje\u00e7\u00f5es econ\u00f4micas para 2026 com crescimento do PIB em 2,3%<\/h2>\n<p>O Minist\u00e9rio da Fazenda atualizou suas previs\u00f5es macroecon\u00f4micas para o ano de 2026, estimando uma expans\u00e3o moderada do Produto Interno Bruto (PIB) em 2,3%, conforme divulgado no documento &#8220;Balan\u00e7o Macrofiscal de 2025 e Perspectivas para 2026&#8221;. Essa revis\u00e3o representa uma leve redu\u00e7\u00e3o perante a previs\u00e3o anterior de 2,4%, motivada por uma expectativa de desacelera\u00e7\u00e3o mais acentuada da atividade econ\u00f4mica no segundo semestre de 2025.<\/p>\n<h3>Desempenho setorial e expectativa por demanda<\/h3>\n<p>Na an\u00e1lise por setores, o crescimento na agropecu\u00e1ria dever\u00e1 ser t\u00edmido, ficando em torno de 0,5%, afetado sobretudo pela menor produ\u00e7\u00e3o de milho e arroz, al\u00e9m de uma redu\u00e7\u00e3o no abate de bovinos. Por outro lado, est\u00e3o previstos recordes para a soja e incrementos na produ\u00e7\u00e3o de caf\u00e9 e cana-de-a\u00e7\u00facar. J\u00e1 a ind\u00fastria tem proje\u00e7\u00e3o de avan\u00e7o de 2,3%, sustentado pela recupera\u00e7\u00e3o dos segmentos de constru\u00e7\u00e3o e transforma\u00e7\u00e3o, com apoio de programas governamentais como o Move Brasil e o Reforma Casa Brasil.<\/p>\n<p>O setor de servi\u00e7os lidera as expectativas de crescimento, estimado em 2,4%, influenciado por fatores como os pagamentos de precat\u00f3rios, altera\u00e7\u00f5es no imposto de renda, amplia\u00e7\u00e3o do cr\u00e9dito e aumento da renda real dispon\u00edvel.<\/p>\n<p>Quanto \u00e0 demanda, o cen\u00e1rio sinaliza uma contribui\u00e7\u00e3o mais robusta da absor\u00e7\u00e3o interna, enquanto a balan\u00e7a comercial deve exercer impacto negativo sobre o crescimento. O consumo das fam\u00edlias deve crescer, impulsionado por uma maior renda dispon\u00edvel, especialmente entre as parcelas da popula\u00e7\u00e3o de menor renda. O investimento privado deve seguir em ritmo moderado, com acelera\u00e7\u00e3o prevista para o segundo semestre, ocasi\u00e3o em que a redu\u00e7\u00e3o da taxa de juros tende a favorecer o cen\u00e1rio.<\/p>\n<h3>Proje\u00e7\u00e3o do IPCA e infla\u00e7\u00e3o para 2026<\/h3>\n<p>A infla\u00e7\u00e3o medida pelo \u00cdndice de Pre\u00e7os ao Consumidor Amplo (IPCA) est\u00e1 prevista para alcan\u00e7ar 3,6% em 2026, apresentando uma queda em rela\u00e7\u00e3o aos 4,3% estimados para 2025. Esse movimento de desinfla\u00e7\u00e3o ser\u00e1 impulsionado pela queda nos pre\u00e7os dos bens industriais, da energia e dos combust\u00edveis, bem como pelos efeitos cont\u00ednuos da pol\u00edtica monet\u00e1ria restritiva implementada pelo Banco Central.<\/p>\n<p>No entanto, h\u00e1 expectativa de acelera\u00e7\u00e3o nos pre\u00e7os dos alimentos, motivada por eventos clim\u00e1ticos adversos e pela escassez na oferta de carne bovina, que poder\u00e3o pressionar essa categoria.<\/p>\n<h2>Meta fiscal e evolu\u00e7\u00e3o do ajuste nas contas p\u00fablicas<\/h2>\n<p>No relat\u00f3rio divulgado, o governo refor\u00e7a o empenho no processo de ajuste fiscal iniciado no ano anterior, com o objetivo de estabilizar a trajet\u00f3ria da d\u00edvida p\u00fablica do pa\u00eds. Para 2025, a Lei de Diretrizes Or\u00e7ament\u00e1rias (LDO) estabeleceu meta de d\u00e9ficit prim\u00e1rio zero, com margem de toler\u00e2ncia de at\u00e9 R$ 30,97 bilh\u00f5es. Contudo, o resultado prim\u00e1rio consolidado mostrou um d\u00e9ficit de R$ 13 bilh\u00f5es, equivalente a -0,10% do PIB ap\u00f3s as compensa\u00e7\u00f5es legais.<\/p>\n<p>Esse resultado decorreu do abatimento de despesas excepcionais, como os pagamentos de precat\u00f3rios no montante de R$ 48,6 bilh\u00f5es, determinadas jur\u00eddicas relativas a benef\u00edcios previdenci\u00e1rios e gastos tempor\u00e1rios nas \u00e1reas de educa\u00e7\u00e3o e defesa. Sem esses ajustes, o d\u00e9ficit prim\u00e1rio teria alcan\u00e7ado R$ 61,69 bilh\u00f5es.<\/p>\n<p>Para 2026, a Fazenda projeta a primeira meta fiscal superavit\u00e1ria dentro do novo arcabou\u00e7o fiscal, estimando um super\u00e1vit prim\u00e1rio equivalente a 0,25% do PIB, o que corresponde a R$ 34,5 bilh\u00f5es ap\u00f3s as compensa\u00e7\u00f5es.<\/p>\n<p>Mesmo com o pagamento adicional de R$ 57,8 bilh\u00f5es em precat\u00f3rios, a equipe econ\u00f4mica acredita que ser\u00e1 poss\u00edvel cumprir a meta definida na LDO de 2026. Para o ano seguinte, 2027, a previs\u00e3o \u00e9 ainda mais otimista, com super\u00e1vit prim\u00e1rio de 0,50% do PIB, alinhado ao plano de consolida\u00e7\u00e3o fiscal tra\u00e7ado pelo Minist\u00e9rio da Fazenda.<\/p>\n<p><a href=\"https:\/\/exame.com\/economia\/fazenda-projeta-pib-de-23-e-ipca-de-36-em-2026\/\" target=\"_blank\" rel=\"noopener\">Fonte<\/a><\/p>\n","protected":false},"excerpt":{"rendered":"<p>Proje\u00e7\u00e3o do PIB e IPCA aponta crescimento econ\u00f4mico moderado e infla\u00e7\u00e3o em queda, com foco em ajustes fiscais e setor de servi\u00e7os.<\/p>\n","protected":false},"author":1,"featured_media":3842,"comment_status":"open","ping_status":"open","sticky":false,"template":"","format":"standard","meta":{"site-sidebar-layout":"default","site-content-layout":"","ast-site-content-layout":"default","site-content-style":"default","site-sidebar-style":"default","ast-global-header-display":"","ast-banner-title-visibility":"","ast-main-header-display":"","ast-hfb-above-header-display":"","ast-hfb-below-header-display":"","ast-hfb-mobile-header-display":"","site-post-title":"","ast-breadcrumbs-content":"","ast-featured-img":"","footer-sml-layout":"","theme-transparent-header-meta":"","adv-header-id-meta":"","stick-header-meta":"","header-above-stick-meta":"","header-main-stick-meta":"","header-below-stick-meta":"","astra-migrate-meta-layouts":"default","ast-page-background-enabled":"default","ast-page-background-meta":{"desktop":{"background-color":"var(--ast-global-color-5)","background-image":"","background-repeat":"repeat","background-position":"center center","background-size":"auto","background-attachment":"scroll","background-type":"","background-media":"","overlay-type":"","overlay-color":"","overlay-opacity":"","overlay-gradient":""},"tablet":{"background-color":"","background-image":"","background-repeat":"repeat","background-position":"center center","background-size":"auto","background-attachment":"scroll","background-type":"","background-media":"","overlay-type":"","overlay-color":"","overlay-opacity":"","overlay-gradient":""},"mobile":{"background-color":"","background-image":"","background-repeat":"repeat","background-position":"center center","background-size":"auto","background-attachment":"scroll","background-type":"","background-media":"","overlay-type":"","overlay-color":"","overlay-opacity":"","overlay-gradient":""}},"ast-content-background-meta":{"desktop":{"background-color":"var(--ast-global-color-4)","background-image":"","background-repeat":"repeat","background-position":"center center","background-size":"auto","background-attachment":"scroll","background-type":"","background-media":"","overlay-type":"","overlay-color":"","overlay-opacity":"","overlay-gradient":""},"tablet":{"background-color":"var(--ast-global-color-4)","background-image":"","background-repeat":"repeat","background-position":"center center","background-size":"auto","background-attachment":"scroll","background-type":"","background-media":"","overlay-type":"","overlay-color":"","overlay-opacity":"","overlay-gradient":""},"mobile":{"background-color":"var(--ast-global-color-4)","background-image":"","background-repeat":"repeat","background-position":"center center","background-size":"auto","background-attachment":"scroll","background-type":"","background-media":"","overlay-type":"","overlay-color":"","overlay-opacity":"","overlay-gradient":""}},"footnotes":""},"categories":[1],"tags":[],"class_list":["post-3843","post","type-post","status-publish","format-standard","has-post-thumbnail","hentry","category-ultimas"],"_links":{"self":[{"href":"https:\/\/startrico.com.br\/noticias\/wp-json\/wp\/v2\/posts\/3843","targetHints":{"allow":["GET"]}}],"collection":[{"href":"https:\/\/startrico.com.br\/noticias\/wp-json\/wp\/v2\/posts"}],"about":[{"href":"https:\/\/startrico.com.br\/noticias\/wp-json\/wp\/v2\/types\/post"}],"author":[{"embeddable":true,"href":"https:\/\/startrico.com.br\/noticias\/wp-json\/wp\/v2\/users\/1"}],"replies":[{"embeddable":true,"href":"https:\/\/startrico.com.br\/noticias\/wp-json\/wp\/v2\/comments?post=3843"}],"version-history":[{"count":0,"href":"https:\/\/startrico.com.br\/noticias\/wp-json\/wp\/v2\/posts\/3843\/revisions"}],"wp:featuredmedia":[{"embeddable":true,"href":"https:\/\/startrico.com.br\/noticias\/wp-json\/wp\/v2\/media\/3842"}],"wp:attachment":[{"href":"https:\/\/startrico.com.br\/noticias\/wp-json\/wp\/v2\/media?parent=3843"}],"wp:term":[{"taxonomy":"category","embeddable":true,"href":"https:\/\/startrico.com.br\/noticias\/wp-json\/wp\/v2\/categories?post=3843"},{"taxonomy":"post_tag","embeddable":true,"href":"https:\/\/startrico.com.br\/noticias\/wp-json\/wp\/v2\/tags?post=3843"}],"curies":[{"name":"wp","href":"https:\/\/api.w.org\/{rel}","templated":true}]}}