{"id":3849,"date":"2026-02-08T07:10:53","date_gmt":"2026-02-08T10:10:53","guid":{"rendered":"https:\/\/startrico.com.br\/noticias\/chapeu-na-roca-lei\/"},"modified":"2026-02-08T07:10:53","modified_gmt":"2026-02-08T10:10:53","slug":"chapeu-na-roca-lei","status":"publish","type":"post","link":"https:\/\/startrico.com.br\/noticias\/chapeu-na-roca-lei\/","title":{"rendered":"Chap\u00e9u Na Ro\u00e7a: Lei Permite Uso Conforme O Risco Rural"},"content":{"rendered":"<h2>Chap\u00e9u na ro\u00e7a n\u00e3o precisar\u00e1 ser substitu\u00eddo por capacete; entenda a legisla\u00e7\u00e3o vigente<\/h2>\n<p>Circulam nas redes sociais v\u00eddeos que afirmam haver uma nova lei em vigor este ano que obrigaria o uso de capacete em substitui\u00e7\u00e3o ao tradicional chap\u00e9u na agricultura. No entanto, essa percep\u00e7\u00e3o \u00e9 incorreta, pois a legisla\u00e7\u00e3o referente \u00e0 seguran\u00e7a do trabalhador rural est\u00e1 em vigor desde 2005.<\/p>\n<p>Essa norma \u00e9 conhecida como Norma Regulamentadora n\u00ba 31 (NR-31) e determina que o empregador tem a responsabilidade de disponibilizar os Equipamentos de Prote\u00e7\u00e3o Individual (EPIs) necess\u00e1rios, conforme o risco da atividade exercida, avaliado tecnicamente.<\/p>\n<p>Na pr\u00e1tica, a NR-31 reconhece que o chap\u00e9u \u00e9 utilizado como prote\u00e7\u00e3o contra o sol, chuva e respingos, enquanto o capacete serve para prevenir les\u00f5es por impactos ocasionados por quedas ou objetos. Portanto, o uso desses equipamentos est\u00e1 previsto segundo o tipo de risco, e n\u00e3o existe proibi\u00e7\u00e3o do chap\u00e9u ou imposi\u00e7\u00e3o universal do capacete para todos os trabalhadores do campo.<\/p>\n<p><img decoding=\"async\" src=\"https:\/\/s2-g1.glbimg.com\/VMVYN74bNsSjEVPSEo68GTm9UGk=\/0x0:2832x2542\/984x0\/smart\/filters:strip_icc()\/i.s3.glbimg.com\/v1\/AUTH_59edd422c0c84a879bd37670ae4f538a\/internal_photos\/bs\/2026\/X\/I\/EDJwtmS5eGL4ZefCp94A\/pexels-ritratto-visual-704627165-18286452.jpg\" alt=\"\u00c9 mentira que nova portaria impede chap\u00e9u na ro\u00e7a e obriga uso exclusivo de capacete \u2014 Foto: Pexels\"\/><\/p>\n<p>O Minist\u00e9rio do Trabalho destacou que a NR-31 n\u00e3o obriga o uso indiscriminado de capacete para todos os trabalhadores rurais. Na realidade, ela orienta a ado\u00e7\u00e3o de medidas preventivas que sejam condizentes com os riscos identificados em cada atividade.<\/p>\n<p>Conforme explicado pela Confedera\u00e7\u00e3o da Agricultura e Pecu\u00e1ria do Brasil (CNA), a norma estabelece a implementa\u00e7\u00e3o do Programa de Gerenciamento de Riscos no Trabalho Rural (PGRTR), que consiste na identifica\u00e7\u00e3o dos perigos e na defini\u00e7\u00e3o dos controles para reduzir os riscos nas propriedades rurais.<\/p>\n<p>Por exemplo, para trabalhos em que o risco de trauma craniano por queda ou impacto seja avaliado, como no caso dos pe\u00f5es de rodeio, o capacete \u00e9 recomendado como EPI apropriado. J\u00e1 em situa\u00e7\u00f5es com grande exposi\u00e7\u00e3o solar, o chap\u00e9u \u00e9 considerado a prote\u00e7\u00e3o mais adequada.<\/p>\n<p>A CNA refor\u00e7a que, mesmo com atualiza\u00e7\u00f5es da NR-31 ao longo dos anos, nenhuma mudan\u00e7a proibiu o uso do chap\u00e9u para os produtores rurais. A legisla\u00e7\u00e3o n\u00e3o especifica profiss\u00f5es ou atividades de forma isolada, relacionando o uso de equipamentos \u00e0 natureza dos riscos enfrentados pelos trabalhadores.<\/p>\n<p>Al\u00e9m disso, o Minist\u00e9rio do Trabalho esclarece que a preven\u00e7\u00e3o de riscos deve passar por tr\u00eas fases: elimina\u00e7\u00e3o ou minimiza\u00e7\u00e3o na fonte, ado\u00e7\u00e3o de medidas coletivas de prote\u00e7\u00e3o e, se necess\u00e1rio, o uso de EPIs fornecidos pelo empregador.<\/p>\n<p>Nos \u00faltimos dias, v\u00eddeos compartilhados no TikTok sugeriram que houve mudan\u00e7a na interpreta\u00e7\u00e3o da fiscaliza\u00e7\u00e3o, obrando o uso compuls\u00f3rio do capacete para pe\u00f5es. Todavia, o Minist\u00e9rio do Trabalho negou tais informa\u00e7\u00f5es, ressaltando que a atua\u00e7\u00e3o da Auditoria Fiscal do Trabalho \u00e9 baseada em crit\u00e9rios t\u00e9cnicos e legais, com o prop\u00f3sito de preservar a sa\u00fade, seguran\u00e7a e vida dos trabalhadores, sem imposi\u00e7\u00f5es arbitr\u00e1rias ou desvinculadas da realidade rural.<\/p>\n<p><a href=\"https:\/\/g1.globo.com\/economia\/agronegocios\/noticia\/2026\/02\/08\/chapeu-na-roca-nao-tera-que-ser-trocado-por-capacete-veja-o-que-diz-a-lei.ghtml\" target=\"_blank\" rel=\"noopener\">Fonte<\/a><\/p>\n","protected":false},"excerpt":{"rendered":"<p>Chap\u00e9u na ro\u00e7a tem respaldo legal para uso conforme riscos rurais, sem exig\u00eancia de capacete para todos os trabalhadores do campo.<\/p>\n","protected":false},"author":1,"featured_media":3848,"comment_status":"open","ping_status":"open","sticky":false,"template":"","format":"standard","meta":{"site-sidebar-layout":"default","site-content-layout":"","ast-site-content-layout":"default","site-content-style":"default","site-sidebar-style":"default","ast-global-header-display":"","ast-banner-title-visibility":"","ast-main-header-display":"","ast-hfb-above-header-display":"","ast-hfb-below-header-display":"","ast-hfb-mobile-header-display":"","site-post-title":"","ast-breadcrumbs-content":"","ast-featured-img":"","footer-sml-layout":"","theme-transparent-header-meta":"","adv-header-id-meta":"","stick-header-meta":"","header-above-stick-meta":"","header-main-stick-meta":"","header-below-stick-meta":"","astra-migrate-meta-layouts":"default","ast-page-background-enabled":"default","ast-page-background-meta":{"desktop":{"background-color":"var(--ast-global-color-5)","background-image":"","background-repeat":"repeat","background-position":"center center","background-size":"auto","background-attachment":"scroll","background-type":"","background-media":"","overlay-type":"","overlay-color":"","overlay-opacity":"","overlay-gradient":""},"tablet":{"background-color":"","background-image":"","background-repeat":"repeat","background-position":"center center","background-size":"auto","background-attachment":"scroll","background-type":"","background-media":"","overlay-type":"","overlay-color":"","overlay-opacity":"","overlay-gradient":""},"mobile":{"background-color":"","background-image":"","background-repeat":"repeat","background-position":"center center","background-size":"auto","background-attachment":"scroll","background-type":"","background-media":"","overlay-type":"","overlay-color":"","overlay-opacity":"","overlay-gradient":""}},"ast-content-background-meta":{"desktop":{"background-color":"var(--ast-global-color-4)","background-image":"","background-repeat":"repeat","background-position":"center center","background-size":"auto","background-attachment":"scroll","background-type":"","background-media":"","overlay-type":"","overlay-color":"","overlay-opacity":"","overlay-gradient":""},"tablet":{"background-color":"var(--ast-global-color-4)","background-image":"","background-repeat":"repeat","background-position":"center center","background-size":"auto","background-attachment":"scroll","background-type":"","background-media":"","overlay-type":"","overlay-color":"","overlay-opacity":"","overlay-gradient":""},"mobile":{"background-color":"var(--ast-global-color-4)","background-image":"","background-repeat":"repeat","background-position":"center center","background-size":"auto","background-attachment":"scroll","background-type":"","background-media":"","overlay-type":"","overlay-color":"","overlay-opacity":"","overlay-gradient":""}},"footnotes":""},"categories":[1],"tags":[],"class_list":["post-3849","post","type-post","status-publish","format-standard","has-post-thumbnail","hentry","category-ultimas"],"_links":{"self":[{"href":"https:\/\/startrico.com.br\/noticias\/wp-json\/wp\/v2\/posts\/3849","targetHints":{"allow":["GET"]}}],"collection":[{"href":"https:\/\/startrico.com.br\/noticias\/wp-json\/wp\/v2\/posts"}],"about":[{"href":"https:\/\/startrico.com.br\/noticias\/wp-json\/wp\/v2\/types\/post"}],"author":[{"embeddable":true,"href":"https:\/\/startrico.com.br\/noticias\/wp-json\/wp\/v2\/users\/1"}],"replies":[{"embeddable":true,"href":"https:\/\/startrico.com.br\/noticias\/wp-json\/wp\/v2\/comments?post=3849"}],"version-history":[{"count":0,"href":"https:\/\/startrico.com.br\/noticias\/wp-json\/wp\/v2\/posts\/3849\/revisions"}],"wp:featuredmedia":[{"embeddable":true,"href":"https:\/\/startrico.com.br\/noticias\/wp-json\/wp\/v2\/media\/3848"}],"wp:attachment":[{"href":"https:\/\/startrico.com.br\/noticias\/wp-json\/wp\/v2\/media?parent=3849"}],"wp:term":[{"taxonomy":"category","embeddable":true,"href":"https:\/\/startrico.com.br\/noticias\/wp-json\/wp\/v2\/categories?post=3849"},{"taxonomy":"post_tag","embeddable":true,"href":"https:\/\/startrico.com.br\/noticias\/wp-json\/wp\/v2\/tags?post=3849"}],"curies":[{"name":"wp","href":"https:\/\/api.w.org\/{rel}","templated":true}]}}