{"id":3865,"date":"2026-02-08T07:56:02","date_gmt":"2026-02-08T10:56:02","guid":{"rendered":"https:\/\/startrico.com.br\/noticias\/projecao-do-pib-e\/"},"modified":"2026-02-08T07:56:02","modified_gmt":"2026-02-08T10:56:02","slug":"projecao-do-pib-e","status":"publish","type":"post","link":"https:\/\/startrico.com.br\/noticias\/projecao-do-pib-e\/","title":{"rendered":"Proje\u00e7\u00e3o Do PIB E IPCA Com Crescimento Est\u00e1vel E Infla\u00e7\u00e3o Controlada"},"content":{"rendered":"<h2>Fazenda revisa proje\u00e7\u00e3o do PIB para 2,3% e IPCA para 3,6% em 2026<\/h2>\n<p>O Minist\u00e9rio da Fazenda atualizou suas estimativas no documento &#8220;Balan\u00e7o Macrofiscal de 2025 e Perspectivas para 2026&#8221;, reduzindo a previs\u00e3o de crescimento do Produto Interno Bruto (PIB) para 2,3% no ano de 2026. A proje\u00e7\u00e3o anterior era de 2,4%, por\u00e9m foi ajustada devido \u00e0 expectativa de uma desacelera\u00e7\u00e3o mais intensa da atividade econ\u00f4mica no segundo semestre de 2025.<\/p>\n<h3>Desempenho setorial previsto para 2026<\/h3>\n<p>Na an\u00e1lise por segmentos, o setor agropecu\u00e1rio deve apresentar crescimento modesto de 0,5%, influenciado por uma menor produ\u00e7\u00e3o de milho e arroz, al\u00e9m de uma retra\u00e7\u00e3o no abate de bovinos, apesar das expectativas positivas para soja, caf\u00e9 e cana-de-a\u00e7\u00facar. J\u00e1 a ind\u00fastria deve avan\u00e7ar 2,3%, impulsionada pela recupera\u00e7\u00e3o da constru\u00e7\u00e3o civil e da ind\u00fastria de transforma\u00e7\u00e3o, beneficiadas por iniciativas como o programa Move Brasil e o Reforma Casa Brasil.<\/p>\n<p>O setor de servi\u00e7os lidera as expectativas de expans\u00e3o com alta estimada em 2,4%, sustentada por fatores como o pagamento de precat\u00f3rios, altera\u00e7\u00f5es no imposto de renda, crescimento do cr\u00e9dito e aumento da renda real.<\/p>\n<h3>Proje\u00e7\u00f5es sobre a demanda e infla\u00e7\u00e3o<\/h3>\n<p>Quanto \u00e0 demanda interna, prev\u00ea-se que a absor\u00e7\u00e3o dom\u00e9stica tenha maior impacto no crescimento, enquanto o setor externo deve exercer influ\u00eancia negativa. O consumo das fam\u00edlias deve crescer por conta do aumento da renda dispon\u00edvel, especialmente entre as faixas de menor renda. Os investimentos avan\u00e7ar\u00e3o de maneira moderada, com acelera\u00e7\u00e3o prevista para o segundo semestre, conforme a redu\u00e7\u00e3o gradual das taxas de juros.<\/p>\n<p>Para o \u00cdndice Nacional de Pre\u00e7os ao Consumidor Amplo (IPCA), a previs\u00e3o de infla\u00e7\u00e3o para 2026 est\u00e1 fixada em 3,6%, uma queda em rela\u00e7\u00e3o aos 4,3% estimados para 2025. Essa redu\u00e7\u00e3o na infla\u00e7\u00e3o ser\u00e1 impulsionada pela queda dos pre\u00e7os dos bens industriais, energia e combust\u00edveis, al\u00e9m de refletir os efeitos da pol\u00edtica monet\u00e1ria restritiva vigente. Em contrapartida, os pre\u00e7os dos alimentos dever\u00e3o acelerar, pressionados por eventos clim\u00e1ticos e menor oferta de carne bovina.<\/p>\n<h2>Consolida\u00e7\u00e3o fiscal mantida com meta de super\u00e1vit em 2026<\/h2>\n<p>No relat\u00f3rio divulgado, o governo enfatiza a continuidade em 2025 do processo de ajuste fiscal iniciado no ano anterior, com o objetivo de estabilizar o crescimento da d\u00edvida p\u00fablica.<\/p>\n<p>A Lei de Diretrizes Or\u00e7ament\u00e1rias (LDO) de 2025 estabeleceu uma meta de d\u00e9ficit prim\u00e1rio zero, permitindo uma toler\u00e2ncia de at\u00e9 R$ 30,97 bilh\u00f5es. Contudo, o resultado prim\u00e1rio final apresentou d\u00e9ficit de R$ 13 bilh\u00f5es, equivalente a -0,10% do PIB, ap\u00f3s compensa\u00e7\u00f5es legais.<\/p>\n<p>Esse resultado incorpora a dedu\u00e7\u00e3o de despesas extraordin\u00e1rias, incluindo o pagamento de precat\u00f3rios que totalizou R$ 48,6 bilh\u00f5es, decis\u00f5es judiciais relacionadas a benef\u00edcios previdenci\u00e1rios e gastos tempor\u00e1rios em educa\u00e7\u00e3o e defesa. Se consideradas as despesas acima da linha, o d\u00e9ficit atingiria R$ 61,69 bilh\u00f5es.<\/p>\n<p>Para 2026, o governo projeta um super\u00e1vit prim\u00e1rio de 0,25% do PIB, cerca de R$ 34,5 bilh\u00f5es ap\u00f3s ajustes, representando a primeira meta fiscal positiva dentro do novo arcabou\u00e7o fiscal. Mesmo com o pagamento adicional de R$ 57,8 bilh\u00f5es em precat\u00f3rios, a equipe econ\u00f4mica estima ser poss\u00edvel cumprir o objetivo estabelecido na LDO para o ano.<\/p>\n<p>Para 2027, a previs\u00e3o \u00e9 ainda mais ambiciosa, mirando um super\u00e1vit prim\u00e1rio de 0,50% do PIB, alinhado ao plano de consolida\u00e7\u00e3o fiscal do Minist\u00e9rio da Fazenda.<\/p>\n<p><a href=\"https:\/\/exame.com\/economia\/fazenda-projeta-pib-de-23-e-ipca-de-36-em-2026\/\" target=\"_blank\" rel=\"noopener\">Fonte<\/a><\/p>\n","protected":false},"excerpt":{"rendered":"<p>Proje\u00e7\u00e3o do PIB e IPCA indicam crescimento moderado do PIB e infla\u00e7\u00e3o controlada, com ajustes fiscais e impacto setorial para o cen\u00e1rio econ\u00f4mico futuro.<\/p>\n","protected":false},"author":1,"featured_media":3864,"comment_status":"open","ping_status":"open","sticky":false,"template":"","format":"standard","meta":{"site-sidebar-layout":"default","site-content-layout":"","ast-site-content-layout":"default","site-content-style":"default","site-sidebar-style":"default","ast-global-header-display":"","ast-banner-title-visibility":"","ast-main-header-display":"","ast-hfb-above-header-display":"","ast-hfb-below-header-display":"","ast-hfb-mobile-header-display":"","site-post-title":"","ast-breadcrumbs-content":"","ast-featured-img":"","footer-sml-layout":"","theme-transparent-header-meta":"","adv-header-id-meta":"","stick-header-meta":"","header-above-stick-meta":"","header-main-stick-meta":"","header-below-stick-meta":"","astra-migrate-meta-layouts":"default","ast-page-background-enabled":"default","ast-page-background-meta":{"desktop":{"background-color":"var(--ast-global-color-5)","background-image":"","background-repeat":"repeat","background-position":"center center","background-size":"auto","background-attachment":"scroll","background-type":"","background-media":"","overlay-type":"","overlay-color":"","overlay-opacity":"","overlay-gradient":""},"tablet":{"background-color":"","background-image":"","background-repeat":"repeat","background-position":"center center","background-size":"auto","background-attachment":"scroll","background-type":"","background-media":"","overlay-type":"","overlay-color":"","overlay-opacity":"","overlay-gradient":""},"mobile":{"background-color":"","background-image":"","background-repeat":"repeat","background-position":"center center","background-size":"auto","background-attachment":"scroll","background-type":"","background-media":"","overlay-type":"","overlay-color":"","overlay-opacity":"","overlay-gradient":""}},"ast-content-background-meta":{"desktop":{"background-color":"var(--ast-global-color-4)","background-image":"","background-repeat":"repeat","background-position":"center center","background-size":"auto","background-attachment":"scroll","background-type":"","background-media":"","overlay-type":"","overlay-color":"","overlay-opacity":"","overlay-gradient":""},"tablet":{"background-color":"var(--ast-global-color-4)","background-image":"","background-repeat":"repeat","background-position":"center center","background-size":"auto","background-attachment":"scroll","background-type":"","background-media":"","overlay-type":"","overlay-color":"","overlay-opacity":"","overlay-gradient":""},"mobile":{"background-color":"var(--ast-global-color-4)","background-image":"","background-repeat":"repeat","background-position":"center center","background-size":"auto","background-attachment":"scroll","background-type":"","background-media":"","overlay-type":"","overlay-color":"","overlay-opacity":"","overlay-gradient":""}},"footnotes":""},"categories":[1],"tags":[],"class_list":["post-3865","post","type-post","status-publish","format-standard","has-post-thumbnail","hentry","category-ultimas"],"_links":{"self":[{"href":"https:\/\/startrico.com.br\/noticias\/wp-json\/wp\/v2\/posts\/3865","targetHints":{"allow":["GET"]}}],"collection":[{"href":"https:\/\/startrico.com.br\/noticias\/wp-json\/wp\/v2\/posts"}],"about":[{"href":"https:\/\/startrico.com.br\/noticias\/wp-json\/wp\/v2\/types\/post"}],"author":[{"embeddable":true,"href":"https:\/\/startrico.com.br\/noticias\/wp-json\/wp\/v2\/users\/1"}],"replies":[{"embeddable":true,"href":"https:\/\/startrico.com.br\/noticias\/wp-json\/wp\/v2\/comments?post=3865"}],"version-history":[{"count":0,"href":"https:\/\/startrico.com.br\/noticias\/wp-json\/wp\/v2\/posts\/3865\/revisions"}],"wp:featuredmedia":[{"embeddable":true,"href":"https:\/\/startrico.com.br\/noticias\/wp-json\/wp\/v2\/media\/3864"}],"wp:attachment":[{"href":"https:\/\/startrico.com.br\/noticias\/wp-json\/wp\/v2\/media?parent=3865"}],"wp:term":[{"taxonomy":"category","embeddable":true,"href":"https:\/\/startrico.com.br\/noticias\/wp-json\/wp\/v2\/categories?post=3865"},{"taxonomy":"post_tag","embeddable":true,"href":"https:\/\/startrico.com.br\/noticias\/wp-json\/wp\/v2\/tags?post=3865"}],"curies":[{"name":"wp","href":"https:\/\/api.w.org\/{rel}","templated":true}]}}