{"id":3867,"date":"2026-02-08T08:00:48","date_gmt":"2026-02-08T11:00:48","guid":{"rendered":"https:\/\/startrico.com.br\/noticias\/gpa-nomeia-novo-cfo-2\/"},"modified":"2026-02-08T08:00:48","modified_gmt":"2026-02-08T11:00:48","slug":"gpa-nomeia-novo-cfo-2","status":"publish","type":"post","link":"https:\/\/startrico.com.br\/noticias\/gpa-nomeia-novo-cfo-2\/","title":{"rendered":"GPA Nomeia Novo CFO Com Foco Em Efici\u00eancia Financeira"},"content":{"rendered":"<h2>GPA nomeia novo CFO e refor\u00e7a foco em efici\u00eancia e desalavancagem<\/h2>\n<p>O GPA (c\u00f3digo PCAR3) anunciou a contrata\u00e7\u00e3o de Pedro Vieira Lima de Albuquerque como seu novo vice-presidente executivo financeiro. A indica\u00e7\u00e3o foi aprovada pelo conselho no dia 4 de fevereiro de 2026, com posse marcada para 1\u00ba de mar\u00e7o do mesmo ano. Essa mudan\u00e7a acontece em um momento em que a empresa est\u00e1 intensificando suas a\u00e7\u00f5es em efici\u00eancia operacional, disciplina na aloca\u00e7\u00e3o de capital e reestrutura\u00e7\u00e3o de seu portf\u00f3lio, demonstrando compromisso com uma governan\u00e7a eficaz e maior transpar\u00eancia perante o mercado de capitais.<\/p>\n<p>Esta nomea\u00e7\u00e3o \u00e9 estrat\u00e9gica para o GPA, que pretende consolidar ganhos em produtividade, aperfei\u00e7oar suas margens e acelerar o processo de desalavancagem diante da forte concorr\u00eancia no segmento varejista. A escolha de um executivo com vasta experi\u00eancia internacional refor\u00e7a a continuidade das iniciativas voltadas para a transforma\u00e7\u00e3o e otimiza\u00e7\u00e3o de custos.<\/p>\n<p>Pedro Albuquerque possui uma carreira consolidada de mais de dez anos na Kraft Heinz, onde ocupou cargos de destaque como CFO para a regi\u00e3o da \u00c1sia e Pac\u00edfico, presidente da opera\u00e7\u00e3o no Sudeste Asi\u00e1tico e CFO da Am\u00e9rica do Norte. Sua expertise inclui lideran\u00e7a em planejamento global, integra\u00e7\u00e3o de opera\u00e7\u00f5es e transforma\u00e7\u00e3o financeira, sempre com foco na efici\u00eancia do capital e gest\u00e3o eficiente do caixa.<\/p>\n<p>Al\u00e9m disso, entre 2009 e 2014, Albuquerque atuou na Am\u00e9rica Latina Log\u00edstica (atual Rumo Log\u00edstica), supervisionando \u00e1reas como tesouraria, planejamento financeiro, desenvolvimento de novos neg\u00f3cios e relacionamento com investidores. Sua experi\u00eancia tamb\u00e9m inclui participa\u00e7\u00e3o em conselhos de subsidi\u00e1rias e atua\u00e7\u00e3o como conselheiro na Lucta Flavors and Fragrances, ampliando seu conhecimento em governan\u00e7a corporativa e estrat\u00e9gias empresariais.<\/p>\n<p>O mandato dos diretores estatut\u00e1rios no GPA tem dura\u00e7\u00e3o integrada de dois anos, alinhado ao diretor-presidente que assumiu em 5 de janeiro de 2026. Esse per\u00edodo se estende at\u00e9 a posse de seus substitutos, garantindo continuidade e estabilidade na execu\u00e7\u00e3o dos planos estrat\u00e9gicos da companhia.<\/p>\n<p>Com a chegada do novo CFO, o GPA refor\u00e7a sua agenda voltada \u00e0 disciplina financeira, com \u00eanfase na aloca\u00e7\u00e3o eficiente dos recursos, fortalecimento da liquidez e melhoria do ciclo de caixa. A empresa espera avan\u00e7ar em projetos de simplifica\u00e7\u00e3o operacional e maximiza\u00e7\u00e3o das sinergias internas, aspectos fundamentais para assegurar um crescimento rent\u00e1vel no segmento de varejo alimentar.<\/p>\n<p>Diante dos desafios atuais do setor, a contrata\u00e7\u00e3o de Pedro Albuquerque representa uma aposta em uma lideran\u00e7a t\u00e9cnica qualificada com vis\u00e3o global, capaz de acelerar a implanta\u00e7\u00e3o da estrat\u00e9gia e aumentar a competitividade do GPA no m\u00e9dio prazo.<\/p>\n<p><a href=\"https:\/\/www.statusinvest.com.br\/noticias\/gpa-nomeia-pedro-albuquerque-cfo\/\" target=\"_blank\" rel=\"noopener\">Fonte<\/a><\/p>\n","protected":false},"excerpt":{"rendered":"<p>Efici\u00eancia financeira marca a nomea\u00e7\u00e3o do novo CFO do GPA, que busca aprimorar opera\u00e7\u00f5es e desalavancar o neg\u00f3cio com gest\u00e3o eficaz.<\/p>\n","protected":false},"author":1,"featured_media":3866,"comment_status":"open","ping_status":"open","sticky":false,"template":"","format":"standard","meta":{"site-sidebar-layout":"default","site-content-layout":"","ast-site-content-layout":"default","site-content-style":"default","site-sidebar-style":"default","ast-global-header-display":"","ast-banner-title-visibility":"","ast-main-header-display":"","ast-hfb-above-header-display":"","ast-hfb-below-header-display":"","ast-hfb-mobile-header-display":"","site-post-title":"","ast-breadcrumbs-content":"","ast-featured-img":"","footer-sml-layout":"","theme-transparent-header-meta":"","adv-header-id-meta":"","stick-header-meta":"","header-above-stick-meta":"","header-main-stick-meta":"","header-below-stick-meta":"","astra-migrate-meta-layouts":"default","ast-page-background-enabled":"default","ast-page-background-meta":{"desktop":{"background-color":"var(--ast-global-color-5)","background-image":"","background-repeat":"repeat","background-position":"center center","background-size":"auto","background-attachment":"scroll","background-type":"","background-media":"","overlay-type":"","overlay-color":"","overlay-opacity":"","overlay-gradient":""},"tablet":{"background-color":"","background-image":"","background-repeat":"repeat","background-position":"center center","background-size":"auto","background-attachment":"scroll","background-type":"","background-media":"","overlay-type":"","overlay-color":"","overlay-opacity":"","overlay-gradient":""},"mobile":{"background-color":"","background-image":"","background-repeat":"repeat","background-position":"center center","background-size":"auto","background-attachment":"scroll","background-type":"","background-media":"","overlay-type":"","overlay-color":"","overlay-opacity":"","overlay-gradient":""}},"ast-content-background-meta":{"desktop":{"background-color":"var(--ast-global-color-4)","background-image":"","background-repeat":"repeat","background-position":"center center","background-size":"auto","background-attachment":"scroll","background-type":"","background-media":"","overlay-type":"","overlay-color":"","overlay-opacity":"","overlay-gradient":""},"tablet":{"background-color":"var(--ast-global-color-4)","background-image":"","background-repeat":"repeat","background-position":"center center","background-size":"auto","background-attachment":"scroll","background-type":"","background-media":"","overlay-type":"","overlay-color":"","overlay-opacity":"","overlay-gradient":""},"mobile":{"background-color":"var(--ast-global-color-4)","background-image":"","background-repeat":"repeat","background-position":"center center","background-size":"auto","background-attachment":"scroll","background-type":"","background-media":"","overlay-type":"","overlay-color":"","overlay-opacity":"","overlay-gradient":""}},"footnotes":""},"categories":[1],"tags":[],"class_list":["post-3867","post","type-post","status-publish","format-standard","has-post-thumbnail","hentry","category-ultimas"],"_links":{"self":[{"href":"https:\/\/startrico.com.br\/noticias\/wp-json\/wp\/v2\/posts\/3867","targetHints":{"allow":["GET"]}}],"collection":[{"href":"https:\/\/startrico.com.br\/noticias\/wp-json\/wp\/v2\/posts"}],"about":[{"href":"https:\/\/startrico.com.br\/noticias\/wp-json\/wp\/v2\/types\/post"}],"author":[{"embeddable":true,"href":"https:\/\/startrico.com.br\/noticias\/wp-json\/wp\/v2\/users\/1"}],"replies":[{"embeddable":true,"href":"https:\/\/startrico.com.br\/noticias\/wp-json\/wp\/v2\/comments?post=3867"}],"version-history":[{"count":0,"href":"https:\/\/startrico.com.br\/noticias\/wp-json\/wp\/v2\/posts\/3867\/revisions"}],"wp:featuredmedia":[{"embeddable":true,"href":"https:\/\/startrico.com.br\/noticias\/wp-json\/wp\/v2\/media\/3866"}],"wp:attachment":[{"href":"https:\/\/startrico.com.br\/noticias\/wp-json\/wp\/v2\/media?parent=3867"}],"wp:term":[{"taxonomy":"category","embeddable":true,"href":"https:\/\/startrico.com.br\/noticias\/wp-json\/wp\/v2\/categories?post=3867"},{"taxonomy":"post_tag","embeddable":true,"href":"https:\/\/startrico.com.br\/noticias\/wp-json\/wp\/v2\/tags?post=3867"}],"curies":[{"name":"wp","href":"https:\/\/api.w.org\/{rel}","templated":true}]}}