{"id":3887,"date":"2026-02-09T07:56:03","date_gmt":"2026-02-09T10:56:03","guid":{"rendered":"https:\/\/startrico.com.br\/noticias\/3887-2\/"},"modified":"2026-02-09T07:56:03","modified_gmt":"2026-02-09T10:56:03","slug":"3887-2","status":"publish","type":"post","link":"https:\/\/startrico.com.br\/noticias\/3887-2\/","title":{"rendered":""},"content":{"rendered":"<h2>Ap\u00f3s ata, expectativa de corte de 0,5 ponto na Selic em mar\u00e7o se intensifica<\/h2>\n<p>Ap\u00f3s a divulga\u00e7\u00e3o da ata do Comit\u00ea de Pol\u00edtica Monet\u00e1ria (Copom), cresceu a probabilidade no mercado de uma redu\u00e7\u00e3o de 0,50 ponto percentual na taxa Selic j\u00e1 na reuni\u00e3o de mar\u00e7o, superando a expectativa predominante at\u00e9 o fim de janeiro, que era de um corte mais t\u00edmido, de 0,25 ponto percentual.<\/p>\n<p>Conforme dados dos contratos de Op\u00e7\u00f5es de Copom negociados na B3, que refletem as perspectivas dos investidores para a pr\u00f3xima decis\u00e3o do Banco Central, 64% dos contratos indicam uma queda de meio ponto percentual, enquanto somente 24% apostam numa diminui\u00e7\u00e3o menor, de 0,25 ponto percentual.<\/p>\n<p>Essa nova percep\u00e7\u00e3o ganhou for\u00e7a logo ap\u00f3s o Banco Central anunciar a manuten\u00e7\u00e3o da Selic em 15%, seu maior patamar em duas d\u00e9cadas, e se consolidou com a publica\u00e7\u00e3o da ata, que foi interpretada como mais direta e firme ao apontar o in\u00edcio iminente do ciclo de redu\u00e7\u00e3o da taxa b\u00e1sica de juros.<\/p>\n<p>O mercado interpreta que o Banco Central pode iniciar a s\u00e9rie de cortes com uma medida mais robusta para estimular a economia, diferentemente da postura mais cautelosa inicialmente esperada, que previa a redu\u00e7\u00e3o em apenas um quarto de ponto percentual.<\/p>\n<p>Segundo o economista-chefe do banco Daycoval, Rafael Cardoso, a resposta dos investidores est\u00e1 diretamente ligada \u00e0 clareza do comunicado do Copom. Ele relata que o Banco Central utilizou uma forma de comunica\u00e7\u00e3o conhecida como \u201cforward guidance\u201d, sugerindo um tom mais flex\u00edvel, o que justifica a maior probabilidade de um corte mais acentuado.<\/p>\n<p>Apesar disso, a ata ressalta que ainda s\u00e3o necess\u00e1rias mais informa\u00e7\u00f5es para confirmar a desacelera\u00e7\u00e3o do crescimento econ\u00f4mico, que ainda \u00e9 sustentado por um mercado de trabalho aquecido. Cardoso aponta ainda que fatores como infla\u00e7\u00e3o corrente menor do que o esperado e o c\u00e2mbio mais valorizado refor\u00e7am as chances de um corte de 0,50 ponto percentual, embora seu cen\u00e1rio principal ainda seja uma redu\u00e7\u00e3o de 0,25 ponto percentual.<\/p>\n<p>Na mesma linha, o economista-chefe da MB Associados, Sergio Vale, afirma haver espa\u00e7o para uma flexibiliza\u00e7\u00e3o maior da pol\u00edtica monet\u00e1ria. Ele observa que o mercado entende que o Banco Central adotou recentemente uma postura mais rigorosa do que o necess\u00e1rio, e que, dado o atraso no in\u00edcio dos cortes, a decis\u00e3o por um ajuste maior se mostra compat\u00edvel com o comportamento recente do Copom.<\/p>\n<p>No entanto, mesmo com a mudan\u00e7a nas expectativas do mercado, a maioria dos economistas consultados ainda trabalha com a hip\u00f3tese de um corte de apenas 0,25 ponto percentual na reuni\u00e3o de mar\u00e7o. Essa vis\u00e3o considera a orienta\u00e7\u00e3o do Banco Central de conduzir o ciclo de diminui\u00e7\u00e3o dos juros de maneira gradual e serena, buscando assegurar que a infla\u00e7\u00e3o se mantenha pr\u00f3xima da meta estabelecida.<\/p>\n<p>O Banco Central refor\u00e7ou que o ritmo de redu\u00e7\u00e3o da taxa Selic em 2026 n\u00e3o dever\u00e1 ser acelerado de forma significativa. As proje\u00e7\u00f5es do Boletim Focus indicam que a Selic dever\u00e1 encerrar o ano na faixa de 12% ao ano.<\/p>\n<p>Acompanhe as not\u00edcias sobre Banco Central, Selic e Juros para entender os pr\u00f3ximos passos da pol\u00edtica monet\u00e1ria brasileira.<\/p>\n<p><a href=\"https:\/\/exame.com\/economia\/apos-ata-aposta-por-corte-de-05-ponto-na-selic-em-marco-ganha-forca\/\" target=\"_blank\" rel=\"noopener\">Fonte<\/a><\/p>\n","protected":false},"excerpt":{"rendered":"<p>Ap\u00f3s ata, expectativa de corte de 0,5 ponto na Selic em mar\u00e7o se intensifica Ap\u00f3s a divulga\u00e7\u00e3o da ata do [&hellip;]<\/p>\n","protected":false},"author":1,"featured_media":3886,"comment_status":"open","ping_status":"open","sticky":false,"template":"","format":"standard","meta":{"site-sidebar-layout":"default","site-content-layout":"","ast-site-content-layout":"default","site-content-style":"default","site-sidebar-style":"default","ast-global-header-display":"","ast-banner-title-visibility":"","ast-main-header-display":"","ast-hfb-above-header-display":"","ast-hfb-below-header-display":"","ast-hfb-mobile-header-display":"","site-post-title":"","ast-breadcrumbs-content":"","ast-featured-img":"","footer-sml-layout":"","theme-transparent-header-meta":"","adv-header-id-meta":"","stick-header-meta":"","header-above-stick-meta":"","header-main-stick-meta":"","header-below-stick-meta":"","astra-migrate-meta-layouts":"default","ast-page-background-enabled":"default","ast-page-background-meta":{"desktop":{"background-color":"var(--ast-global-color-5)","background-image":"","background-repeat":"repeat","background-position":"center center","background-size":"auto","background-attachment":"scroll","background-type":"","background-media":"","overlay-type":"","overlay-color":"","overlay-opacity":"","overlay-gradient":""},"tablet":{"background-color":"","background-image":"","background-repeat":"repeat","background-position":"center center","background-size":"auto","background-attachment":"scroll","background-type":"","background-media":"","overlay-type":"","overlay-color":"","overlay-opacity":"","overlay-gradient":""},"mobile":{"background-color":"","background-image":"","background-repeat":"repeat","background-position":"center center","background-size":"auto","background-attachment":"scroll","background-type":"","background-media":"","overlay-type":"","overlay-color":"","overlay-opacity":"","overlay-gradient":""}},"ast-content-background-meta":{"desktop":{"background-color":"var(--ast-global-color-4)","background-image":"","background-repeat":"repeat","background-position":"center center","background-size":"auto","background-attachment":"scroll","background-type":"","background-media":"","overlay-type":"","overlay-color":"","overlay-opacity":"","overlay-gradient":""},"tablet":{"background-color":"var(--ast-global-color-4)","background-image":"","background-repeat":"repeat","background-position":"center center","background-size":"auto","background-attachment":"scroll","background-type":"","background-media":"","overlay-type":"","overlay-color":"","overlay-opacity":"","overlay-gradient":""},"mobile":{"background-color":"var(--ast-global-color-4)","background-image":"","background-repeat":"repeat","background-position":"center center","background-size":"auto","background-attachment":"scroll","background-type":"","background-media":"","overlay-type":"","overlay-color":"","overlay-opacity":"","overlay-gradient":""}},"footnotes":""},"categories":[1],"tags":[],"class_list":["post-3887","post","type-post","status-publish","format-standard","has-post-thumbnail","hentry","category-ultimas"],"_links":{"self":[{"href":"https:\/\/startrico.com.br\/noticias\/wp-json\/wp\/v2\/posts\/3887","targetHints":{"allow":["GET"]}}],"collection":[{"href":"https:\/\/startrico.com.br\/noticias\/wp-json\/wp\/v2\/posts"}],"about":[{"href":"https:\/\/startrico.com.br\/noticias\/wp-json\/wp\/v2\/types\/post"}],"author":[{"embeddable":true,"href":"https:\/\/startrico.com.br\/noticias\/wp-json\/wp\/v2\/users\/1"}],"replies":[{"embeddable":true,"href":"https:\/\/startrico.com.br\/noticias\/wp-json\/wp\/v2\/comments?post=3887"}],"version-history":[{"count":0,"href":"https:\/\/startrico.com.br\/noticias\/wp-json\/wp\/v2\/posts\/3887\/revisions"}],"wp:featuredmedia":[{"embeddable":true,"href":"https:\/\/startrico.com.br\/noticias\/wp-json\/wp\/v2\/media\/3886"}],"wp:attachment":[{"href":"https:\/\/startrico.com.br\/noticias\/wp-json\/wp\/v2\/media?parent=3887"}],"wp:term":[{"taxonomy":"category","embeddable":true,"href":"https:\/\/startrico.com.br\/noticias\/wp-json\/wp\/v2\/categories?post=3887"},{"taxonomy":"post_tag","embeddable":true,"href":"https:\/\/startrico.com.br\/noticias\/wp-json\/wp\/v2\/tags?post=3887"}],"curies":[{"name":"wp","href":"https:\/\/api.w.org\/{rel}","templated":true}]}}